{"id":89142,"date":"2025-01-08T14:49:57","date_gmt":"2025-01-08T14:49:57","guid":{"rendered":"https:\/\/tvbrazilusa.com\/2025\/01\/08\/jornal-e-alvo-de-piadas-por-manchete-sobre-verificadores-de-fatos-da-meta\/"},"modified":"2025-01-08T14:49:58","modified_gmt":"2025-01-08T14:49:58","slug":"jornal-e-alvo-de-piadas-por-manchete-sobre-verificadores-de-fatos-da-meta","status":"publish","type":"post","link":"https:\/\/tvbrazilusa.com\/pt\/2025\/01\/08\/jornal-e-alvo-de-piadas-por-manchete-sobre-verificadores-de-fatos-da-meta\/","title":{"rendered":"Jornal \u00e9 alvo de piadas por manchete sobre verificadores de fatos da Meta."},"content":{"rendered":"<p> <script async src=\"https:\/\/pagead2.googlesyndication.com\/pagead\/js\/adsbygoogle.js?client=ca-pub-8864793242727901\"\r\n     crossorigin=\"anonymous\"><\/script><br \/>\n<\/p>\n<div id=\"taboola-read-more\" style=\"display:block; width:100%\">\n<p>A manchete do jornal The New York Times, \u201cMeta diz que verificadores de fatos eram o problema. Verificadores de fatos determinam que isso \u00e9 falso\u201d, virou alvo de intensas cr\u00edticas e piadas nas redes sociais nesta ter\u00e7a-feira, 7.\n<\/p>\n<p>O artigo, assinado por Stuart A. Thompson, detalha a decis\u00e3o da Meta, anunciada por Mark Zuckerberg, de encerrar a parceria com ag\u00eancias terceirizadas de verifica\u00e7\u00e3o de fatos, reconhecendo o vi\u00e9s pol\u00edtico e culpando estas empresas de abalar a confian\u00e7a dos usu\u00e1rios na plataforma.<\/p>\n<p>A manchete do jornal The New York Times, \u201cMeta diz que verificadores de fatos eram o problema. Verificadores de fatos determinam que isso \u00e9 falso\u201d, virou alvo de intensas cr\u00edticas e piadas nas redes sociais nesta ter\u00e7a-feira, 7.\n<\/p>\n<p>O artigo, assinado por Stuart A. Thompson, detalha a decis\u00e3o da Meta, anunciada por Mark Zuckerberg, de encerrar a parceria com ag\u00eancias terceirizadas de verifica\u00e7\u00e3o de fatos, reconhecendo o vi\u00e9s pol\u00edtico e culpando estas empresas de abalar a confian\u00e7a dos usu\u00e1rios na plataforma.\n<\/p>\n<p>Zuckerberg, em declara\u00e7\u00e3o p\u00fablica, afirmou que os verificadores \u201cdestru\u00edram mais confian\u00e7a do que criaram\u201d. Em resposta, representantes de institui\u00e7\u00f5es como o PolitiFact e o FactCheck.org negaram as acusa\u00e7\u00f5es e argumentaram que n\u00e3o tinham poder sobre as decis\u00f5es da Meta de moderar ou remover conte\u00fados. \u201cNunca tivemos a capacidade de retirar conte\u00fado. Isso era decis\u00e3o exclusiva da Meta\u201d, escreveu Lori Robertson, da FactCheck.org.\n<\/p>\n<p>No entanto, foi a pr\u00f3pria manchete do jornal que capturou as aten\u00e7\u00f5es. Usu\u00e1rios nas redes sociais ironizaram a situa\u00e7\u00e3o. \u201cComo criar s\u00e1tira quando o The New York Times publica algo assim?\u201d, comentou Laura Powell, advogada de direitos civis. Robby Soave, editor da revista Reason, destacou que o caso exp\u00f5e, \u201ctalvez por acidente\u201d, os problemas do setor de verifica\u00e7\u00e3o de fatos.\n<\/p>\n<p>A mudan\u00e7a de estrat\u00e9gia da Meta, que substituir\u00e1 os verificadores terceirizados pelo programa Notas da Comunidade, tamb\u00e9m gerou debates. O novo sistema permitir\u00e1 que usu\u00e1rios das plataformas participem diretamente na contextualiza\u00e7\u00e3o de publica\u00e7\u00f5es, inspirado no modelo utilizado pela rede social X (antigo Twitter). Especialistas apontam que a proposta tem potencial, mas alertam para desafios na garantia de imparcialidade.\n<\/p>\n<p>A s\u00e1tira, no entanto, ofuscou o debate sobre a nova pol\u00edtica da Meta. Comentaristas como Chris Rufo e Mollie Hemingway criticaram o tom da reportagem do The New York Times. \u201c\u00c9 um t\u00edtulo que vai al\u00e9m da par\u00f3dia\u201d, escreveu Hemingway. Ana Bozovic destacou: \u201cMeta diz que verificadores eram o problema. Verificadores dizem que n\u00e3o. E o NYT publica isso.\u201d\n<\/p>\n<p>A posi\u00e7\u00e3o da Meta<br \/>Joel Kaplan, respons\u00e1vel pela \u00e1rea de Assuntos Globais da Meta, explicou que a decis\u00e3o reflete a tentativa de reverter excessos e restaurar o compromisso com a liberdade de express\u00e3o, princ\u00edpio fundante das plataformas. Em declara\u00e7\u00e3o oficial, Kaplan admitiu que o atual sistema de modera\u00e7\u00e3o foi longe demais, resultando em censura indevida e frustrando usu\u00e1rios.\n<\/p>\n<p>O programa Notas da Comunidade, que ser\u00e1 implementado inicialmente nos Estados Unidos, visa oferecer mais contexto sobre postagens com a colabora\u00e7\u00e3o de usu\u00e1rios. A Meta afirmou que remover\u00e1 r\u00f3tulos invasivos e permitir\u00e1 que informa\u00e7\u00f5es complementares sejam acessadas de maneira menos intrusiva. Al\u00e9m disso, a empresa planeja reduzir o uso de sistemas autom\u00e1ticos em quest\u00f5es sens\u00edveis, privilegiando a revis\u00e3o manual em casos de menor gravidade.\n<\/p>\n<p>As mudan\u00e7as incluem ainda maior transpar\u00eancia nos erros cometidos pela modera\u00e7\u00e3o e ajustes nas regras para permitir debates leg\u00edtimos sobre temas como imigra\u00e7\u00e3o e identidade de g\u00eanero. \u201cQueremos corrigir os erros do passado e reafirmar nosso compromisso com o direito \u00e0 liberdade de express\u00e3o\u201d, afirmou Kaplan.<\/p>\n<p>Fonte: O antagonista              <\/p>\n<\/div>\n<p><br \/>\n<br \/><a href=\"https:\/\/diariodobrasilnoticias.com.br\/noticia\/jornal-e-alvo-de-piadas-por-manchete-sobre-verificadores-de-fatos-da-meta-677e6f87c88c4\">Source link <\/a><\/p>","protected":false},"excerpt":{"rendered":"<p>A manchete do jornal The New York Times, \u201cMeta diz que verificadores de fatos eram o problema. Verificadores de fatos determinam que isso \u00e9 falso\u201d, virou alvo de intensas cr\u00edticas&hellip;<\/p>","protected":false},"author":1,"featured_media":89143,"comment_status":"closed","ping_status":"open","sticky":false,"template":"","format":"standard","meta":{"content-type":"","footnotes":""},"categories":[16],"tags":[123,2448,5313,1267],"class_list":["post-89142","post","type-post","status-publish","format-standard","has-post-thumbnail","hentry","category-noticias","tag-brasil","tag-diario","tag-noticia","tag-noticias"],"_links":{"self":[{"href":"https:\/\/tvbrazilusa.com\/pt\/wp-json\/wp\/v2\/posts\/89142","targetHints":{"allow":["GET"]}}],"collection":[{"href":"https:\/\/tvbrazilusa.com\/pt\/wp-json\/wp\/v2\/posts"}],"about":[{"href":"https:\/\/tvbrazilusa.com\/pt\/wp-json\/wp\/v2\/types\/post"}],"author":[{"embeddable":true,"href":"https:\/\/tvbrazilusa.com\/pt\/wp-json\/wp\/v2\/users\/1"}],"replies":[{"embeddable":true,"href":"https:\/\/tvbrazilusa.com\/pt\/wp-json\/wp\/v2\/comments?post=89142"}],"version-history":[{"count":1,"href":"https:\/\/tvbrazilusa.com\/pt\/wp-json\/wp\/v2\/posts\/89142\/revisions"}],"predecessor-version":[{"id":89144,"href":"https:\/\/tvbrazilusa.com\/pt\/wp-json\/wp\/v2\/posts\/89142\/revisions\/89144"}],"wp:featuredmedia":[{"embeddable":true,"href":"https:\/\/tvbrazilusa.com\/pt\/wp-json\/wp\/v2\/media\/89143"}],"wp:attachment":[{"href":"https:\/\/tvbrazilusa.com\/pt\/wp-json\/wp\/v2\/media?parent=89142"}],"wp:term":[{"taxonomy":"category","embeddable":true,"href":"https:\/\/tvbrazilusa.com\/pt\/wp-json\/wp\/v2\/categories?post=89142"},{"taxonomy":"post_tag","embeddable":true,"href":"https:\/\/tvbrazilusa.com\/pt\/wp-json\/wp\/v2\/tags?post=89142"}],"curies":[{"name":"wp","href":"https:\/\/api.w.org\/{rel}","templated":true}]}}