{"id":89145,"date":"2025-01-08T15:02:33","date_gmt":"2025-01-08T15:02:33","guid":{"rendered":"https:\/\/tvbrazilusa.com\/2025\/01\/08\/ceo-da-openai-e-acusado-de-abuso-sexual-pela-irma\/"},"modified":"2025-01-08T15:02:36","modified_gmt":"2025-01-08T15:02:36","slug":"ceo-da-openai-e-acusado-de-abuso-sexual-pela-irma","status":"publish","type":"post","link":"https:\/\/tvbrazilusa.com\/pt\/2025\/01\/08\/ceo-da-openai-e-acusado-de-abuso-sexual-pela-irma\/","title":{"rendered":"CEO da OpenAI \u00e9 acusado de abuso sexual pela irm\u00e3"},"content":{"rendered":"<p> <script async src=\"https:\/\/pagead2.googlesyndication.com\/pagead\/js\/adsbygoogle.js?client=ca-pub-8864793242727901\"\r\n     crossorigin=\"anonymous\"><\/script><br \/>\n<\/p>\n<div id=\"taboola-read-more\" style=\"display:block; width:100%\">\n<p>Ann Altman protocolou na 2\u00aa feira (6.jan.2025) uma a\u00e7\u00e3o na Justi\u00e7a dos Estados Unidos em que acusa o irm\u00e3o, o CEO da OpenAI, Sam Altman, de abusos sexuais durante a inf\u00e2ncia. Ela pede indeniza\u00e7\u00e3o superior a US$ 75.000.\n<\/p>\n<p>Sam divulgou na 3\u00aa feira (7.jan) uma carta no X (ex-Twitter) assinada por ele, por sua m\u00e3e e por 2 irm\u00e3os. \u201cAnnie fez declara\u00e7\u00f5es completamente falsas e prejudiciais sobre nossa fam\u00edlia, e especialmente sobre Sam\u201d, diz o texto.<\/p>\n<p>Conforme o processo (<a href=\"https:\/\/12ft.io\/proxy?q=https%3A%2F%2Fstatic.poder360.com.br%2F2025%2F01%2Fprocesso-irma-san-altman-jan2025.pdf\" target=\"_parent\">\u00edntegra<\/a>, em ingl\u00eas \u2013 PDF \u2013 221 kB), os abusos teriam come\u00e7ado quando Ann tinha 3 anos e perdurado por 9 anos, de 1997 a 2006. Os abusos ocorriam, segundo a a\u00e7\u00e3o, \u201c<em>v\u00e1rias vezes por semana<\/em>\u201d. Sam Altman teria \u201c<em>preparado e manipulado<\/em>\u201d a irm\u00e3 para \u201c<em>acreditar que os atos sexuais<\/em>\u201d foram \u201c<em>ideia dela<\/em>\u201d.<span class=\"Apple-converted-space\">\u00a0<\/span>\n<\/p>\n<p>Sam nasceu em 22 de abril de 1985. Teria, na \u00e9poca em que a irm\u00e3 diz ter come\u00e7ado a ser abusada, de 11 a 12 anos. Ele j\u00e1 era maior de idade na altura em que os abusos teriam terminado.\n<\/p>\n<p>\u201c<em>Nossa fam\u00edlia ama Annie e est\u00e1 muito preocupada com seu bem-estar. Cuidar de um membro da fam\u00edlia que enfrenta desafios de sa\u00fade mental \u00e9 incrivelmente dif\u00edcil<\/em>\u201d, l\u00ea-se na carta.\n<\/p>\n<p>\u201c<em>Ao longo dos anos, tentamos de muitas maneiras apoiar Annie e ajud\u00e1-la a encontrar estabilidade, seguindo conselhos profissionais sobre como sermos solid\u00e1rios sem permitir comportamentos prejudiciais<\/em>\u201d, diz o texto.\n<\/p>\n<p>Sam e os familiares afirmaram ter dado suporte financeiro \u2013pagando contas e oferecendo a compra de uma casa, por exemplo.<span class=\"Apple-converted-space\">\u00a0<\/span>\n<\/p>\n<p>\u201c<em>Por meio do esp\u00f3lio de nosso falecido pai, Annie recebe apoio financeiro mensal, que esperamos que continue pelo resto de sua vida. Apesar disso, Annie continua a exigir mais dinheiro de n\u00f3s\u201d<\/em>, declararam.\n<\/p>\n<p>Eles afirmaram que, ao longo dos anos, Ann fez \u201c<em>diversas acusa\u00e7\u00f5es<\/em>\u201d contra integrantes da fam\u00edlia. \u201c<em>A pior alega\u00e7\u00e3o que ela fez \u00e9 ter sido abusada sexualmente por Sam quando crian\u00e7a (ela tamb\u00e9m alegou casos de abuso sexual de outras pessoas). Suas acusa\u00e7\u00f5es evolu\u00edram drasticamente ao longo do tempo. Recentemente, para este processo, elas agora incluem incidentes em que Sam tinha mais de 18 anos<\/em>\u201d, disseram.\n<\/p>\n<p>\u201c<em>Todas essas acusa\u00e7\u00f5es s\u00e3o totalmente falsas. Esta situa\u00e7\u00e3o causa imensa dor a toda a nossa fam\u00edlia. \u00c9 especialmente doloroso quando ela recusa o tratamento convencional e ataca os integrantes da fam\u00edlia que est\u00e3o genuinamente tentando ajudar<\/em>\u201d, declararam.\n<\/p>\n<\/p>\n<p>Fonte: Poder360              <\/p>\n<\/div>\n<p><br \/>\n<br \/><a href=\"https:\/\/diariodobrasilnoticias.com.br\/noticia\/ceo-da-openai-e-acusado-de-abuso-sexual-pela-irma-677e72c3a3fd7\">Source link <\/a><\/p>","protected":false},"excerpt":{"rendered":"<p>Ann Altman protocolou na 2\u00aa feira (6.jan.2025) uma a\u00e7\u00e3o na Justi\u00e7a dos Estados Unidos em que acusa o irm\u00e3o, o CEO da OpenAI, Sam Altman, de abusos sexuais durante a&hellip;<\/p>","protected":false},"author":1,"featured_media":89146,"comment_status":"closed","ping_status":"open","sticky":false,"template":"","format":"standard","meta":{"content-type":"","footnotes":""},"categories":[16],"tags":[123,2448,5313,1267],"class_list":["post-89145","post","type-post","status-publish","format-standard","has-post-thumbnail","hentry","category-noticias","tag-brasil","tag-diario","tag-noticia","tag-noticias"],"_links":{"self":[{"href":"https:\/\/tvbrazilusa.com\/pt\/wp-json\/wp\/v2\/posts\/89145","targetHints":{"allow":["GET"]}}],"collection":[{"href":"https:\/\/tvbrazilusa.com\/pt\/wp-json\/wp\/v2\/posts"}],"about":[{"href":"https:\/\/tvbrazilusa.com\/pt\/wp-json\/wp\/v2\/types\/post"}],"author":[{"embeddable":true,"href":"https:\/\/tvbrazilusa.com\/pt\/wp-json\/wp\/v2\/users\/1"}],"replies":[{"embeddable":true,"href":"https:\/\/tvbrazilusa.com\/pt\/wp-json\/wp\/v2\/comments?post=89145"}],"version-history":[{"count":1,"href":"https:\/\/tvbrazilusa.com\/pt\/wp-json\/wp\/v2\/posts\/89145\/revisions"}],"predecessor-version":[{"id":89147,"href":"https:\/\/tvbrazilusa.com\/pt\/wp-json\/wp\/v2\/posts\/89145\/revisions\/89147"}],"wp:featuredmedia":[{"embeddable":true,"href":"https:\/\/tvbrazilusa.com\/pt\/wp-json\/wp\/v2\/media\/89146"}],"wp:attachment":[{"href":"https:\/\/tvbrazilusa.com\/pt\/wp-json\/wp\/v2\/media?parent=89145"}],"wp:term":[{"taxonomy":"category","embeddable":true,"href":"https:\/\/tvbrazilusa.com\/pt\/wp-json\/wp\/v2\/categories?post=89145"},{"taxonomy":"post_tag","embeddable":true,"href":"https:\/\/tvbrazilusa.com\/pt\/wp-json\/wp\/v2\/tags?post=89145"}],"curies":[{"name":"wp","href":"https:\/\/api.w.org\/{rel}","templated":true}]}}