{"id":89151,"date":"2025-01-08T15:20:57","date_gmt":"2025-01-08T15:20:57","guid":{"rendered":"https:\/\/tvbrazilusa.com\/2025\/01\/08\/bolsonaro-afirma-que-solicitou-a-devolucao-de-seu-passaporte-para-participar-da-posse-de-trump\/"},"modified":"2025-01-08T15:20:59","modified_gmt":"2025-01-08T15:20:59","slug":"bolsonaro-afirma-que-solicitou-a-devolucao-de-seu-passaporte-para-participar-da-posse-de-trump","status":"publish","type":"post","link":"https:\/\/tvbrazilusa.com\/pt\/2025\/01\/08\/bolsonaro-afirma-que-solicitou-a-devolucao-de-seu-passaporte-para-participar-da-posse-de-trump\/","title":{"rendered":"Bolsonaro afirma que solicitou a devolu\u00e7\u00e3o de seu passaporte para participar da posse de Trump"},"content":{"rendered":"<p> <script async src=\"https:\/\/pagead2.googlesyndication.com\/pagead\/js\/adsbygoogle.js?client=ca-pub-8864793242727901\"\r\n     crossorigin=\"anonymous\"><\/script><br \/>\n<\/p>\n<div id=\"taboola-read-more\" style=\"display:block; width:100%\">\n<p>O ex-presidente Jair Bolsonaro (PL) afirmou, nesta quarta-feira (8), que sua defesa encaminhou ao ministro Alexandre de Moraes, do Supremo Tribunal Federal (STF), um pedido para reaver seu passaporte, apreendido pela Pol\u00edcia Federal (PF) em fevereiro passado no \u00e2mbito da Opera\u00e7\u00e3o Tempus Veritatis.\n<\/p>\n<p>O objetivo de Bolsonaro \u00e9 participar da posse do presidente eleito dos Estados Unidos, Donald J. Trump.<\/p>\n<p>\u201cMuito honrado em receber do presidente dos EUA, Donald J. Trump, convite para a sua posse e de seu vice-presidente, JD Vance, no pr\u00f3ximo dia 20 de janeiro\u201d, escreveu Bolsonaro nas redes sociais.\n<\/p>\n<p>\u201cAgrade\u00e7o a meu filho, o deputado federal Eduardo Bolsonaro, pelo excelente trabalho nesta rela\u00e7\u00e3o com a fam\u00edlia do presidente Donald J. Trump. Meu advogado, Dr. Paulo Bueno, j\u00e1 encaminhou para o ministro Alexandre de Moraes pedido para eu reaver meu passaporte e assim poder atender a este honroso e importante evento hist\u00f3rico\u201c, concluiu o ex-presidente.\n<\/p>\n<p>Passaporte apreendido<br \/>Em fevereiro de 2024, Bolsonaro foi alvo da Opera\u00e7\u00e3o Tempus Veritatis, que apura a suposta tentativa de golpe de Estado no Brasil ap\u00f3s o resultado da elei\u00e7\u00e3o presidencial de 2022.\n<\/p>\n<p>Bolsonaro foi um dos alvos da opera\u00e7\u00e3o e teve o passaporte apreendido por determina\u00e7\u00e3o de Moraes.\n<\/p>\n<p>Apesar dos sucessivos pedidos feitos pela defesa de Bolsonaro para que o documento fosse devolvido ao ex-presidente, Moraes tem negado a devolu\u00e7\u00e3o, seguindo, inclusive, pareceres da Procuradoria-Geral da Rep\u00fablica (PGR).<\/p>\n<p>Fonte: CNN Brasil              <\/p>\n<\/div>\n<p><br \/>\n<br \/><a href=\"https:\/\/diariodobrasilnoticias.com.br\/noticia\/bolsonaro-afirma-que-solicitou-a-devolucao-de-seu-passaporte-para-participar-da-posse-de-trump-677e92bbc36a0\">Source link <\/a><\/p>","protected":false},"excerpt":{"rendered":"<p>O ex-presidente Jair Bolsonaro (PL) afirmou, nesta quarta-feira (8), que sua defesa encaminhou ao ministro Alexandre de Moraes, do Supremo Tribunal Federal (STF), um pedido para reaver seu passaporte, apreendido&hellip;<\/p>","protected":false},"author":1,"featured_media":89152,"comment_status":"closed","ping_status":"open","sticky":false,"template":"","format":"standard","meta":{"content-type":"","footnotes":""},"categories":[16],"tags":[123,2448,5313,1267],"class_list":["post-89151","post","type-post","status-publish","format-standard","has-post-thumbnail","hentry","category-noticias","tag-brasil","tag-diario","tag-noticia","tag-noticias"],"_links":{"self":[{"href":"https:\/\/tvbrazilusa.com\/pt\/wp-json\/wp\/v2\/posts\/89151","targetHints":{"allow":["GET"]}}],"collection":[{"href":"https:\/\/tvbrazilusa.com\/pt\/wp-json\/wp\/v2\/posts"}],"about":[{"href":"https:\/\/tvbrazilusa.com\/pt\/wp-json\/wp\/v2\/types\/post"}],"author":[{"embeddable":true,"href":"https:\/\/tvbrazilusa.com\/pt\/wp-json\/wp\/v2\/users\/1"}],"replies":[{"embeddable":true,"href":"https:\/\/tvbrazilusa.com\/pt\/wp-json\/wp\/v2\/comments?post=89151"}],"version-history":[{"count":1,"href":"https:\/\/tvbrazilusa.com\/pt\/wp-json\/wp\/v2\/posts\/89151\/revisions"}],"predecessor-version":[{"id":89153,"href":"https:\/\/tvbrazilusa.com\/pt\/wp-json\/wp\/v2\/posts\/89151\/revisions\/89153"}],"wp:featuredmedia":[{"embeddable":true,"href":"https:\/\/tvbrazilusa.com\/pt\/wp-json\/wp\/v2\/media\/89152"}],"wp:attachment":[{"href":"https:\/\/tvbrazilusa.com\/pt\/wp-json\/wp\/v2\/media?parent=89151"}],"wp:term":[{"taxonomy":"category","embeddable":true,"href":"https:\/\/tvbrazilusa.com\/pt\/wp-json\/wp\/v2\/categories?post=89151"},{"taxonomy":"post_tag","embeddable":true,"href":"https:\/\/tvbrazilusa.com\/pt\/wp-json\/wp\/v2\/tags?post=89151"}],"curies":[{"name":"wp","href":"https:\/\/api.w.org\/{rel}","templated":true}]}}