{"id":89154,"date":"2025-01-08T15:17:22","date_gmt":"2025-01-08T15:17:22","guid":{"rendered":"https:\/\/tvbrazilusa.com\/2025\/01\/08\/dia-nacional-de-luto-por-jimmy-carter-o-que-esta-aberto-e-fechado-na-florida\/"},"modified":"2025-01-08T15:28:20","modified_gmt":"2025-01-08T15:28:20","slug":"dia-nacional-de-luto-por-jimmy-carter-o-que-esta-aberto-e-fechado-na-florida","status":"publish","type":"post","link":"https:\/\/tvbrazilusa.com\/pt\/2025\/01\/08\/dia-nacional-de-luto-por-jimmy-carter-o-que-esta-aberto-e-fechado-na-florida\/","title":{"rendered":"Dia Nacional de Luto por Jimmy Carter: O que est\u00e1 aberto e fechado na Fl\u00f3rida"},"content":{"rendered":"<p> <script async src=\"https:\/\/pagead2.googlesyndication.com\/pagead\/js\/adsbygoogle.js?client=ca-pub-8864793242727901\"\r\n     crossorigin=\"anonymous\"><\/script><br \/>\n<\/p>\n<div>\n<p>FL\u00d3RIDA \u2013 A correspond\u00eancia n\u00e3o ser\u00e1 entregue na Fl\u00f3rida e outros escrit\u00f3rios federais ser\u00e3o fechados na quinta-feira, um dia nacional de luto em homenagem ao ex-presidente Jimmy Carter, que <a href=\"https:\/\/patch.com\/us\/across-america\/jimmy-carter-former-president-diplomat-humanitarian-dies\">morreu em 29 de dezembro aos 100 anos<\/a>.<\/p>\n<\/div>\n<div>\n<p>O presidente Joe Biden declarou o <a href=\"https:\/\/www.whitehouse.gov\/briefing-room\/presidential-actions\/2024\/12\/30\/executive-order-providing-for-the-closing-of-executive-departments-and-agencies-of-the-federal-government-on-january-9-2025\/\" rel=\"nofollow\" target=\"_blank\">dia nacional de luto<\/a> para Carter, o veterano da Segunda Guerra Mundial e produtor de amendoim da Ge\u00f3rgia, cujo mandato de presid\u00eancia evoluiu para uma vida p\u00f3s-Casa Branca como um distinto diplomata, humanit\u00e1rio ativo e ganhador do Pr\u00eamio Nobel. <\/p>\n<p>Biden chamou Carter de \u201cum homem de car\u00e1ter, coragem e compaix\u00e3o\u201d.<\/p>\n<\/div>\n<div>\n<p>\u201cAtrav\u00e9s da sua extraordin\u00e1ria lideran\u00e7a moral, o Presidente Carter viveu uma vida nobre, cheia de significado e prop\u00f3sito\u201d, disse Biden. \u201cE como um l\u00edder espiritual confi\u00e1vel, ele pastoreou as pessoas em per\u00edodos de dor e alegria, inspirando-as atrav\u00e9s do poder do seu exemplo e curando-as atrav\u00e9s do poder da sua orienta\u00e7\u00e3o.\u201d<\/p>\n<p>Biden far\u00e1 o elogio no funeral de estado de Carter a partir das 10h, hor\u00e1rio do leste dos EUA, na quinta-feira, na Catedral Nacional de Washington. O corpo de Carter, que estava deitado em repouso no <a href=\"https:\/\/www.jimmycarterlibrary.gov\/\" rel=\"nofollow\" target=\"_blank\">Centro Presidencial Carter<\/a> em Atlanta desde s\u00e1bado, chegou ter\u00e7a-feira a Washington para os tr\u00eas dias de ritos f\u00fanebres. Seu corpo ficar\u00e1 exposto at\u00e9 as 7h de quinta-feira na rotunda do Capit\u00f3lio dos EUA.<\/p>\n<\/div>\n<div>\n<p>Na sua proclama\u00e7\u00e3o declarando o dia de luto, Biden ordenou que \u201ctodos os departamentos executivos e ag\u00eancias do Governo Federal sejam fechados\u201d na quinta-feira, exceto aqueles necess\u00e1rios para \u201cseguran\u00e7a nacional, defesa ou outras necessidades p\u00fablicas\u201d. Os funcion\u00e1rios federais ainda ser\u00e3o pagos.<\/p>\n<p><strong><em>Aqui est\u00e1 o que estar\u00e1 aberto e fechado na Fl\u00f3rida no dia nacional de luto:<\/em><\/strong><\/p>\n<\/div>\n<div>\n<p>Embora o Servi\u00e7o Postal dos EUA suspenda a entrega de correspond\u00eancia e feche as ag\u00eancias dos correios, haver\u00e1 <a href=\"https:\/\/news.usps.com\/2025\/01\/07\/usps-to-participate-in-national-day-of-observance\/\" rel=\"nofollow\" target=\"_blank\">entrega de pacote limitada<\/a> servi\u00e7o, de acordo com um comunicado \u00e0 imprensa do USPS.<\/p>\n<p>O dia de luto n\u00e3o afeta os museus Smithsonian, o Zool\u00f3gico Nacional ou o Arquivo Nacional, que est\u00e1 hospedando um evento <a href=\"https:\/\/visit.archives.gov\/whats-on\/explore-exhibits\/jimmy-carter-39th-president-united-states\" rel=\"nofollow\" target=\"_blank\">exposi\u00e7\u00e3o especial sobre Carter<\/a>. Os parques nacionais estar\u00e3o abertos, embora os escrit\u00f3rios administrativos estejam fechados.<\/p>\n<\/div>\n<div>\n<p>Os parques nacionais geralmente estar\u00e3o abertos normalmente, mas os escrit\u00f3rios administrativos estar\u00e3o fechados. Tanto a Bolsa de Valores de Nova Iorque como a Nasdaq ser\u00e3o <a href=\"https:\/\/ir.theice.com\/press\/news-details\/2024\/The-New-York-Stock-Exchange-Will-Close-Markets-on-January-9-to-Honor-the-Passing-of-Former-President-Jimmy-Carter-on-National-Day-of-Mourning\/default.aspx\" rel=\"nofollow\" target=\"_blank\">fechado<\/a> para homenagear Carter. A Suprema Corte dos EUA e outros tribunais federais ser\u00e3o fechados.<\/p>\n<p>Os bancos abrir\u00e3o normalmente porque o dia de luto nacional n\u00e3o \u00e9 um feriado federal oficial. As escolas geralmente estar\u00e3o abertas, exceto escolas militares. <\/p>\n<p>O funeral de Carter ser\u00e1 televisionado por diversas redes e canais a cabo que oferecer\u00e3o cobertura especial. Aqui est\u00e1 a programa\u00e7\u00e3o do funeral de Carter (todos os hor\u00e1rios EST e sujeitos a altera\u00e7\u00f5es):<\/p>\n<p><strong>8h45:<\/strong> A fam\u00edlia Carter sai de Blair House em uma carreata.<br \/><strong>9h:<\/strong> Cerim\u00f4nia de partida do Capit\u00f3lio dos EUA.<br \/><strong>9h15: <\/strong>A carreata parte para a Catedral Nacional de Washington.<br \/><strong>9h30:<\/strong> O corpo e familiares de Carter chegam \u00e0 Catedral Nacional de Washington.<br \/><strong>9h55:<\/strong> O corpo de Carter \u00e9 levado para a catedral durante uma breve cerim\u00f4nia de chegada.<br \/><strong>10h:<\/strong> Come\u00e7a o servi\u00e7o funer\u00e1rio nacional.<br \/><strong>11h: <\/strong>Partida da Catedral Nacional de Washington.<br \/><strong>11h15:<\/strong> A carreata parte para a Base Conjunta de Andrews, Maryland.<br \/><strong>11h45:<\/strong> O corpo e os membros da fam\u00edlia de Carter chegam \u00e0 Base Conjunta Andrews e embarcam na Miss\u00e3o A\u00e9rea Especial 39.<br \/><strong>12h15:<\/strong> A Miss\u00e3o A\u00e9rea Especial 39 parte para o campo de avia\u00e7\u00e3o do Ex\u00e9rcito Lawson em Fort Moore, Ge\u00f3rgia.<br \/><strong>14h:<\/strong> A Miss\u00e3o A\u00e9rea Especial 39 chega ao campo de avia\u00e7\u00e3o do Ex\u00e9rcito Lawson e o caix\u00e3o de Carter \u00e9 transferido para um carro funer\u00e1rio.<br \/><strong>14h30:<\/strong> Carreata parte para a Igreja Batista Maranatha em Plains, Ge\u00f3rgia.<br \/><strong>15h30:<\/strong> Cerim\u00f4nia de chegada na Igreja Batista Maranata<br \/><strong>15h45: <\/strong>Servi\u00e7o funer\u00e1rio privado.<br \/><strong>16h30:<\/strong> Sa\u00edda da Igreja Batista Maranata.<br \/><strong>16h45:<\/strong> Membros da fam\u00edlia viajam com o falecido presidente em carreata pelo centro de Plains. O p\u00fablico \u00e9 convidado a percorrer a rota da carreata enquanto seus restos mortais s\u00e3o transportados por sua cidade natal.<br \/><strong>17h20: <\/strong>A comitiva chega \u00e0 resid\u00eancia de Carter para um funeral privado, com um sobrev\u00f4o especial em forma\u00e7\u00e3o de \u201chomem desaparecido\u201d conduzido pela Marinha dos EUA em homenagem ao servi\u00e7o naval do ex-presidente e ao tempo como comandante-em-chefe.<\/p>\n<p>Como \u00e9 de costume, as bandeiras dos EUA permanecer\u00e3o com meio mastro at\u00e9 o p\u00f4r do sol de ter\u00e7a-feira, 28 de janeiro, para homenagear Carter. As bandeiras s\u00e3o hasteadas a meio mastro durante 30 dias a partir da morte de um presidente em exerc\u00edcio ou ex-presidente sob um <a href=\"https:\/\/www.archives.gov\/federal-register\/codification\/proclamations\/03044.html\" rel=\"nofollow\" target=\"_blank\">proclama\u00e7\u00e3o de 1954<\/a> assinado pelo presidente Dwight D. Eisenhower.<\/p>\n<\/div>\n<p><br \/>\n<br \/><a href=\"http:\/\/patch.com\/florida\/southtampa\/national-day-mourning-jimmy-carter-what-s-open-closed-fl?utm_source=article-mostrecent&#038;utm_medium=rss&#038;utm_term=politics%20%26%20government&#038;utm_campaign=recirc&#038;utm_content=aol\">Source link <\/a><\/p>","protected":false},"excerpt":{"rendered":"<p>FL\u00d3RIDA \u2013 A correspond\u00eancia n\u00e3o ser\u00e1 entregue na Fl\u00f3rida e outros escrit\u00f3rios federais ser\u00e3o fechados na quinta-feira, um dia nacional de luto em homenagem ao ex-presidente Jimmy Carter, que morreu&hellip;<\/p>","protected":false},"author":1,"featured_media":89155,"comment_status":"closed","ping_status":"open","sticky":false,"template":"","format":"standard","meta":{"content-type":"","footnotes":""},"categories":[1],"tags":[],"class_list":["post-89154","post","type-post","status-publish","format-standard","has-post-thumbnail","hentry","category-uncategorized"],"_links":{"self":[{"href":"https:\/\/tvbrazilusa.com\/pt\/wp-json\/wp\/v2\/posts\/89154","targetHints":{"allow":["GET"]}}],"collection":[{"href":"https:\/\/tvbrazilusa.com\/pt\/wp-json\/wp\/v2\/posts"}],"about":[{"href":"https:\/\/tvbrazilusa.com\/pt\/wp-json\/wp\/v2\/types\/post"}],"author":[{"embeddable":true,"href":"https:\/\/tvbrazilusa.com\/pt\/wp-json\/wp\/v2\/users\/1"}],"replies":[{"embeddable":true,"href":"https:\/\/tvbrazilusa.com\/pt\/wp-json\/wp\/v2\/comments?post=89154"}],"version-history":[{"count":1,"href":"https:\/\/tvbrazilusa.com\/pt\/wp-json\/wp\/v2\/posts\/89154\/revisions"}],"predecessor-version":[{"id":89156,"href":"https:\/\/tvbrazilusa.com\/pt\/wp-json\/wp\/v2\/posts\/89154\/revisions\/89156"}],"wp:featuredmedia":[{"embeddable":true,"href":"https:\/\/tvbrazilusa.com\/pt\/wp-json\/wp\/v2\/media\/89155"}],"wp:attachment":[{"href":"https:\/\/tvbrazilusa.com\/pt\/wp-json\/wp\/v2\/media?parent=89154"}],"wp:term":[{"taxonomy":"category","embeddable":true,"href":"https:\/\/tvbrazilusa.com\/pt\/wp-json\/wp\/v2\/categories?post=89154"},{"taxonomy":"post_tag","embeddable":true,"href":"https:\/\/tvbrazilusa.com\/pt\/wp-json\/wp\/v2\/tags?post=89154"}],"curies":[{"name":"wp","href":"https:\/\/api.w.org\/{rel}","templated":true}]}}