{"id":89160,"date":"2025-01-08T15:29:24","date_gmt":"2025-01-08T15:29:24","guid":{"rendered":"https:\/\/tvbrazilusa.com\/2025\/01\/08\/joe-mazzulla-opinou-sobre-a-demissao-de-jerod-mayo-pelos-patriots\/"},"modified":"2025-01-08T15:37:57","modified_gmt":"2025-01-08T15:37:57","slug":"joe-mazzulla-opinou-sobre-a-demissao-de-jerod-mayo-pelos-patriots","status":"publish","type":"post","link":"https:\/\/tvbrazilusa.com\/pt\/2025\/01\/08\/joe-mazzulla-opinou-sobre-a-demissao-de-jerod-mayo-pelos-patriots\/","title":{"rendered":"Joe Mazzulla opinou sobre a demiss\u00e3o de Jerod Mayo pelos Patriots"},"content":{"rendered":"<p> <script async src=\"https:\/\/pagead2.googlesyndication.com\/pagead\/js\/adsbygoogle.js?client=ca-pub-8864793242727901\"\r\n     crossorigin=\"anonymous\"><\/script><br \/>\n<\/p>\n<div id=\"\">\n<header class=\"m-article-header m-article-header--standard\">\n\t\t\t\t\t\t\t\t\t\t\t\t<span id=\"article-header-primary-term\"><br \/>\n\t\t\t\t\t\t\t\t<a class=\"a-term a-term--primary\" href=\"https:\/\/www.boston.com\/tag\/morning-sports-update\/\"><\/p>\n<p>\t\t\t\t\t\t\t\tAtualiza\u00e7\u00e3o esportiva matinal\t\t\t\t\t\t\t\t<\/a><br \/>\n\t\t\t\t\t\t\t<\/span><\/p>\n<h2 class=\"m-article-header__sub-headline\">&#8220;Voc\u00ea aproveita o m\u00e1ximo que puder. Depois disso, est\u00e1 feito. \u00c9 isso.&#8221;<\/h2>\n<figure class=\"a-photo m-article-header__photo\"><figcaption class=\"a-photo__caption\">\n<p>\tO t\u00e9cnico do Celtics, Joe Mazzulla, foi questionado sobre a decis\u00e3o dos Patriots de demitir Jerod Mayo.<em> Danielle Parhizkaran\/Equipe da Globo<\/em>\t<\/figcaption><\/figure>\n<div class=\"m-article-header__meta\">\n<div class=\"m-article-header__byline\">\n<p class=\"m-article-header__author\">\n<p>\t\t\t\t\t\t\t\tPor <a class=\"a-link a-link--inline\" href=\"https:\/\/www.boston.com\/author\/hayden-bird\/\">P\u00e1ssaro Hayden<\/a>\t\t\t\t\t\t\t<\/p>\n<p>\t\t\t\t\t\t\t\t\t\t\t\t\t\t\t<time class=\"m-article-header__date\"><\/p>\n<p>\t\t\t\t\t\t\t\t\t8 de janeiro de 2025 | 10h29\t\t\t\t\t\t\t\t<\/time><\/p>\n<p><span>3 minutos para ler<\/span><\/p>\n<\/p><\/div>\n<\/p><\/div>\n<\/header>\n<p><strong>Os pensamentos de Joe Mazzulla sobre Jerod Mayo<\/strong>: Dados os desafios \u00fanicos de ser treinador principal na \u00e1rea da Nova Inglaterra &#8211; com alguns dos torcedores mais apaixonados do pa\u00eds &#8211; n\u00e3o \u00e9 surpresa que Jerod Mayo e Joe Mazzulla <a href=\"https:\/\/www.boston.com\/sports\/boston-celtics\/2024\/09\/27\/joe-mazzulla-jerod-mayo-patriots-defensive-meetings-comments\/\">iniciou uma amizade<\/a>.<\/p>\n<p>Obviamente, as circunst\u00e2ncias agora s\u00e3o diferentes, j\u00e1 que Mayo n\u00e3o \u00e9 mais um par direto de seu hom\u00f3logo do Celtics ap\u00f3s o <a href=\"https:\/\/www.boston.com\/sports\/new-england-patriots\/2025\/01\/05\/jerod-mayo-new-england-patriots-fired-nfl-robert-kraft-nfl\/\">Decis\u00e3o dos Patriots de demitir o t\u00e9cnico do primeiro ano<\/a> ap\u00f3s o final da temporada regular no domingo.<\/p>\n<p>Mazzulla, por sua vez, costuma fazer cita\u00e7\u00f5es contundentes sobre a seguran\u00e7a no emprego dos treinadores de esportes profissionais (incluindo o seu). Depois que os Bruins decidiram <a href=\"https:\/\/www.boston.com\/sports\/boston-celtics\/2024\/11\/19\/joe-mazzulla-jim-montgomery-fired-reaction-quotes-celtics-bruins\/\">fogo<\/a> Jim Montgomery, em novembro, Mazzulla comentou que: \u201cVoc\u00ea odeia ver um treinador ter que passar por isso, mas todos n\u00f3s somos contratados para sermos demitidos\u201d.<\/p>\n<p>Questionado sobre sua rea\u00e7\u00e3o \u00e0 demiss\u00e3o de Mayo pelo New England, Mazzulla elaborou um pouco mais sobre o impacto de uma demiss\u00e3o que muitos torcedores nunca veem ou consideram.<\/p>\n<p>\u201cA primeira parte \u00e9 que voc\u00ea n\u00e3o percebe o impacto que isso tem sobre os assistentes, suas fam\u00edlias e seus filhos\u201d, <a href=\"https:\/\/www.masslive.com\/celtics\/2025\/01\/celtics-coach-reacts-to-patriots-firing-jerod-mayo.html\">Mazzulla disse aos rep\u00f3rteres por Souichi Terada do MassLive<\/a> antes do jogo Celtics-Nuggets na ter\u00e7a-feira. \u201cPara mim, \u00e9 maior do que apenas o treinador principal. Voc\u00ea tem assistentes que acreditam no treinador principal. Voc\u00ea tem assistentes que levam suas fam\u00edlias para l\u00e1, ent\u00e3o h\u00e1 pessoas que s\u00e3o impactadas por isso.\u201d<\/p>\n<p>Al\u00e9m disso, o t\u00e9cnico do terceiro ano do Celtics reiterou suas frases caracteristicamente diretas.<\/p>\n<p>\u201cA segunda quest\u00e3o \u00e9 que, como voc\u00ea disse, somos contratados para sermos demitidos\u201d, disse Mazzulla a um rep\u00f3rter. \u201cVoc\u00ea aproveita o m\u00e1ximo que puder. Depois disso, est\u00e1 feito. \u00c9 isso.&#8221;<\/p>\n<p>Mazzulla tamb\u00e9m sobreviveu a v\u00e1rios relatos de que poderia ser demitido, especialmente depois que o time perdeu para o Miami Heat nas finais da Confer\u00eancia Leste durante seu primeiro ano no comando. Tendo recebido uma segunda chance (ao contr\u00e1rio de Mayo), ele guiou o Celtics ao campeonato em 2024.<\/p>\n<p><strong>Curiosidades<\/strong>: Em 2024, Joe Mazzulla se tornou o treinador mais jovem desde 1970 a ganhar um t\u00edtulo da NBA. Quem foi o segundo mais jovem nesse per\u00edodo?<\/p>\n<p>(Resposta na parte inferior).<\/p>\n<p>Dica: Rival do Celtics, ele foi recentemente retratado em uma s\u00e9rie da HBO por Adrien Brody.<\/p>\n<p><strong>Mais de Boston.com<\/strong>: <\/p>\n<p><strong>O apelo da vaga de treinador principal dos Patriots<\/strong>: O ex-atacante defensivo da Nova Inglaterra, Chris Long, opinou sobre o qu\u00e3o desej\u00e1vel o papel de t\u00e9cnico principal dos Patriots continua sendo, apesar dos problemas nas \u00faltimas duas temporadas.<\/p>\n<figure class=\"wp-block-embed is-type-video is-provider-youtube wp-block-embed-youtube wp-embed-aspect-16-9 wp-has-aspect-ratio\">\n<p>\n<iframe title=\"Chris Long: the Patriots\u2019 Job Is Still Desirable Despite Red Flags | The Rich Eisen Show\" width=\"1170\" height=\"658\" src=\"https:\/\/www.youtube.com\/embed\/JBkNkDMHUDk?feature=oembed\" frameborder=\"0\" allow=\"accelerometer; autoplay; clipboard-write; encrypted-media; gyroscope; picture-in-picture; web-share\" referrerpolicy=\"strict-origin-when-cross-origin\" allowfullscreen><\/iframe>\n<\/p>\n<\/figure>\n<p><strong>Neste dia<\/strong>: Em 2015, Boston foi selecionada pelo Comit\u00ea Ol\u00edmpico dos Estados Unidos para ser a candidatura representativa do pa\u00eds para os Jogos de Ver\u00e3o de 2024.<\/p>\n<p>Boston 2024 acabou desmoronando em seis meses, abalado por esc\u00e2ndalos constantes que minaram sua j\u00e1 escassa credibilidade p\u00fablica, e perseguido pela m\u00eddia local devido aos numerosos excessos de custos que foram inevitavelmente incorporados ao plano da candidatura (e, na verdade, ao conceito de <a href=\"https:\/\/www.ox.ac.uk\/news\/2020-09-18-olympic-costs-are-comparable-deep-disasters-pandemics-earthquakes-tsunamis-and-war\">sediar uma Olimp\u00edada moderna<\/a> em praticamente qualquer local).<\/p>\n<p>A candidatura dos Estados Unidos acabou sendo transferida para Los Angeles, que ser\u00e1 a sede em 2028.<\/p>\n<blockquote class=\"twitter-tweet\">\n<p lang=\"en\" dir=\"ltr\">QUEBRANDO: O USOC seleciona <a href=\"https:\/\/twitter.com\/hashtag\/Boston2024?src=hash&#038;ref_src=twsrc%5Etfw\">#Boston2024<\/a> como candidatura dos EUA para sediar os Jogos Ol\u00edmpicos e Paraol\u00edmpicos de 2024 <a href=\"http:\/\/t.co\/P7IDlycrJ6\">http:\/\/t.co\/P7IDlycrJ6<\/a> <a href=\"http:\/\/t.co\/zWS1i3WRo5\">pic.twitter.com\/zWS1i3WRo5<\/a><\/p>\n<p>\u2013 Equipe dos EUA (@TeamUSA) <a href=\"https:\/\/twitter.com\/TeamUSA\/status\/553332687466156032?ref_src=twsrc%5Etfw\">8 de janeiro de 2015<\/a><\/p><\/blockquote>\n<p><strong>Destaque di\u00e1rio<\/strong>: Cooper Flagg, nativo do Maine, mostrou seu tremendo talento durante a vit\u00f3ria dominante de Duke sobre Pitt na noite de ter\u00e7a-feira.<\/p>\n<blockquote class=\"twitter-tweet\">\n<p lang=\"qme\" dir=\"ltr\">\ud83e\udd2f\ud83e\udd2f\ud83e\udd2f\ud83e\udd2f\ud83e\udd2f\ud83e\udd2f\ud83d\udc80\ud83d\ude46\u200d\u2642\ufe0f\ud83d\ude46\u200d\u2642\ufe0f\ud83d\ude46\u200d\u2642\ufe0f\ud83d\ude46\u200d\u2642\ufe0f\ud83d\ude46\u200d \u2642\ufe0f\ud83d\ude46\u200d\u2642\ufe0f\ud83d\ude46\u200d\u2642\ufe0f\ud83d\ude46\u200d\u2642\ufe0f\ud83d\ude46\u200d\u2642\ufe0f\ud83d\ude46\u200d\u2642\ufe0f\ud83d\ude46\u200d\u2642\ufe0f \ud83d\ude46\u200d\u2642\ufe0f\ud83d\ude46\u200d\u2642\ufe0f\ud83d\ude46\u200d\u2642\ufe0f\ud83d\ude46\u200d\u2642\ufe0f\ud83d\ude46\u200d\u2642\ufe0f\ud83d\ude46\u200d\u2642\ufe0f\ud83d\ude46\u200d \u2642\ufe0f\ud83d\ude46\u200d\u2642\ufe0f\ud83d\ude46\u200d\u2642\ufe0f\ud83d\ude46\u200d\u2642\ufe0f\ud83d\ude46\u200d\u2642\ufe0f\ud83d\ude46\u200d\u2642\ufe0f\ud83d\ude46\u200d\u2642\ufe0f <a href=\"https:\/\/twitter.com\/Cooper_Flagg?ref_src=twsrc%5Etfw\">@Cooper_Flagg<\/a> <a href=\"https:\/\/t.co\/K0cqvzuWtY\">pic.twitter.com\/K0cqvzuWtY<\/a><\/p>\n<p>&#8211; Basquete Masculino Duke (@DukeMBB) <a href=\"https:\/\/twitter.com\/DukeMBB\/status\/1876799400124514310?ref_src=twsrc%5Etfw\">8 de janeiro de 2025<\/a><\/p><\/blockquote>\n<p><em>Resposta trivial: <a href=\"https:\/\/www.nba.com\/news\/joe-mazzula-youngest-coach-nba-title-1970\">Pat Riley<\/a><\/em><\/p>\n<div class=\"o-author-single no-avatar\">\n<header class=\"m-author-card\">\n<\/header>\n<section class=\"author-info\">\n<div class=\"m-author__section\">\n<p>Hayden Bird \u00e9 redator de esportes do Boston.com, onde trabalha desde 2016. Ele cobre todos os assuntos esportivos na Nova Inglaterra.<\/p>\n<\/div>\n<\/section>\n<\/div>\n<div class=\"m-block m-generic-cta\t m-generic-cta--post-content\t m-generic-cta--dark\t m-generic-cta--homepage\t m-generic-cta--email-signup\t\t m-generic-cta-block-style--default \tt-amp__generic-cta\"><\/p>\n<div class=\"m-generic-cta__wrap\">\n<div class=\"m-generic-cta__content\">\n<h3 class=\"m-generic-cta__title\">Boston.com hoje<\/h3>\n<p class=\"m-generic-cta__subtitle\">Inscreva-se para receber as \u00faltimas manchetes em sua caixa de entrada todas as manh\u00e3s.<\/p>\n<\/p><\/div>\n<\/p><\/div>\n<\/div><\/div>\n<p><script async src=\"\/\/platform.twitter.com\/widgets.js\" charset=\"utf-8\"><\/script><script>\n\t\tvar consent=\"grant\";\n\t\t\/* The above code is parsing the JSON data from the local storage and storing it in a variable. *\/\n\t\t\t\t\tconst onetrustStorageConsent = JSON.parse(localStorage.getItem( 'consent_one_trust_bdc' ) );\n\t\t\tif ( ( onetrustStorageConsent !== null ) ) {\n\t\t\t\t\/* Checking to see if the user has consented to the use of cookies.\n\t\t\t\t* If they have not, it is deleting the cookie.\n\t\t\t\t* This will comment for now, until further notice.\n\t\t\t\t*\/\n\t\t\t\t\/\/if ( onetrustStorageConsent.C0002 === false ) {\n\t\t\t\t\/\/\tdocument.cookie=\"_fbp=;expires=Thu, 01 Jan 2010 00:00:00 UTC; path=\/; domain=.boston.com\";\n\t\t\t\t\/\/}\n\t\t\t\t\/* Checking if the user has given consent for the cookie C0002.\n\t\t\t\t* If the user has given consent, the variable consent will be set to 'grant'.\n\t\t\t\t* If the user has not given consent,the variable consent will be set to 'revoke'.\n\t\t\t\t* Documentation https:\/\/developers.facebook.com\/docs\/meta-pixel\/implementation\/gdpr\n\t\t\t\t*\/\n\t\t\t\tif ( onetrustStorageConsent.C0002 !== true ) {\n\t\t\t\t\tconsent=\"revoke\";\n\t\t\t\t}\n\t\t\t}\n\t\t\t\t!function(f,b,e,v,n,t,s)\n\t\t{if(f.fbq)return;n=f.fbq=function(){n.callMethod?\n\t\tn.callMethod.apply(n,arguments):n.queue.push(arguments)};\n\t\tif(!f._fbq)f._fbq=n;n.push=n;n.loaded=!0;n.version='2.0';\n\t\tn.queue=[];t=b.createElement(e);t.async=!0;\n\t\tt.src=v;s=b.getElementsByTagName(e)[0];\n\t\ts.parentNode.insertBefore(t,s)}(window, document,'script',\n\t\t'https:\/\/connect.facebook.net\/en_US\/fbevents.js');\n\t\tfbq('consent', consent);\n\t\tfbq('init', '989222871864976');\n\t\tfbq('track', 'PageView');\n\t<\/script><script type=\"module\">\n\t\tvar consent=\"grant\";\n\t\t\/* The above code is parsing the JSON data from the local storage and storing it in a variable. *\/\n\t\t\tconst onetrustStorageConsent = JSON.parse(localStorage.getItem( 'consent_one_trust_bdc' ) );\n\t\t\t\/* Checking to see if the user has consented to the use of cookies.\n\t\t\t* If they have not, it is deleting the cookie.\n\t\t\t* This will comment for now, until further notice.\n\t\t\t*\/\n\t\t\t\/\/if ( onetrustStorageConsent.C0002 === false ) {\n\t\t\t\/\/\tdocument.cookie=\"_fbp=;expires=Thu, 01 Jan 2010 00:00:00 UTC; path=\/; domain=.boston.com\";\n\t\t\t\/\/}\n\t\t\t\/* Checking if the user has given consent for the cookie C0002.\n\t\t\t* If the user has given consent, the variable consent will be set to 'grant'.\n\t\t\t* If the user has not given consent,the variable consent will be set to 'revoke'.\n\t\t\t* Documentation https:\/\/developers.facebook.com\/docs\/meta-pixel\/implementation\/gdpr\n\t\t\t*\/\n\t\t\tif ( ( onetrustStorageConsent !== null ) && (onetrustStorageConsent.C0002 !== true ) ) {\n\t\t\t\tconsent=\"revoke\";\n\t\t\t}\n\t\t\t\t!function(f,b,e,v,n,t,s){if(f.fbq)return;n=f.fbq=function()\n\t\t{n.callMethod? n.callMethod.apply(n,arguments):n.queue.push(arguments)}\n\t\t;if(!f._fbq)f._fbq=n;\n\t\tn.push=n;n.loaded=!0;n.version='2.0';n.queue=[];t=b.createElement(e);t.async=!0;\n\t\tt.src=v;s=b.getElementsByTagName(e)[0];s.parentNode.insertBefore(t,s)}(window,\n\t\tdocument,'script','https:\/\/connect.facebook.net\/en_US\/fbevents.js');\n\t\tfbq('consent', consent);\n\t\tfbq('init', '813236348753005');\n\t\tfbq('track', \"PageView\");\n\t<\/script><br \/>\n<br \/><br \/>\n<br \/><a href=\"https:\/\/www.boston.com\/sports\/morning-sports-update\/2025\/01\/08\/joe-mazzulla-jerod-mayo-fired-patriots\/\">Source link <\/a><\/p>","protected":false},"excerpt":{"rendered":"<p>Atualiza\u00e7\u00e3o esportiva matinal &#8220;Voc\u00ea aproveita o m\u00e1ximo que puder. Depois disso, est\u00e1 feito. \u00c9 isso.&#8221; O t\u00e9cnico do Celtics, Joe Mazzulla, foi questionado sobre a decis\u00e3o dos Patriots de demitir&hellip;<\/p>","protected":false},"author":1,"featured_media":89161,"comment_status":"closed","ping_status":"open","sticky":false,"template":"","format":"standard","meta":{"content-type":"","footnotes":""},"categories":[1],"tags":[],"class_list":["post-89160","post","type-post","status-publish","format-standard","has-post-thumbnail","hentry","category-uncategorized"],"_links":{"self":[{"href":"https:\/\/tvbrazilusa.com\/pt\/wp-json\/wp\/v2\/posts\/89160","targetHints":{"allow":["GET"]}}],"collection":[{"href":"https:\/\/tvbrazilusa.com\/pt\/wp-json\/wp\/v2\/posts"}],"about":[{"href":"https:\/\/tvbrazilusa.com\/pt\/wp-json\/wp\/v2\/types\/post"}],"author":[{"embeddable":true,"href":"https:\/\/tvbrazilusa.com\/pt\/wp-json\/wp\/v2\/users\/1"}],"replies":[{"embeddable":true,"href":"https:\/\/tvbrazilusa.com\/pt\/wp-json\/wp\/v2\/comments?post=89160"}],"version-history":[{"count":1,"href":"https:\/\/tvbrazilusa.com\/pt\/wp-json\/wp\/v2\/posts\/89160\/revisions"}],"predecessor-version":[{"id":89162,"href":"https:\/\/tvbrazilusa.com\/pt\/wp-json\/wp\/v2\/posts\/89160\/revisions\/89162"}],"wp:featuredmedia":[{"embeddable":true,"href":"https:\/\/tvbrazilusa.com\/pt\/wp-json\/wp\/v2\/media\/89161"}],"wp:attachment":[{"href":"https:\/\/tvbrazilusa.com\/pt\/wp-json\/wp\/v2\/media?parent=89160"}],"wp:term":[{"taxonomy":"category","embeddable":true,"href":"https:\/\/tvbrazilusa.com\/pt\/wp-json\/wp\/v2\/categories?post=89160"},{"taxonomy":"post_tag","embeddable":true,"href":"https:\/\/tvbrazilusa.com\/pt\/wp-json\/wp\/v2\/tags?post=89160"}],"curies":[{"name":"wp","href":"https:\/\/api.w.org\/{rel}","templated":true}]}}