{"id":89165,"date":"2025-01-08T15:44:53","date_gmt":"2025-01-08T15:44:53","guid":{"rendered":"https:\/\/tvbrazilusa.com\/2025\/01\/08\/jovem-baleada-pela-prf-tem-piora-e-volta-a-respirar-por-aparelhos\/"},"modified":"2025-01-08T15:44:54","modified_gmt":"2025-01-08T15:44:54","slug":"jovem-baleada-pela-prf-tem-piora-e-volta-a-respirar-por-aparelhos","status":"publish","type":"post","link":"https:\/\/tvbrazilusa.com\/pt\/2025\/01\/08\/jovem-baleada-pela-prf-tem-piora-e-volta-a-respirar-por-aparelhos\/","title":{"rendered":"Jovem baleada pela PRF tem piora e volta a respirar por aparelhos"},"content":{"rendered":"<p> <script async src=\"https:\/\/pagead2.googlesyndication.com\/pagead\/js\/adsbygoogle.js?client=ca-pub-8864793242727901\"\r\n     crossorigin=\"anonymous\"><\/script><br \/>\n<\/p>\n<div id=\"taboola-read-more\" style=\"display:block; width:100%\">\n<p>Juliana Leite Rangel, a jovem de 26 anos que foi baleada na cabe\u00e7a por agentes da Pol\u00edcia Rodovi\u00e1ria Federal (<a href=\"http:\/\/pleno.news\/tag\/prf\" target=\"_blank\" rel=\"noopener noreferrer\">PRF<\/a>) na BR-040 na v\u00e9spera do Natal, apresentou uma piora cl\u00ednica e voltou a respirar por aparelhos. A informa\u00e7\u00e3o foi divulgada pela dire\u00e7\u00e3o do Hospital Municipalizado Ad\u00e3o Pereira Nunes, que fica em Duque de Caxias, na Baixada Fluminense.\n<\/p>\n<p>De acordo com a unidade hospitalar, Juliana \u201cvoltou a fazer febre \u2014 sinais cl\u00ednicos e laboratoriais de um novo quadro infeccioso \u2014, necessitando retornar medica\u00e7\u00e3o para controle de press\u00e3o arterial, retorno de seda\u00e7\u00e3o leve e retorno para ventila\u00e7\u00e3o mec\u00e2nica\u201d.<\/p>\n<p>\u2013 O processo de reabilita\u00e7\u00e3o precisou ser interrompido devido ao agravamento do quadro infeccioso \u2013 destacou o hospital.\n<\/p>\n<p>No \u00faltimo domingo (5), um boletim m\u00e9dico havia indicado que Juliana estava \u201csem sinais de sequelas permanentes irrevers\u00edveis\u201d e respirando sem necessidade de ventila\u00e7\u00e3o mec\u00e2nica. Ainda de acordo com a equipe m\u00e9dica, ela estava l\u00facida e recuperando as fun\u00e7\u00f5es cognitivas e motoras.\n<\/p>\n<p>A m\u00e3e de Juliana, Deyse Rangel, chegou a dizer que a filha estava se comunicando com os olhos e que a jovem conseguiu at\u00e9 pedir para tomar um refrigerante.\n<\/p>\n<p>\u2013 Os m\u00e9dicos falam que ela est\u00e1 tendo uma recupera\u00e7\u00e3o boa, eles est\u00e3o at\u00e9 surpreendidos com a melhora dela. Hoje [domingo, 5] a Juju j\u00e1 estava se comunicando com os olhos, a gente perguntava e ela piscava concordando. Ela tamb\u00e9m est\u00e1 fazendo gestos com a boca, ent\u00e3o conseguimos conversar com ela. Hoje ela teve coragem at\u00e9 de pedir para tomar refrigerante, acredita? \u2013 declarou.\n<\/p>\n<p><strong>SOBRE O CASO<br \/><\/strong>Juliana e familiares estavam em um carro a caminho de\u00a0<a href=\"http:\/\/pleno.news\/tag\/niteroi\" target=\"_blank\" rel=\"noopener noreferrer\">Niter\u00f3i<\/a>, na Regi\u00e3o Metropolitana do Rio de Janeiro, quando o ve\u00edculo foi alvejado por agentes da PRF. Junto com ela estavam o pai Alexandre da Silva Rangel, de 53 anos, baleado na m\u00e3o esquerda, a m\u00e3e Deyse Rangel, de 49, e o irm\u00e3o mais novo, de 17 anos, a namorada dele e um cachorrinho.\n<\/p>\n<p>Ao comentar o caso, a PRF declarou que a Corregedoria-Geral da Pol\u00edcia Rodovi\u00e1ria Federal, em Bras\u00edlia, determinou a abertura de um procedimento interno para apurar os fatos relacionados \u00e0 ocorr\u00eancia e afirmou que os agentes envolvidos foram afastados \u201cpreventivamente de todas as atividades operacionais\u201d.<\/p>\n<p>Fonte: Pleno News              <\/p>\n<\/div>\n<p><br \/>\n<br \/><a href=\"https:\/\/diariodobrasilnoticias.com.br\/noticia\/jovem-baleada-pela-prf-tem-piora-e-volta-a-respirar-por-aparelhos-677e836f0af5e\">Source link <\/a><\/p>","protected":false},"excerpt":{"rendered":"<p>Juliana Leite Rangel, a jovem de 26 anos que foi baleada na cabe\u00e7a por agentes da Pol\u00edcia Rodovi\u00e1ria Federal (PRF) na BR-040 na v\u00e9spera do Natal, apresentou uma piora cl\u00ednica&hellip;<\/p>","protected":false},"author":1,"featured_media":89166,"comment_status":"closed","ping_status":"open","sticky":false,"template":"","format":"standard","meta":{"content-type":"","footnotes":""},"categories":[16],"tags":[123,2448,5313,1267],"class_list":["post-89165","post","type-post","status-publish","format-standard","has-post-thumbnail","hentry","category-noticias","tag-brasil","tag-diario","tag-noticia","tag-noticias"],"_links":{"self":[{"href":"https:\/\/tvbrazilusa.com\/pt\/wp-json\/wp\/v2\/posts\/89165","targetHints":{"allow":["GET"]}}],"collection":[{"href":"https:\/\/tvbrazilusa.com\/pt\/wp-json\/wp\/v2\/posts"}],"about":[{"href":"https:\/\/tvbrazilusa.com\/pt\/wp-json\/wp\/v2\/types\/post"}],"author":[{"embeddable":true,"href":"https:\/\/tvbrazilusa.com\/pt\/wp-json\/wp\/v2\/users\/1"}],"replies":[{"embeddable":true,"href":"https:\/\/tvbrazilusa.com\/pt\/wp-json\/wp\/v2\/comments?post=89165"}],"version-history":[{"count":1,"href":"https:\/\/tvbrazilusa.com\/pt\/wp-json\/wp\/v2\/posts\/89165\/revisions"}],"predecessor-version":[{"id":89167,"href":"https:\/\/tvbrazilusa.com\/pt\/wp-json\/wp\/v2\/posts\/89165\/revisions\/89167"}],"wp:featuredmedia":[{"embeddable":true,"href":"https:\/\/tvbrazilusa.com\/pt\/wp-json\/wp\/v2\/media\/89166"}],"wp:attachment":[{"href":"https:\/\/tvbrazilusa.com\/pt\/wp-json\/wp\/v2\/media?parent=89165"}],"wp:term":[{"taxonomy":"category","embeddable":true,"href":"https:\/\/tvbrazilusa.com\/pt\/wp-json\/wp\/v2\/categories?post=89165"},{"taxonomy":"post_tag","embeddable":true,"href":"https:\/\/tvbrazilusa.com\/pt\/wp-json\/wp\/v2\/tags?post=89165"}],"curies":[{"name":"wp","href":"https:\/\/api.w.org\/{rel}","templated":true}]}}