{"id":89168,"date":"2025-01-08T15:43:52","date_gmt":"2025-01-08T15:43:52","guid":{"rendered":"https:\/\/tvbrazilusa.com\/2025\/01\/08\/o-que-saber-sobre-incendios-florestais-que-fazem-chover-brasas-na-area-de-los-angeles\/"},"modified":"2025-01-08T15:51:00","modified_gmt":"2025-01-08T15:51:00","slug":"o-que-saber-sobre-incendios-florestais-que-fazem-chover-brasas-na-area-de-los-angeles","status":"publish","type":"post","link":"https:\/\/tvbrazilusa.com\/pt\/2025\/01\/08\/o-que-saber-sobre-incendios-florestais-que-fazem-chover-brasas-na-area-de-los-angeles\/","title":{"rendered":"O que saber sobre inc\u00eandios florestais que fazem chover brasas na \u00e1rea de Los Angeles"},"content":{"rendered":"<p> <script async src=\"https:\/\/pagead2.googlesyndication.com\/pagead\/js\/adsbygoogle.js?client=ca-pub-8864793242727901\"\r\n     crossorigin=\"anonymous\"><\/script><br \/>\n<\/p>\n<div id=\"\">\n<header class=\"m-article-header m-article-header--standard\">\n\t\t\t\t\t\t\t\t\t\t\t\t<span id=\"article-header-primary-term\"><br \/>\n\t\t\t\t\t\t\t\t<a class=\"a-term a-term--primary\" href=\"https:\/\/www.boston.com\/tag\/national-news\/\"><\/p>\n<p>\t\t\t\t\t\t\t\tNot\u00edcias Nacionais\t\t\t\t\t\t\t\t<\/a><br \/>\n\t\t\t\t\t\t\t<\/span><\/p>\n<h2 class=\"m-article-header__sub-headline\">O inc\u00eandio em Palisades, que come\u00e7ou por volta das 10h30 de ter\u00e7a-feira, queimou 4,5 milhas quadradas (11,6 quil\u00f4metros quadrados), segundo autoridades.<\/h2>\n<figure class=\"a-photo m-article-header__photo\"><figcaption class=\"a-photo__caption\">\n<p>\tUm bombeiro luta contra o inc\u00eandio de Palisades enquanto ele queima uma estrutura no bairro de Pacific Palisades, em Los Angeles, ter\u00e7a-feira, 7 de janeiro de 2025. <em> AP Foto\/Ethan Swope<\/em>\t<\/figcaption><\/figure>\n<div class=\"m-article-header__meta\">\n<div class=\"m-article-header__byline\">\n<p class=\"m-article-header__author\">\n<p>\t\t\t\t\t\t\t\tPor Associated Press\t\t\t\t\t\t\t<\/p>\n<p>\t\t\t\t\t\t\t\t\t\t\t\t\t\t\t<time class=\"m-article-header__date\"><\/p>\n<p>\t\t\t\t\t\t\t\t\t8 de janeiro de 2025 | 10h43\t\t\t\t\t\t\t\t<\/time><\/p>\n<p><span>2 minutos para ler<\/span><\/p>\n<\/p><\/div>\n<\/p><\/div>\n<\/header>\n<p>LOS ANGELES (AP) \u2013 Fortes inc\u00eandios florestais est\u00e3o assolando a \u00e1rea de Los Angeles, com chamas velozes queimando casas e empresas enquanto os moradores fogem de desfiladeiros cheios de fuma\u00e7a e bairros pitorescos que abrigam muitas celebridades.<\/p>\n<p>Muitos dos grandes inc\u00eandios come\u00e7aram na ter\u00e7a-feira e foram alimentados pelos fortes ventos de Santa Ana, que atingiram mais de 112 km\/h em alguns pontos. Os ventos persistiram na quarta-feira e tornaram muito perigoso para as aeronaves atacarem os inc\u00eandios vindos do c\u00e9u, dificultando ainda mais seus esfor\u00e7os.<\/p>\n<figure class=\"wp-block-image size-full\"><img fetchpriority=\"high\" decoding=\"async\" width=\"2560\" height=\"1708\" src=\"https:\/\/bdc2020.o0bc.com\/wp-content\/uploads\/2025\/01\/AP25008124654522-677e9c43e8894-scaled.jpg\" alt=\"O Palisades Fire queima uma resid\u00eancia. \" class=\"wp-image-32601687\" srcset=\"https:\/\/bdc2020.o0bc.com\/wp-content\/uploads\/2025\/01\/AP25008124654522-677e9c43e8894-scaled.jpg?width=200 200w, https:\/\/bdc2020.o0bc.com\/wp-content\/uploads\/2025\/01\/AP25008124654522-677e9c43e8894-scaled.jpg?width=300 300w, https:\/\/bdc2020.o0bc.com\/wp-content\/uploads\/2025\/01\/AP25008124654522-677e9c43e8894-scaled.jpg?width=400 400w, https:\/\/bdc2020.o0bc.com\/wp-content\/uploads\/2025\/01\/AP25008124654522-677e9c43e8894-scaled.jpg?width=500 500w, https:\/\/bdc2020.o0bc.com\/wp-content\/uploads\/2025\/01\/AP25008124654522-677e9c43e8894-scaled.jpg?width=600 600w, https:\/\/bdc2020.o0bc.com\/wp-content\/uploads\/2025\/01\/AP25008124654522-677e9c43e8894-scaled.jpg?width=700 700w, https:\/\/bdc2020.o0bc.com\/wp-content\/uploads\/2025\/01\/AP25008124654522-677e9c43e8894-scaled.jpg?width=800 800w, https:\/\/bdc2020.o0bc.com\/wp-content\/uploads\/2025\/01\/AP25008124654522-677e9c43e8894-scaled.jpg?width=900 900w\" sizes=\"(max-width: 2560px) 100vw, 2560px\"\/><figcaption class=\"wp-element-caption\">O inc\u00eandio em Palisades queima uma resid\u00eancia no bairro de Pacific Palisades, em Los Angeles, ter\u00e7a-feira, 7 de janeiro de 2025. <i> \u2013 Foto AP\/Ethan Swope<\/i><\/figcaption><\/figure>\n<p>O governador Gavin Newsom disse que o estado mobilizou mais de 1.400 bombeiros para combater as chamas. Em um apelo raro e urgente, o Corpo de Bombeiros de Los Angeles pediu ajuda a todos os bombeiros fora de servi\u00e7o da cidade.<\/p>\n<p>Aqui est\u00e1 o que voc\u00ea deve saber sobre os inc\u00eandios:<\/p>\n<h3 class=\"wp-block-heading\" id=\"h-the-palisades-fire\">O Fogo das Pali\u00e7adas<\/h3>\n<p>O inc\u00eandio em Palisades, que come\u00e7ou por volta das 10h30 de ter\u00e7a-feira, queimou 4,5 milhas quadradas (11,6 quil\u00f4metros quadrados), segundo autoridades.<\/p>\n<p>Choveu brasas em \u00e1rvores e telhados no bairro de Pacific Palisades. Moradores correndo para escapar criaram um engarrafamento na Palisades Drive, bloqueando a passagem de ve\u00edculos de emerg\u00eancia. As equipes usaram uma escavadeira para empurrar os carros abandonados para o lado.<\/p>\n<p>As fotos retratam o que alguns moradores descrevem como uma cena apocal\u00edptica.<\/p>\n<h3 class=\"wp-block-heading\" id=\"h-other-fires\">Outros inc\u00eandios<\/h3>\n<p>O inc\u00eandio em Eaton na \u00e1rea de Altadena, que come\u00e7ou por volta das 18h30 de ter\u00e7a-feira, queimou rapidamente 1,6 milhas quadradas (4 quil\u00f4metros quadrados) na manh\u00e3 de quarta-feira, de acordo com os bombeiros. Num centro para idosos, os funcion\u00e1rios empurraram dezenas de residentes em cadeiras de rodas e camas de hospital para um estacionamento para escaparem.<\/p>\n<p>O inc\u00eandio em Hurst come\u00e7ou por volta das 22h30 de ter\u00e7a-feira e provocou evacua\u00e7\u00f5es em Sylmar, uma comunidade de San Fernando Valley, no bairro mais ao norte de Los Angeles. O inc\u00eandio cresceu para 500 acres (202 hectares) na manh\u00e3 de quarta-feira. O Tyler Fire em Coachella foi relativamente pequeno, queimando 15 acres (6 hectares).<\/p>\n<p>Os inc\u00eandios estavam com 0% de conten\u00e7\u00e3o.<\/p>\n<h3 class=\"wp-block-heading\" id=\"h-evacuations\">Evacua\u00e7\u00f5es<\/h3>\n<p>Cerca de 30 mil residentes estavam sob ordens de evacua\u00e7\u00e3o devido ao inc\u00eandio em Palisades e mais de 13 mil estruturas estavam sob amea\u00e7a, disseram as autoridades. O inc\u00eandio em Eaton gerou mais de 50.000 ordens de evacua\u00e7\u00e3o, disseram autoridades da Floresta Nacional de Angeles.<\/p>\n<p>Muitas das evacua\u00e7\u00f5es ocorreram na \u00e1rea de Pacific Palisades, mas outras ocorreram em partes de Santa Monica e Altadena.<\/p>\n<h3 class=\"wp-block-heading\" id=\"h-the-forecast\">A previs\u00e3o<\/h3>\n<p>Os ventos de Santa Ana aumentaram na noite de ter\u00e7a-feira e nas primeiras horas da manh\u00e3 de quarta-feira, e h\u00e1 previs\u00e3o de ventos mais fortes. Os ventos podem atingir 160 km\/h nas montanhas e contrafortes \u2013 inclusive em \u00e1reas que n\u00e3o recebem chuvas substanciais h\u00e1 meses, disse o Servi\u00e7o Meteorol\u00f3gico Nacional.<\/p>\n<p>Alertas cont\u00ednuos de bandeira vermelha destacam condi\u00e7\u00f5es clim\u00e1ticas de inc\u00eandio extremamente cr\u00edticas devido a uma combina\u00e7\u00e3o de fortes rajadas de vento em alguns dos terrenos mais altos na manh\u00e3 de quarta-feira e n\u00edveis de umidade relativa excepcionalmente secos, de acordo com Peter Mullinax, meteorologista do escrit\u00f3rio do servi\u00e7o meteorol\u00f3gico em College Park, Maryland .<\/p>\n<div class=\"m-block m-generic-cta\t m-generic-cta--post-content\t m-generic-cta--dark\t m-generic-cta--homepage\t m-generic-cta--email-signup\t\t m-generic-cta-block-style--default \tt-amp__generic-cta\"><\/p>\n<div class=\"m-generic-cta__wrap\">\n<div class=\"m-generic-cta__content\">\n<h3 class=\"m-generic-cta__title\">Rel\u00f3gio de inverno<\/h3>\n<p class=\"m-generic-cta__subtitle\">\u2744\ufe0f Tudo o que voc\u00ea precisa saber sobre as \u00faltimas not\u00edcias sobre o clima de inverno e atualiza\u00e7\u00f5es de estilo de vida.<\/p>\n<\/p><\/div>\n<\/p><\/div>\n<\/div><\/div>\n<p><script>\n\t\tvar consent=\"grant\";\n\t\t\/* The above code is parsing the JSON data from the local storage and storing it in a variable. *\/\n\t\t\t\t\tconst onetrustStorageConsent = JSON.parse(localStorage.getItem( 'consent_one_trust_bdc' ) );\n\t\t\tif ( ( onetrustStorageConsent !== null ) ) {\n\t\t\t\t\/* Checking to see if the user has consented to the use of cookies.\n\t\t\t\t* If they have not, it is deleting the cookie.\n\t\t\t\t* This will comment for now, until further notice.\n\t\t\t\t*\/\n\t\t\t\t\/\/if ( onetrustStorageConsent.C0002 === false ) {\n\t\t\t\t\/\/\tdocument.cookie=\"_fbp=;expires=Thu, 01 Jan 2010 00:00:00 UTC; path=\/; domain=.boston.com\";\n\t\t\t\t\/\/}\n\t\t\t\t\/* Checking if the user has given consent for the cookie C0002.\n\t\t\t\t* If the user has given consent, the variable consent will be set to 'grant'.\n\t\t\t\t* If the user has not given consent,the variable consent will be set to 'revoke'.\n\t\t\t\t* Documentation https:\/\/developers.facebook.com\/docs\/meta-pixel\/implementation\/gdpr\n\t\t\t\t*\/\n\t\t\t\tif ( onetrustStorageConsent.C0002 !== true ) {\n\t\t\t\t\tconsent=\"revoke\";\n\t\t\t\t}\n\t\t\t}\n\t\t\t\t!function(f,b,e,v,n,t,s)\n\t\t{if(f.fbq)return;n=f.fbq=function(){n.callMethod?\n\t\tn.callMethod.apply(n,arguments):n.queue.push(arguments)};\n\t\tif(!f._fbq)f._fbq=n;n.push=n;n.loaded=!0;n.version='2.0';\n\t\tn.queue=[];t=b.createElement(e);t.async=!0;\n\t\tt.src=v;s=b.getElementsByTagName(e)[0];\n\t\ts.parentNode.insertBefore(t,s)}(window, document,'script',\n\t\t'https:\/\/connect.facebook.net\/en_US\/fbevents.js');\n\t\tfbq('consent', consent);\n\t\tfbq('init', '989222871864976');\n\t\tfbq('track', 'PageView');\n\t<\/script><script type=\"module\">\n\t\tvar consent=\"grant\";\n\t\t\/* The above code is parsing the JSON data from the local storage and storing it in a variable. *\/\n\t\t\tconst onetrustStorageConsent = JSON.parse(localStorage.getItem( 'consent_one_trust_bdc' ) );\n\t\t\t\/* Checking to see if the user has consented to the use of cookies.\n\t\t\t* If they have not, it is deleting the cookie.\n\t\t\t* This will comment for now, until further notice.\n\t\t\t*\/\n\t\t\t\/\/if ( onetrustStorageConsent.C0002 === false ) {\n\t\t\t\/\/\tdocument.cookie=\"_fbp=;expires=Thu, 01 Jan 2010 00:00:00 UTC; path=\/; domain=.boston.com\";\n\t\t\t\/\/}\n\t\t\t\/* Checking if the user has given consent for the cookie C0002.\n\t\t\t* If the user has given consent, the variable consent will be set to 'grant'.\n\t\t\t* If the user has not given consent,the variable consent will be set to 'revoke'.\n\t\t\t* Documentation https:\/\/developers.facebook.com\/docs\/meta-pixel\/implementation\/gdpr\n\t\t\t*\/\n\t\t\tif ( ( onetrustStorageConsent !== null ) && (onetrustStorageConsent.C0002 !== true ) ) {\n\t\t\t\tconsent=\"revoke\";\n\t\t\t}\n\t\t\t\t!function(f,b,e,v,n,t,s){if(f.fbq)return;n=f.fbq=function()\n\t\t{n.callMethod? n.callMethod.apply(n,arguments):n.queue.push(arguments)}\n\t\t;if(!f._fbq)f._fbq=n;\n\t\tn.push=n;n.loaded=!0;n.version='2.0';n.queue=[];t=b.createElement(e);t.async=!0;\n\t\tt.src=v;s=b.getElementsByTagName(e)[0];s.parentNode.insertBefore(t,s)}(window,\n\t\tdocument,'script','https:\/\/connect.facebook.net\/en_US\/fbevents.js');\n\t\tfbq('consent', consent);\n\t\tfbq('init', '813236348753005');\n\t\tfbq('track', \"PageView\");\n\t<\/script><br \/>\n<br \/><br \/>\n<br \/><a href=\"https:\/\/www.boston.com\/news\/national-news\/2025\/01\/08\/what-to-know-about-wildfires-raining-embers-onto-the-los-angeles-area\/\">Source link <\/a><\/p>","protected":false},"excerpt":{"rendered":"<p>Not\u00edcias Nacionais O inc\u00eandio em Palisades, que come\u00e7ou por volta das 10h30 de ter\u00e7a-feira, queimou 4,5 milhas quadradas (11,6 quil\u00f4metros quadrados), segundo autoridades. Um bombeiro luta contra o inc\u00eandio de&hellip;<\/p>","protected":false},"author":1,"featured_media":89169,"comment_status":"closed","ping_status":"open","sticky":false,"template":"","format":"standard","meta":{"content-type":"","footnotes":""},"categories":[1],"tags":[],"class_list":["post-89168","post","type-post","status-publish","format-standard","has-post-thumbnail","hentry","category-uncategorized"],"_links":{"self":[{"href":"https:\/\/tvbrazilusa.com\/pt\/wp-json\/wp\/v2\/posts\/89168","targetHints":{"allow":["GET"]}}],"collection":[{"href":"https:\/\/tvbrazilusa.com\/pt\/wp-json\/wp\/v2\/posts"}],"about":[{"href":"https:\/\/tvbrazilusa.com\/pt\/wp-json\/wp\/v2\/types\/post"}],"author":[{"embeddable":true,"href":"https:\/\/tvbrazilusa.com\/pt\/wp-json\/wp\/v2\/users\/1"}],"replies":[{"embeddable":true,"href":"https:\/\/tvbrazilusa.com\/pt\/wp-json\/wp\/v2\/comments?post=89168"}],"version-history":[{"count":1,"href":"https:\/\/tvbrazilusa.com\/pt\/wp-json\/wp\/v2\/posts\/89168\/revisions"}],"predecessor-version":[{"id":89170,"href":"https:\/\/tvbrazilusa.com\/pt\/wp-json\/wp\/v2\/posts\/89168\/revisions\/89170"}],"wp:featuredmedia":[{"embeddable":true,"href":"https:\/\/tvbrazilusa.com\/pt\/wp-json\/wp\/v2\/media\/89169"}],"wp:attachment":[{"href":"https:\/\/tvbrazilusa.com\/pt\/wp-json\/wp\/v2\/media?parent=89168"}],"wp:term":[{"taxonomy":"category","embeddable":true,"href":"https:\/\/tvbrazilusa.com\/pt\/wp-json\/wp\/v2\/categories?post=89168"},{"taxonomy":"post_tag","embeddable":true,"href":"https:\/\/tvbrazilusa.com\/pt\/wp-json\/wp\/v2\/tags?post=89168"}],"curies":[{"name":"wp","href":"https:\/\/api.w.org\/{rel}","templated":true}]}}