{"id":89310,"date":"2025-01-08T19:37:27","date_gmt":"2025-01-08T19:37:27","guid":{"rendered":"https:\/\/tvbrazilusa.com\/2025\/01\/08\/o-arremessador-do-red-sox-liam-hendriks-vestiu-camiseta-e-shorts-para-a-sessao-gelada-de-arremesso-do-fenway-park\/"},"modified":"2025-01-08T19:44:45","modified_gmt":"2025-01-08T19:44:45","slug":"o-arremessador-do-red-sox-liam-hendriks-vestiu-camiseta-e-shorts-para-a-sessao-gelada-de-arremesso-do-fenway-park","status":"publish","type":"post","link":"https:\/\/tvbrazilusa.com\/pt\/2025\/01\/08\/o-arremessador-do-red-sox-liam-hendriks-vestiu-camiseta-e-shorts-para-a-sessao-gelada-de-arremesso-do-fenway-park\/","title":{"rendered":"O arremessador do Red Sox, Liam Hendriks, vestiu camiseta e shorts para a sess\u00e3o gelada de arremesso do Fenway Park"},"content":{"rendered":"<p> <script async src=\"https:\/\/pagead2.googlesyndication.com\/pagead\/js\/adsbygoogle.js?client=ca-pub-8864793242727901\"\r\n     crossorigin=\"anonymous\"><\/script><br \/>\n<\/p>\n<div id=\"\">\n<header class=\"m-article-header m-article-header--standard\">\n\t\t\t\t\t\t\t\t\t\t\t\t<span id=\"article-header-primary-term\"><br \/>\n\t\t\t\t\t\t\t\t<a class=\"a-term a-term--primary\" href=\"https:\/\/www.boston.com\/tag\/boston-red-sox\/\"><\/p>\n<p>\t\t\t\t\t\t\t\tRed Sox\t\t\t\t\t\t\t\t<\/a><br \/>\n\t\t\t\t\t\t\t<\/span><\/p>\n<h2 class=\"m-article-header__sub-headline\">\u201cTemos muitas vantagens\u201d, disse Hendriks sobre a equipe de arremessadores do 2025 Red Sox.<\/h2>\n<figure class=\"a-photo m-article-header__photo\"><figcaption class=\"a-photo__caption\">\n<p>\tLiam Hendriks arremessa durante o aquecimento em agosto de 2024.<em> AP Foto\/Reed Hoffmann<\/em>\t<\/figcaption><\/figure>\n<div class=\"m-article-header__meta\">\n<div class=\"m-article-header__byline\">\n<p class=\"m-article-header__author\">\n<p>\t\t\t\t\t\t\t\tPor <a class=\"a-link a-link--inline\" href=\"https:\/\/www.boston.com\/author\/hayden-bird\/\">P\u00e1ssaro Hayden<\/a>\t\t\t\t\t\t\t<\/p>\n<p>\t\t\t\t\t\t\t\t\t\t\t\t\t\t\t<time class=\"m-article-header__date\"><\/p>\n<p>\t\t\t\t\t\t\t\t\t8 de janeiro de 2025 | 14h37\t\t\t\t\t\t\t\t<\/time><\/p>\n<p><span>2 minutos para ler<\/span><\/p>\n<\/p><\/div>\n<\/p><\/div>\n<\/header>\n<p>Estava muito longe do que a maioria <a href=\"https:\/\/www.boston.com\/tag\/boston-red-sox\/\">Red Sox<\/a> os f\u00e3s considerariam o clima ideal para o beisebol no Fenway Park na quarta-feira, mas isso n\u00e3o impediu os arremessadores Liam Hendriks e Richard Fitts de fazerem alguns arremessos enquanto (no caso de Hendriks) faziam algumas escolhas de alfaiataria para o ver\u00e3o.<\/p>\n<p>O traje do nativo australiano chamava a aten\u00e7\u00e3o devido ao clima de 20 graus em janeiro: shorts e camiseta. Mas n\u00e3o tendo lan\u00e7ado no n\u00edvel da Liga Principal desde 2023, enquanto se recuperava da cirurgia de Tommy John, a mera presen\u00e7a de Hendriks jogando no est\u00e1dio pode ter sido uma vis\u00e3o esperan\u00e7osa para os f\u00e3s do Red Sox.<\/p>\n<blockquote class=\"twitter-tweet\">\n<p lang=\"en\" dir=\"ltr\">Fato: jogar bola em um clima de 20 graus n\u00e3o \u00e9 chato, como Liam Hendriks e Richard Fitts est\u00e3o provando agora <a href=\"https:\/\/t.co\/uDyYwY5SNl\">pic.twitter.com\/uDyYwY5SNl<\/a><\/p>\n<p>-Rob Bradford (@bradfo) <a href=\"https:\/\/twitter.com\/bradfo\/status\/1877024527370129622?ref_src=twsrc%5Etfw\">8 de janeiro de 2025<\/a><\/p><\/blockquote>\n<p>Hendriks, 35, <a href=\"https:\/\/www.boston.com\/sports\/boston-red-sox\/2024\/02\/20\/red-sox-sign-liam-hendriks-pitcher-all-star\/\">assinou com Boston em fevereiro de 2024 <\/a>em um contrato de dois anos no valor de US$ 10 milh\u00f5es. Ele foi rapidamente colocado na lista de lesionados de 60 dias, eventualmente fazendo apari\u00e7\u00f5es de reabilita\u00e7\u00e3o para os afiliados Double-A e Triple-A do time em agosto.<\/p>\n<p>Na manh\u00e3 de quarta-feira, ele falou com WEEI&#8217;s \u201c<a href=\"https:\/\/www.audacy.com\/weei\/authors\/the-greg-hill-show\">O programa de Greg Hill<\/a>\u201d sobre a equipe de arremessadores do time e tamb\u00e9m o clima de seu pa\u00eds de origem.<\/p>\n<p>\u201cEst\u00e3o cerca de 100 graus agora em casa. O clima de praia \u00e9 perfeito\u201d, observou ele sobre a vida no hemisf\u00e9rio sul. \u201c\u00c9 sempre bom no dia de Natal, voc\u00ea acende a churrasqueira e fica l\u00e1 fora, no p\u00e1tio.\u201d<\/p>\n<p>Avaliando as mudan\u00e7as fora de temporada do Red Sox at\u00e9 agora \u2013 que inclu\u00edram as aquisi\u00e7\u00f5es dos titulares Walker Buehler e Garrett Crochet \u2013 Hendriks v\u00ea risco, mas tamb\u00e9m recompensa.<\/p>\n<p>\u201cEstou animado\u201d, acrescentou Hendriks sobre a equipe de arremessadores atualizada. \u201cAcho que vai ser uma grande equipe. Temos muitas vantagens, muitas coisas de swing e miss, que \u00e9 uma coisa em que acho que eles estavam realmente se concentrando muito nesta entressafra. H\u00e1 muitos pontos positivos nisso.\u201d<\/p>\n<p>\u201c\u00c9 obviamente um casal um pouco mais vol\u00e1til [of] arremessadores que eles adicionaram, mas veja, \u00e9 parte integrante\u201d, continuou Hendriks. \u201cVoc\u00ea paga o custo da taxa de inscri\u00e7\u00e3o, e a taxa de inscri\u00e7\u00e3o \u00e9 um cara sofisticado. Um pouco vol\u00e1til de vez em quando, mas acho que definitivamente est\u00e1 aumentando no que diz respeito \u00e0 equipe de arremessadores.\u201d<\/p>\n<p>Hendriks \u00e9 tr\u00eas vezes All-Star e ganhou o pr\u00eamio de Jogador do Ano do AL Comeback em 2023 depois de lutar contra o linfoma n\u00e3o-Hodgkin. Ele tamb\u00e9m foi indicado por Boston ao Pr\u00eamio Roberto Clemente anual em 2024. <\/p>\n<p>Esperava-se que os Red Sox, como apontou Hendriks, terminassem em \u00faltimo lugar em 2024, mas conseguiram encerrar a temporada com um recorde de 0,500 (81-81). Se Hendriks e o resto da equipe de arremessadores encontrarem um ritmo, isso poder\u00e1 levar o Boston de volta \u00e0 disputa dos playoffs.<\/p>\n<div class=\"o-author-single no-avatar\">\n<header class=\"m-author-card\">\n<\/header>\n<section class=\"author-info\">\n<div class=\"m-author__section\">\n<p>Hayden Bird \u00e9 redator de esportes do Boston.com, onde trabalha desde 2016. Ele cobre todos os assuntos esportivos na Nova Inglaterra.<\/p>\n<\/div>\n<\/section>\n<\/div>\n<div class=\"m-block m-generic-cta\t m-generic-cta--post-content\t m-generic-cta--dark\t m-generic-cta--homepage\t m-generic-cta--email-signup\t\t m-generic-cta-block-style--default \tt-amp__generic-cta\"><\/p>\n<div class=\"m-generic-cta__wrap\">\n<div class=\"m-generic-cta__content\">\n<h3 class=\"m-generic-cta__title\">Boston.com hoje<\/h3>\n<p class=\"m-generic-cta__subtitle\">Inscreva-se para receber as \u00faltimas manchetes em sua caixa de entrada todas as manh\u00e3s.<\/p>\n<\/p><\/div>\n<\/p><\/div>\n<\/div><\/div>\n<p><script async src=\"\/\/platform.twitter.com\/widgets.js\" charset=\"utf-8\"><\/script><script>\n\t\tvar consent=\"grant\";\n\t\t\/* The above code is parsing the JSON data from the local storage and storing it in a variable. *\/\n\t\t\t\t\tconst onetrustStorageConsent = JSON.parse(localStorage.getItem( 'consent_one_trust_bdc' ) );\n\t\t\tif ( ( onetrustStorageConsent !== null ) ) {\n\t\t\t\t\/* Checking to see if the user has consented to the use of cookies.\n\t\t\t\t* If they have not, it is deleting the cookie.\n\t\t\t\t* This will comment for now, until further notice.\n\t\t\t\t*\/\n\t\t\t\t\/\/if ( onetrustStorageConsent.C0002 === false ) {\n\t\t\t\t\/\/\tdocument.cookie=\"_fbp=;expires=Thu, 01 Jan 2010 00:00:00 UTC; path=\/; domain=.boston.com\";\n\t\t\t\t\/\/}\n\t\t\t\t\/* Checking if the user has given consent for the cookie C0002.\n\t\t\t\t* If the user has given consent, the variable consent will be set to 'grant'.\n\t\t\t\t* If the user has not given consent,the variable consent will be set to 'revoke'.\n\t\t\t\t* Documentation https:\/\/developers.facebook.com\/docs\/meta-pixel\/implementation\/gdpr\n\t\t\t\t*\/\n\t\t\t\tif ( onetrustStorageConsent.C0002 !== true ) {\n\t\t\t\t\tconsent=\"revoke\";\n\t\t\t\t}\n\t\t\t}\n\t\t\t\t!function(f,b,e,v,n,t,s)\n\t\t{if(f.fbq)return;n=f.fbq=function(){n.callMethod?\n\t\tn.callMethod.apply(n,arguments):n.queue.push(arguments)};\n\t\tif(!f._fbq)f._fbq=n;n.push=n;n.loaded=!0;n.version='2.0';\n\t\tn.queue=[];t=b.createElement(e);t.async=!0;\n\t\tt.src=v;s=b.getElementsByTagName(e)[0];\n\t\ts.parentNode.insertBefore(t,s)}(window, document,'script',\n\t\t'https:\/\/connect.facebook.net\/en_US\/fbevents.js');\n\t\tfbq('consent', consent);\n\t\tfbq('init', '989222871864976');\n\t\tfbq('track', 'PageView');\n\t<\/script><script type=\"module\">\n\t\tvar consent=\"grant\";\n\t\t\/* The above code is parsing the JSON data from the local storage and storing it in a variable. *\/\n\t\t\tconst onetrustStorageConsent = JSON.parse(localStorage.getItem( 'consent_one_trust_bdc' ) );\n\t\t\t\/* Checking to see if the user has consented to the use of cookies.\n\t\t\t* If they have not, it is deleting the cookie.\n\t\t\t* This will comment for now, until further notice.\n\t\t\t*\/\n\t\t\t\/\/if ( onetrustStorageConsent.C0002 === false ) {\n\t\t\t\/\/\tdocument.cookie=\"_fbp=;expires=Thu, 01 Jan 2010 00:00:00 UTC; path=\/; domain=.boston.com\";\n\t\t\t\/\/}\n\t\t\t\/* Checking if the user has given consent for the cookie C0002.\n\t\t\t* If the user has given consent, the variable consent will be set to 'grant'.\n\t\t\t* If the user has not given consent,the variable consent will be set to 'revoke'.\n\t\t\t* Documentation https:\/\/developers.facebook.com\/docs\/meta-pixel\/implementation\/gdpr\n\t\t\t*\/\n\t\t\tif ( ( onetrustStorageConsent !== null ) && (onetrustStorageConsent.C0002 !== true ) ) {\n\t\t\t\tconsent=\"revoke\";\n\t\t\t}\n\t\t\t\t!function(f,b,e,v,n,t,s){if(f.fbq)return;n=f.fbq=function()\n\t\t{n.callMethod? n.callMethod.apply(n,arguments):n.queue.push(arguments)}\n\t\t;if(!f._fbq)f._fbq=n;\n\t\tn.push=n;n.loaded=!0;n.version='2.0';n.queue=[];t=b.createElement(e);t.async=!0;\n\t\tt.src=v;s=b.getElementsByTagName(e)[0];s.parentNode.insertBefore(t,s)}(window,\n\t\tdocument,'script','https:\/\/connect.facebook.net\/en_US\/fbevents.js');\n\t\tfbq('consent', consent);\n\t\tfbq('init', '813236348753005');\n\t\tfbq('track', \"PageView\");\n\t<\/script><br \/>\n<br \/><br \/>\n<br \/><a href=\"https:\/\/www.boston.com\/sports\/boston-red-sox\/2025\/01\/08\/liam-hendriks-injury-update-news-fenway-park\/\">Source link <\/a><\/p>","protected":false},"excerpt":{"rendered":"<p>Red Sox \u201cTemos muitas vantagens\u201d, disse Hendriks sobre a equipe de arremessadores do 2025 Red Sox. Liam Hendriks arremessa durante o aquecimento em agosto de 2024. AP Foto\/Reed Hoffmann Por&hellip;<\/p>","protected":false},"author":1,"featured_media":89311,"comment_status":"closed","ping_status":"open","sticky":false,"template":"","format":"standard","meta":{"content-type":"","footnotes":""},"categories":[1],"tags":[],"class_list":["post-89310","post","type-post","status-publish","format-standard","has-post-thumbnail","hentry","category-uncategorized"],"_links":{"self":[{"href":"https:\/\/tvbrazilusa.com\/pt\/wp-json\/wp\/v2\/posts\/89310","targetHints":{"allow":["GET"]}}],"collection":[{"href":"https:\/\/tvbrazilusa.com\/pt\/wp-json\/wp\/v2\/posts"}],"about":[{"href":"https:\/\/tvbrazilusa.com\/pt\/wp-json\/wp\/v2\/types\/post"}],"author":[{"embeddable":true,"href":"https:\/\/tvbrazilusa.com\/pt\/wp-json\/wp\/v2\/users\/1"}],"replies":[{"embeddable":true,"href":"https:\/\/tvbrazilusa.com\/pt\/wp-json\/wp\/v2\/comments?post=89310"}],"version-history":[{"count":1,"href":"https:\/\/tvbrazilusa.com\/pt\/wp-json\/wp\/v2\/posts\/89310\/revisions"}],"predecessor-version":[{"id":89312,"href":"https:\/\/tvbrazilusa.com\/pt\/wp-json\/wp\/v2\/posts\/89310\/revisions\/89312"}],"wp:featuredmedia":[{"embeddable":true,"href":"https:\/\/tvbrazilusa.com\/pt\/wp-json\/wp\/v2\/media\/89311"}],"wp:attachment":[{"href":"https:\/\/tvbrazilusa.com\/pt\/wp-json\/wp\/v2\/media?parent=89310"}],"wp:term":[{"taxonomy":"category","embeddable":true,"href":"https:\/\/tvbrazilusa.com\/pt\/wp-json\/wp\/v2\/categories?post=89310"},{"taxonomy":"post_tag","embeddable":true,"href":"https:\/\/tvbrazilusa.com\/pt\/wp-json\/wp\/v2\/tags?post=89310"}],"curies":[{"name":"wp","href":"https:\/\/api.w.org\/{rel}","templated":true}]}}