{"id":89316,"date":"2025-01-08T19:56:32","date_gmt":"2025-01-08T19:56:32","guid":{"rendered":"https:\/\/tvbrazilusa.com\/2025\/01\/08\/estava-pensando-em-beber-quando-descobri-problema-na-cabeca-diz-lula\/"},"modified":"2025-01-08T19:56:33","modified_gmt":"2025-01-08T19:56:33","slug":"estava-pensando-em-beber-quando-descobri-problema-na-cabeca-diz-lula","status":"publish","type":"post","link":"https:\/\/tvbrazilusa.com\/pt\/2025\/01\/08\/estava-pensando-em-beber-quando-descobri-problema-na-cabeca-diz-lula\/","title":{"rendered":"Estava pensando em beber quando descobri problema na cabe\u00e7a, diz Lula"},"content":{"rendered":"<p> <script async src=\"https:\/\/pagead2.googlesyndication.com\/pagead\/js\/adsbygoogle.js?client=ca-pub-8864793242727901\"\r\n     crossorigin=\"anonymous\"><\/script><br \/>\n<\/p>\n<div id=\"taboola-read-more\" style=\"display:block; width:100%\">\n<p>O presidente Luiz In\u00e1cio Lula da Silva (PT) disse estar pensando em voltar a beber justamente quando fez o exame que apontou piora no l\u00edquido no c\u00e9rebro e o levou \u00e0 mesa de cirurgia do Hospital S\u00edrio-Liban\u00eas em S\u00e3o Paulo, no in\u00edcio de dezembro. O petista afirmou que temeu pela morte ao bater a cabe\u00e7a no Pal\u00e1cio da Alvorada, mas estava otimista antes da resson\u00e2ncia magn\u00e9tica.\n<\/p>\n<p>\u201cFiz 5 resson\u00e2ncias magn\u00e9ticas, eu estava t\u00e3o otimista no dia em que fui fazer a 6\u00aa que eu tava pensando at\u00e9 em tomar um gole. Porque eu tava sem beber at\u00e9 ent\u00e3o. Quando eu fui fazer o meu exame, a\u00ed eu descobri que eu estava pior do que no come\u00e7o. Ou seja, o l\u00edquido tinha saltado de 0,6% para 21% na cabe\u00e7a e era muito perigoso\u201d, disse nesta 4\u00aa feira (8.jan.2025) em seu discurso durante evento de 2 anos do 8 de Janeiro, no Pal\u00e1cio do Planalto.<\/p>\n<p>Lula listou, no discurso, v\u00e1rios momentos recentes em que ele ficou com medo de morrer, mas \u201cescapou\u201d. Entre a hist\u00f3rias, lembrou do plano investigado pela Pol\u00edcia Federal para lhe assassinarem e de quando ficou 5 horas sobrevoando o aeroporto da Cidade do M\u00e9xico porque seu avi\u00e3o havia dado pane.\n<\/p>\n<p>Depois, declarou que os m\u00e9dicos estavam \u201chorrorizados\u201d quando ele chegou em S\u00e3o Paulo para ser operado. O presidente ainda disse que teve que esperar \u201cdemocraticamente\u201d por 4 horas para o avi\u00e3o presidencial chegar a Bras\u00edlia para lev\u00e1-lo.\n<\/p>\n<p>\u201cEu cheguei em S\u00e3o Paulo e os m\u00e9dicos estavam horrorizados porque eles achavam que eu poderia morrer na viagem ou que eu poderia ter entrado em coma. E o meu avi\u00e3o, democraticamente, Brigadeiro, demorou 4 horas para chegar\u201d, afirmou.\n<\/p>\n<p>CIRURGIA<br \/>Como mostrou o Poder360, Lula correu risco de morte em 9 de dezembro quando teve fortes dores que o levaram ao hospital, onde um sangramento intracraniano, que atingiu uma \u00e1rea de aproximadamente 3 cm de extens\u00e3o, foi identificado no lado esquerdo da cabe\u00e7a.\n<\/p>\n<p>O hematoma j\u00e1 pressionava o seu c\u00e9rebro e, caso houvesse demorado mais algumas horas para ter uma avalia\u00e7\u00e3o m\u00e9dica, poderia ter chegado a um quadro de coma, que \u00e9 quando o paciente entra em um estado profundo de sono, em que n\u00e3o pode ser acordado.\n<\/p>\n<p>Fonte: Poder 360              <\/p>\n<\/div>\n<p><br \/>\n<br \/><a href=\"https:\/\/diariodobrasilnoticias.com.br\/noticia\/estava-pensando-em-beber-quando-descobri-problema-na-cabeca-diz-lula-677ebe4f16a03\">Source link <\/a><\/p>","protected":false},"excerpt":{"rendered":"<p>O presidente Luiz In\u00e1cio Lula da Silva (PT) disse estar pensando em voltar a beber justamente quando fez o exame que apontou piora no l\u00edquido no c\u00e9rebro e o levou&hellip;<\/p>","protected":false},"author":1,"featured_media":89317,"comment_status":"closed","ping_status":"open","sticky":false,"template":"","format":"standard","meta":{"content-type":"","footnotes":""},"categories":[16],"tags":[123,2448,5313,1267],"class_list":["post-89316","post","type-post","status-publish","format-standard","has-post-thumbnail","hentry","category-noticias","tag-brasil","tag-diario","tag-noticia","tag-noticias"],"_links":{"self":[{"href":"https:\/\/tvbrazilusa.com\/pt\/wp-json\/wp\/v2\/posts\/89316","targetHints":{"allow":["GET"]}}],"collection":[{"href":"https:\/\/tvbrazilusa.com\/pt\/wp-json\/wp\/v2\/posts"}],"about":[{"href":"https:\/\/tvbrazilusa.com\/pt\/wp-json\/wp\/v2\/types\/post"}],"author":[{"embeddable":true,"href":"https:\/\/tvbrazilusa.com\/pt\/wp-json\/wp\/v2\/users\/1"}],"replies":[{"embeddable":true,"href":"https:\/\/tvbrazilusa.com\/pt\/wp-json\/wp\/v2\/comments?post=89316"}],"version-history":[{"count":1,"href":"https:\/\/tvbrazilusa.com\/pt\/wp-json\/wp\/v2\/posts\/89316\/revisions"}],"predecessor-version":[{"id":89318,"href":"https:\/\/tvbrazilusa.com\/pt\/wp-json\/wp\/v2\/posts\/89316\/revisions\/89318"}],"wp:featuredmedia":[{"embeddable":true,"href":"https:\/\/tvbrazilusa.com\/pt\/wp-json\/wp\/v2\/media\/89317"}],"wp:attachment":[{"href":"https:\/\/tvbrazilusa.com\/pt\/wp-json\/wp\/v2\/media?parent=89316"}],"wp:term":[{"taxonomy":"category","embeddable":true,"href":"https:\/\/tvbrazilusa.com\/pt\/wp-json\/wp\/v2\/categories?post=89316"},{"taxonomy":"post_tag","embeddable":true,"href":"https:\/\/tvbrazilusa.com\/pt\/wp-json\/wp\/v2\/tags?post=89316"}],"curies":[{"name":"wp","href":"https:\/\/api.w.org\/{rel}","templated":true}]}}