{"id":89319,"date":"2025-01-08T19:52:24","date_gmt":"2025-01-08T19:52:24","guid":{"rendered":"https:\/\/tvbrazilusa.com\/2025\/01\/08\/fonte-da-nfl-acusa-patriots-de-entrevistas-farsas-com-candidatos-a-treinador-principal-de-minorias\/"},"modified":"2025-01-08T20:02:09","modified_gmt":"2025-01-08T20:02:09","slug":"fonte-da-nfl-acusa-patriots-de-entrevistas-farsas-com-candidatos-a-treinador-principal-de-minorias","status":"publish","type":"post","link":"https:\/\/tvbrazilusa.com\/pt\/2025\/01\/08\/fonte-da-nfl-acusa-patriots-de-entrevistas-farsas-com-candidatos-a-treinador-principal-de-minorias\/","title":{"rendered":"Fonte da NFL acusa Patriots de entrevistas &#8216;farsas&#8217; com candidatos a treinador principal de minorias"},"content":{"rendered":"<p> <script async src=\"https:\/\/pagead2.googlesyndication.com\/pagead\/js\/adsbygoogle.js?client=ca-pub-8864793242727901\"\r\n     crossorigin=\"anonymous\"><\/script><br \/>\n<\/p>\n<div id=\"\">\n<header class=\"m-article-header m-article-header--standard\">\n\t\t\t\t\t\t\t\t\t\t\t\t<span id=\"article-header-primary-term\"><br \/>\n\t\t\t\t\t\t\t\t<a class=\"a-term a-term--primary\" href=\"https:\/\/www.boston.com\/tag\/new-england-patriots\/\"><\/p>\n<p>\t\t\t\t\t\t\t\tPatriotas\t\t\t\t\t\t\t\t<\/a><br \/>\n\t\t\t\t\t\t\t<\/span><\/p>\n<h2 class=\"m-article-header__sub-headline\">&#8220;Parece uma farsa. Quero dizer, vou cham\u00e1-lo do que penso que \u00e9.&#8221;<\/h2>\n<figure class=\"a-photo m-article-header__photo\"><figcaption class=\"a-photo__caption\">\n<p>\tRoberto Kraft.<em> Foto AP\/Charles Krupa<\/em>\t<\/figcaption><\/figure>\n<\/header>\n<div class=\"m-block t-amp__list-container m-article-list-container m-article-list-container--frame-border a-border-frame  a-list-header__headline--red m-article-list--alternative--default  m-article-list--floated\">\n<ul class=\"t-amp__list a-list--no-style m-article-list m-article-list--recirculation m-article-list--has-images\">\n<li class=\"m-article-list__item m-article-list__item--featured\">\n\t\t\t<a class=\"m-article-list__link-wrapper\" href=\"https:\/\/www.boston.com\/sports\/morning-sports-update\/2025\/01\/08\/joe-mazzulla-jerod-mayo-fired-patriots\/?p1=article_recirc_inline_feature\" data-p1=\"article_recirc_inline_feature\"><br \/>\n\t\t\t\t<img fetchpriority=\"high\" decoding=\"async\" width=\"768\" height=\"432\" src=\"https:\/\/bdc2020.o0bc.com\/wp-content\/uploads\/2025\/01\/Joe-Mazzulla-Jerod-Mayo-1-677e9367f2b01-768x432.jpg\" class=\"t-amp__list-image m-article-list__image m-article-list__image--full\" alt=\"Joe Mazzulla Jerod Mayo\" aria-hidden=\"true\" srcset=\"https:\/\/bdc2020.o0bc.com\/wp-content\/uploads\/2025\/01\/Joe-Mazzulla-Jerod-Mayo-1-677e9367f2b01-768x432.jpg?width=200 200w, https:\/\/bdc2020.o0bc.com\/wp-content\/uploads\/2025\/01\/Joe-Mazzulla-Jerod-Mayo-1-677e9367f2b01-768x432.jpg?width=300 300w, https:\/\/bdc2020.o0bc.com\/wp-content\/uploads\/2025\/01\/Joe-Mazzulla-Jerod-Mayo-1-677e9367f2b01-768x432.jpg?width=400 400w, https:\/\/bdc2020.o0bc.com\/wp-content\/uploads\/2025\/01\/Joe-Mazzulla-Jerod-Mayo-1-677e9367f2b01-768x432.jpg?width=500 500w, https:\/\/bdc2020.o0bc.com\/wp-content\/uploads\/2025\/01\/Joe-Mazzulla-Jerod-Mayo-1-677e9367f2b01-768x432.jpg?width=600 600w, https:\/\/bdc2020.o0bc.com\/wp-content\/uploads\/2025\/01\/Joe-Mazzulla-Jerod-Mayo-1-677e9367f2b01-768x432.jpg?width=700 700w, https:\/\/bdc2020.o0bc.com\/wp-content\/uploads\/2025\/01\/Joe-Mazzulla-Jerod-Mayo-1-677e9367f2b01-768x432.jpg?width=800 800w, https:\/\/bdc2020.o0bc.com\/wp-content\/uploads\/2025\/01\/Joe-Mazzulla-Jerod-Mayo-1-677e9367f2b01-768x432.jpg?width=900 900w\" sizes=\"(max-width: 768px) 100vw, 768px\"\/>\t\t\t\t\t<\/p>\n<p><h4 class=\"m-article-list__headline t-amp__list-headline\">\n\t\t\t\t\t\t\t<span class=\"m-article-list__link a-link a-link--inline a-link--text-link a-link--text-link-dark\"><\/p>\n<p>\t\t\t\t\t\t\tJoe Mazzulla opinou sobre a demiss\u00e3o de Jerod Mayo pelos Patriots\t\t\t\t\t\t\t<\/span><br \/>\n\t\t\t\t\t\t<\/h4>\n<\/p>\n<p>\t\t\t\t<\/a>\n\t\t\t<\/li>\n<li class=\"m-article-list__item\">\n\t\t\t\t\t<a class=\"m-article-list__link-wrapper\" href=\"https:\/\/www.boston.com\/sports\/new-england-patriots\/2025\/01\/08\/brian-hoyer-patriots-players-tank-nfl-draft-picks\/?p1=article_recirc_inline_feed\" data-p1=\"article_recirc_inline_feed\"><\/p>\n<p><h4 class=\"m-article-list__headline\">\n\t\t\t\t\t\t\t\t\t<span class=\"m-article-list__link a-link a-link--inline a-link--text-link a-link--text-link-dark\"><\/p>\n<p>\t\t\t\t\t\t\t\t\tBrian Hoyer: N\u00e3o espere que Patriots, jogadores da NFL &#8216;tanquem&#8217; por escolhas de draft\t\t\t\t\t\t\t\t\t<\/span><br \/>\n\t\t\t\t\t\t\t\t<\/h4>\n<\/p>\n<p>\t\t\t\t\t\t<\/a>\n\t\t\t\t\t<\/li>\n<\/ul>\n<\/div>\n<p>H\u00e1 algo suspeito na maneira como os Patriots est\u00e3o conduzindo sua busca por um treinador principal, de acordo com Albert Breer, da Sports Illustrated. <\/p>\n<p>Os Patriots est\u00e3o em busca de um novo t\u00e9cnico porque demitiram o primeiro t\u00e9cnico negro da organiza\u00e7\u00e3o, Jerod Mayo, horas ap\u00f3s a vit\u00f3ria dos Patriots sobre Buffalo no domingo. <\/p>\n<p>Mayo, que teve um recorde de 4-13, \u00e9 o segundo t\u00e9cnico n\u00e3o interino do Patriots a ser demitido depois de apenas uma temporada. O outro, Rod Rust, foi 1-15 em 1990.  <\/p>\n<p>De acordo com a Regra Rooney da NFL, as equipes devem entrevistar pelo menos dois candidatos externos de minorias para vagas de treinador principal. <\/p>\n<p>Os Patriots j\u00e1 atenderam a esse requisito depois de entrevistar Byron Leftwich e Pep Hamilton. Nenhum dos candidatos tem experi\u00eancia como treinador principal da NFL. Nenhum dos dois ocupa uma posi\u00e7\u00e3o de treinador na NFL desde 2022. <\/p>\n<p>Leftwich, ex-escolhido no primeiro turno que jogou uma d\u00e9cada na liga como quarterback, trabalhou mais recentemente como coordenador ofensivo do Tampa Bay ao lado do ex-quarterback do Patriots, Tom Brady. Hamilton teve passagens como coordenador ofensivo em Indian\u00e1polis e Houston.<\/p>\n<p>\u201cParece uma farsa. Quer dizer, vou cham\u00e1-lo do que penso que \u00e9\u201d, disse Breer durante uma recente apari\u00e7\u00e3o no <a href=\"https:\/\/www.nbcsportsboston.com\/nfl\/new-england-patriots\/albert-breer-head-coach-search-sham-mike-vrabel\/679789\/\">Edi\u00e7\u00e3o inicial da NBC Sports Boston. <\/a>\u201cEsses s\u00e3o dois caras \u2013 e com todo o respeito a Pep Hamilton e Byron Leftwich \u2013 acho que eles teriam dificuldade para conseguir empregos de coordenador este ano. \u201c<\/p>\n<p>\u201cE para quem n\u00e3o conhece a mec\u00e2nica da regra, \u00e9 preciso ter pelo menos duas entrevistas presenciais com candidatos diversos, e n\u00e3o \u00e9 permitido entrevistar ningu\u00e9m que esteja trabalhando em um time, seja nos playoffs ou n\u00e3o. \u2026 Ent\u00e3o, a raz\u00e3o pela qual voc\u00ea faria isso e contrataria dois caras que n\u00e3o est\u00e3o trabalhando para equipes no momento \u00e9 porque essa \u00e9 a \u00fanica maneira de marcar essa caixa para que voc\u00ea possa realmente prosseguir com a contrata\u00e7\u00e3o de algu\u00e9m.\u201d<\/p>\n<p><a href=\"https:\/\/www.boston.com\/sports\/new-england-patriots\/2025\/01\/06\/robert-kraft-press-conference-jerod-mayo-fired-analysis-takeaways\/\">O propriet\u00e1rio do Patriots, Robert Kraft, disse esta semana<\/a> que ele planeja avan\u00e7ar rapidamente na busca por coaching. <a href=\"https:\/\/www.nbcsportsboston.com\/nfl\/new-england-patriots\/albert-breer-head-coach-search-sham-mike-vrabel\/679789\/\">Phil Perry, da NBC Sports Boston, disse<\/a> os Patriots gostariam de terminar a busca at\u00e9 o final da semana.<\/p>\n<p><a href=\"https:\/\/www.boston.com\/sports\/new-england-patriots\/2025\/01\/07\/mike-vrabel-new-england-patriots-nfl-coaching-search-pep-hamilton-byron-leftwich\/\">Os Patriots supostamente marcaram uma entrevista com Mike Vrabel <\/a>na quinta-feira. Vrabel jogou como linebacker do Patriots de 2001 a 2008. Ele tem seis anos de experi\u00eancia como treinador principal na NFL e um recorde de vit\u00f3rias. Ele \u00e9 amplamente considerado um dos principais candidatos para o cargo. <\/p>\n<p>\u201cAcho que \u00e9 um lixo completo\u201d, disse Breer. \u201cTipo, o que lhe d\u00e1 o direito de pular o processo pelo qual os Raiders t\u00eam que passar, que os Bears t\u00eam que passar, os Jets t\u00eam que passar?\u201d<\/p>\n<p>\u201cEquipes que est\u00e3o competindo por ele. O que lhe d\u00e1 o direito de pular a linha? S\u00f3 porque voc\u00ea tem um relacionamento com ele? Bem, os Raiders tamb\u00e9m. Os Raiders t\u00eam Tom Brady e Richard Seymour l\u00e1. Ent\u00e3o, o que lhe d\u00e1 o direito de saltar na frente de todas essas outras equipes?\u201d<\/p>\n<p>A Nova Inglaterra tamb\u00e9m pediu permiss\u00e3o para entrevistar o coordenador ofensivo do Lions, Ben Johnson. Embora Johnson nunca tenha sido treinador principal, seu ataque lidera a liga em pontos por jogo (33,2) e \u00e9 o segundo em jardas por jogo (409,5). <\/p>\n<p>Brian Flores, ex-t\u00e9cnico dos Dolphins e atual coordenador defensivo dos Vikings que passou mais de uma d\u00e9cada na equipe t\u00e9cnica dos Patriots sob o comando de Bill Belichick, disse aos rep\u00f3rteres que estaria interessado em retornar \u00e0 Nova Inglaterra. Sua defesa \u00e9 a quinta colocada na liga em pontos permitidos, com 19,5 pontos por jogo, e ele contaria como candidato minorit\u00e1rio se os Patriots decidissem entrevist\u00e1-lo.<\/p>\n<p>No entanto, todos os sinais apontam Vrabel como favorito, segundo o The Boston Globe. Kraft disse que contratou Mayo no ano passado porque tinha medo de perd\u00ea-lo para outro time. Existe a possibilidade de que ele tenha medos semelhantes de avan\u00e7ar muito lentamente em Vrabel desta vez.<\/p>\n<p>\u201cVoc\u00ea est\u00e1 preocupado em perd\u00ea-lo? Bem, se voc\u00ea tem um relacionamento t\u00e3o forte com ele, n\u00e3o deveria se preocupar em perd\u00ea-lo\u201d, disse Breer. \u201cVoc\u00ea deveria passar por todo o processo como os Chargers fizeram no ano passado, quando souberam que iriam contratar Jim Harbaugh, provavelmente desde o in\u00edcio. <\/p>\n<p>\u201cEles ainda entrevistaram 15 candidatos a treinador principal\u201d, acrescentou. \u201cEles entrevistaram nove candidatos a gerente geral. \u2026 Mais uma vez, \u00e9 como colocar-se numa situa\u00e7\u00e3o diferente \u2013 \u00e9, \u2018N\u00e3o estamos sujeitos \u00e0s regras\u2019, algo com o qual esta organiza\u00e7\u00e3o, devemos notar, teve problemas no passado.\u201d<\/p>\n<p>Kraft herdou Bill Parcells quando comprou o time em 1994. Ele trocou por Belichick em 2000 e escolheu Mayo como sucessor de Belichick. Ele contratou Pete Carroll entre Parcells e Belichick. <\/p>\n<p>Os Patriots tiveram v\u00e1rios esc\u00e2ndalos durante a era Belichick, incluindo Spygate e Deflategate, que custaram ao draft da franquia uma compensa\u00e7\u00e3o entre outras penalidades. <\/p>\n<p>Os Patriots, mais uma vez, parecem estar violando as regras, disse Breer. <\/p>\n<p>\u201cIsso \u00e9 claramente um desrespeito \u00e0 regra. E veja, podemos discutir sobre o qu\u00e3o v\u00e1lida \u00e9 a regra e tudo mais\u201d, disse Breer. \u201cO que d\u00e1 aos Patriots o direito de fazer isso? Eles n\u00e3o fazem uma busca leg\u00edtima por coaching h\u00e1 25 anos. A Regra Rooney n\u00e3o existia h\u00e1 25 anos, ent\u00e3o voc\u00ea pode dizer que a regra \u00e9 uma droga e talvez seja, mas o que lhe d\u00e1 o direito de n\u00e3o ter que passar por todos os obst\u00e1culos que todo mundo passou por duas d\u00e9cadas?<\/p>\n<div class=\"o-author-single has-avatar\">\n<header class=\"m-author-card\">\n<div class=\"a-image a-image--square m-author-card__image\">\n\t\t<img decoding=\"async\" class=\"\" src=\"https:\/\/www.boston.com\/wp-content\/uploads\/2024\/10\/cropped-Screen-Shot-2024-01-26-at-4.59.30-PM-6706db53ae1d7-6706dcbabfba0-242x242.png\" alt=\"Imagem do perfil de Khari A. Thompson\"\/>\t<\/div>\n<div class=\"m-author-card__text\">\n<h3 class=\"m-author-card__title\"><a href=\"https:\/\/www.boston.com\/author\/kharia-thompson\">Khari A. Thompson<\/a><\/h3>\n<p><span class=\"m-author-card__subtitle\">Rep\u00f3rter Esportivo<\/span>\t<\/div>\n<\/header>\n<section class=\"author-info\">\n<div class=\"m-author__section\">\n<p>Khari Thompson cobre esportes profissionais para Boston.com. Antes de ingressar no time em 2022, Khari cobriu futebol universit\u00e1rio para o The Clarion Ledger em Jackson, Mississipi.<\/p>\n<\/div>\n<\/section>\n<\/div>\n<div class=\"m-block m-generic-cta\t m-generic-cta--post-content\t m-generic-cta--dark\t m-generic-cta--homepage\t m-generic-cta--email-signup\t\t m-generic-cta-block-style--default \tt-amp__generic-cta\"><\/p>\n<div class=\"m-generic-cta__wrap\">\n<div class=\"m-generic-cta__content\">\n<h3 class=\"m-generic-cta__title\">Inscreva-se para receber atualiza\u00e7\u00f5es do Patriots\ud83c\udfc8<\/h3>\n<p class=\"m-generic-cta__subtitle\">Receba as \u00faltimas not\u00edcias e an\u00e1lises em sua caixa de entrada durante a temporada de futebol.<\/p>\n<\/p><\/div>\n<\/p><\/div>\n<\/div><\/div>\n<p><script>\n\t\tvar consent=\"grant\";\n\t\t\/* The above code is parsing the JSON data from the local storage and storing it in a variable. *\/\n\t\t\t\t\tconst onetrustStorageConsent = JSON.parse(localStorage.getItem( 'consent_one_trust_bdc' ) );\n\t\t\tif ( ( onetrustStorageConsent !== null ) ) {\n\t\t\t\t\/* Checking to see if the user has consented to the use of cookies.\n\t\t\t\t* If they have not, it is deleting the cookie.\n\t\t\t\t* This will comment for now, until further notice.\n\t\t\t\t*\/\n\t\t\t\t\/\/if ( onetrustStorageConsent.C0002 === false ) {\n\t\t\t\t\/\/\tdocument.cookie=\"_fbp=;expires=Thu, 01 Jan 2010 00:00:00 UTC; path=\/; domain=.boston.com\";\n\t\t\t\t\/\/}\n\t\t\t\t\/* Checking if the user has given consent for the cookie C0002.\n\t\t\t\t* If the user has given consent, the variable consent will be set to 'grant'.\n\t\t\t\t* If the user has not given consent,the variable consent will be set to 'revoke'.\n\t\t\t\t* Documentation https:\/\/developers.facebook.com\/docs\/meta-pixel\/implementation\/gdpr\n\t\t\t\t*\/\n\t\t\t\tif ( onetrustStorageConsent.C0002 !== true ) {\n\t\t\t\t\tconsent=\"revoke\";\n\t\t\t\t}\n\t\t\t}\n\t\t\t\t!function(f,b,e,v,n,t,s)\n\t\t{if(f.fbq)return;n=f.fbq=function(){n.callMethod?\n\t\tn.callMethod.apply(n,arguments):n.queue.push(arguments)};\n\t\tif(!f._fbq)f._fbq=n;n.push=n;n.loaded=!0;n.version='2.0';\n\t\tn.queue=[];t=b.createElement(e);t.async=!0;\n\t\tt.src=v;s=b.getElementsByTagName(e)[0];\n\t\ts.parentNode.insertBefore(t,s)}(window, document,'script',\n\t\t'https:\/\/connect.facebook.net\/en_US\/fbevents.js');\n\t\tfbq('consent', consent);\n\t\tfbq('init', '989222871864976');\n\t\tfbq('track', 'PageView');\n\t<\/script><script type=\"module\">\n\t\tvar consent=\"grant\";\n\t\t\/* The above code is parsing the JSON data from the local storage and storing it in a variable. *\/\n\t\t\tconst onetrustStorageConsent = JSON.parse(localStorage.getItem( 'consent_one_trust_bdc' ) );\n\t\t\t\/* Checking to see if the user has consented to the use of cookies.\n\t\t\t* If they have not, it is deleting the cookie.\n\t\t\t* This will comment for now, until further notice.\n\t\t\t*\/\n\t\t\t\/\/if ( onetrustStorageConsent.C0002 === false ) {\n\t\t\t\/\/\tdocument.cookie=\"_fbp=;expires=Thu, 01 Jan 2010 00:00:00 UTC; path=\/; domain=.boston.com\";\n\t\t\t\/\/}\n\t\t\t\/* Checking if the user has given consent for the cookie C0002.\n\t\t\t* If the user has given consent, the variable consent will be set to 'grant'.\n\t\t\t* If the user has not given consent,the variable consent will be set to 'revoke'.\n\t\t\t* Documentation https:\/\/developers.facebook.com\/docs\/meta-pixel\/implementation\/gdpr\n\t\t\t*\/\n\t\t\tif ( ( onetrustStorageConsent !== null ) && (onetrustStorageConsent.C0002 !== true ) ) {\n\t\t\t\tconsent=\"revoke\";\n\t\t\t}\n\t\t\t\t!function(f,b,e,v,n,t,s){if(f.fbq)return;n=f.fbq=function()\n\t\t{n.callMethod? n.callMethod.apply(n,arguments):n.queue.push(arguments)}\n\t\t;if(!f._fbq)f._fbq=n;\n\t\tn.push=n;n.loaded=!0;n.version='2.0';n.queue=[];t=b.createElement(e);t.async=!0;\n\t\tt.src=v;s=b.getElementsByTagName(e)[0];s.parentNode.insertBefore(t,s)}(window,\n\t\tdocument,'script','https:\/\/connect.facebook.net\/en_US\/fbevents.js');\n\t\tfbq('consent', consent);\n\t\tfbq('init', '813236348753005');\n\t\tfbq('track', \"PageView\");\n\t<\/script><br \/>\n<br \/><br \/>\n<br \/><a href=\"https:\/\/www.boston.com\/sports\/new-england-patriots\/2025\/01\/08\/robert-kraft-albert-breer-patriots-sham-interviews-comments-quotes\/\">Source link <\/a><\/p>","protected":false},"excerpt":{"rendered":"<p>Patriotas &#8220;Parece uma farsa. Quero dizer, vou cham\u00e1-lo do que penso que \u00e9.&#8221; Roberto Kraft. Foto AP\/Charles Krupa Joe Mazzulla opinou sobre a demiss\u00e3o de Jerod Mayo pelos Patriots Brian&hellip;<\/p>","protected":false},"author":1,"featured_media":89320,"comment_status":"closed","ping_status":"open","sticky":false,"template":"","format":"standard","meta":{"content-type":"","footnotes":""},"categories":[1],"tags":[],"class_list":["post-89319","post","type-post","status-publish","format-standard","has-post-thumbnail","hentry","category-uncategorized"],"_links":{"self":[{"href":"https:\/\/tvbrazilusa.com\/pt\/wp-json\/wp\/v2\/posts\/89319","targetHints":{"allow":["GET"]}}],"collection":[{"href":"https:\/\/tvbrazilusa.com\/pt\/wp-json\/wp\/v2\/posts"}],"about":[{"href":"https:\/\/tvbrazilusa.com\/pt\/wp-json\/wp\/v2\/types\/post"}],"author":[{"embeddable":true,"href":"https:\/\/tvbrazilusa.com\/pt\/wp-json\/wp\/v2\/users\/1"}],"replies":[{"embeddable":true,"href":"https:\/\/tvbrazilusa.com\/pt\/wp-json\/wp\/v2\/comments?post=89319"}],"version-history":[{"count":1,"href":"https:\/\/tvbrazilusa.com\/pt\/wp-json\/wp\/v2\/posts\/89319\/revisions"}],"predecessor-version":[{"id":89321,"href":"https:\/\/tvbrazilusa.com\/pt\/wp-json\/wp\/v2\/posts\/89319\/revisions\/89321"}],"wp:featuredmedia":[{"embeddable":true,"href":"https:\/\/tvbrazilusa.com\/pt\/wp-json\/wp\/v2\/media\/89320"}],"wp:attachment":[{"href":"https:\/\/tvbrazilusa.com\/pt\/wp-json\/wp\/v2\/media?parent=89319"}],"wp:term":[{"taxonomy":"category","embeddable":true,"href":"https:\/\/tvbrazilusa.com\/pt\/wp-json\/wp\/v2\/categories?post=89319"},{"taxonomy":"post_tag","embeddable":true,"href":"https:\/\/tvbrazilusa.com\/pt\/wp-json\/wp\/v2\/tags?post=89319"}],"curies":[{"name":"wp","href":"https:\/\/api.w.org\/{rel}","templated":true}]}}