{"id":89328,"date":"2025-01-08T20:22:40","date_gmt":"2025-01-08T20:22:40","guid":{"rendered":"https:\/\/tvbrazilusa.com\/2025\/01\/08\/gayer-propoe-projeto-para-cancelar-a-medida-que-regula-o-aborto-em-adolescentes\/"},"modified":"2025-01-08T20:22:42","modified_gmt":"2025-01-08T20:22:42","slug":"gayer-propoe-projeto-para-cancelar-a-medida-que-regula-o-aborto-em-adolescentes","status":"publish","type":"post","link":"https:\/\/tvbrazilusa.com\/pt\/2025\/01\/08\/gayer-propoe-projeto-para-cancelar-a-medida-que-regula-o-aborto-em-adolescentes\/","title":{"rendered":"Gayer prop\u00f5e projeto para cancelar a medida que regula o aborto em adolescentes"},"content":{"rendered":"<p> <script async src=\"https:\/\/pagead2.googlesyndication.com\/pagead\/js\/adsbygoogle.js?client=ca-pub-8864793242727901\"\r\n     crossorigin=\"anonymous\"><\/script><br \/>\n<\/p>\n<div id=\"taboola-read-more\" style=\"display:block; width:100%\">\n<p>O deputado federal Gustavo Gayer (PL-GO) apresentou, nesta quarta-feira (8), um Projeto de Decreto Legislativo (PDL) com o objetivo de suspender os efeitos da Resolu\u00e7\u00e3o n.\u00ba 258 de 23 de dezembro de 2024, do Conselho Nacional dos Direitos da Crian\u00e7a e do Adolescente (Conanda). A resolu\u00e7\u00e3o regulamenta a pr\u00e1tica do aborto legal em casos de viol\u00eancia sexual envolvendo crian\u00e7as e adolescentes. Gayer argumenta que &#8220;qualquer ato que busque regular procedimentos de sa\u00fade e direitos fundamentais, como o aborto, deve ser objeto de legisla\u00e7\u00e3o formal, e n\u00e3o de resolu\u00e7\u00f5es de conselhos ou \u00f3rg\u00e3os administrativos, como o Conanda&#8221;. A proposta do deputado visa garantir que decis\u00f5es desse tipo sejam tratadas por meio de leis aprovadas no Congresso Nacional.\n<\/p>\n<p>A justificativa do PDL destaca que, embora a medida do Conanda tenha a inten\u00e7\u00e3o de garantir prote\u00e7\u00e3o \u00e0s crian\u00e7as e adolescentes em \u201csitua\u00e7\u00f5es extremas\u201d, ela n\u00e3o est\u00e1 alinhada aos princ\u00edpios constitucionais, como o &#8220;direito \u00e0 vida&#8221; e a &#8220;responsabilidade familiar&#8221;. O deputado enfatiza que a resolu\u00e7\u00e3o representa &#8220;um perigo potencial para a seguran\u00e7a e bem-estar das v\u00edtimas&#8221;, ao permitir a pr\u00e1tica do aborto sem a autoriza\u00e7\u00e3o dos respons\u00e1veis legais.<\/p>\n<p>Al\u00e9m de Gayer, outros parlamentares tamb\u00e9m t\u00eam se manifestado contra a medida. Messias Donato (Republicanos-ES) \u00e9 um dos nomes que est\u00e1 trabalhando em um documento semelhante para sustar a resolu\u00e7\u00e3o, mas que s\u00f3 poder\u00e3o ser discutidas e implementadas a partir de fevereiro, quando os trabalhos legislativos forem retomados.\n<\/p>\n<p>Relembre o caso\n<\/p>\n<p>O Conanda, \u00f3rg\u00e3o ligado ao Minist\u00e9rio dos Direitos Humanos e Cidadania, do governo federal, composto por representantes do governo e da sociedade civil, aprovou em 23 de dezembro passado, um dia ap\u00f3s o in\u00edcio do recesso parlamentar, a resolu\u00e7\u00e3o que permite o aborto em crian\u00e7as e adolescentes gr\u00e1vidas que relatarem gesta\u00e7\u00e3o resultante de abuso sexual, em caso de risco de vida da gestante ou anencefalia do feto.\n<\/p>\n<p>A medida foi suspensa ainda em dezembro ap\u00f3s a\u00e7\u00e3o movida pela senadora Damares Alves (Republicanos-DF). No entanto, na \u00faltima ter\u00e7a-feira (7), o desembargador Ney Bello, do Tribunal Regional Federal da 1\u00aa Regi\u00e3o (TRF-1), autorizou sua publica\u00e7\u00e3o, o que ocorreu nesta quarta-feira (8), permitindo o aborto at\u00e9 nove meses de gesta\u00e7\u00e3o em casos de viol\u00eancia sexual, sem a necessidade de consentimento dos pais.\n<\/p>\n<p>A resolu\u00e7\u00e3o, agora v\u00e1lida, dever\u00e1 ser seguida pelos conselhos tutelares, hospitais e outros servi\u00e7os p\u00fablicos que prestam atendimento a crian\u00e7as e adolescentes v\u00edtimas de abuso. Apesar do preju\u00edzo da resolu\u00e7\u00e3o n\u00e3o ter sido debatido no Congresso, a expectativa dos parlamentares envolvidos na causa \u00e9 de que no in\u00edcio de fevereiro, quando as atividades legislativas forem reiniciadas, a medida seja coibida.\n<\/p>\n<p>Fonte: Gazeta do Povo              <\/p>\n<\/div>\n<p><br \/>\n<br \/><a href=\"https:\/\/diariodobrasilnoticias.com.br\/noticia\/gayer-propoe-projeto-para-cancelar-a-medida-que-regula-o-aborto-em-adolescentes-677ec351dc483\">Source link <\/a><\/p>","protected":false},"excerpt":{"rendered":"<p>O deputado federal Gustavo Gayer (PL-GO) apresentou, nesta quarta-feira (8), um Projeto de Decreto Legislativo (PDL) com o objetivo de suspender os efeitos da Resolu\u00e7\u00e3o n.\u00ba 258 de 23 de&hellip;<\/p>","protected":false},"author":1,"featured_media":89329,"comment_status":"closed","ping_status":"open","sticky":false,"template":"","format":"standard","meta":{"content-type":"","footnotes":""},"categories":[16],"tags":[123,2448,5313,1267],"class_list":["post-89328","post","type-post","status-publish","format-standard","has-post-thumbnail","hentry","category-noticias","tag-brasil","tag-diario","tag-noticia","tag-noticias"],"_links":{"self":[{"href":"https:\/\/tvbrazilusa.com\/pt\/wp-json\/wp\/v2\/posts\/89328","targetHints":{"allow":["GET"]}}],"collection":[{"href":"https:\/\/tvbrazilusa.com\/pt\/wp-json\/wp\/v2\/posts"}],"about":[{"href":"https:\/\/tvbrazilusa.com\/pt\/wp-json\/wp\/v2\/types\/post"}],"author":[{"embeddable":true,"href":"https:\/\/tvbrazilusa.com\/pt\/wp-json\/wp\/v2\/users\/1"}],"replies":[{"embeddable":true,"href":"https:\/\/tvbrazilusa.com\/pt\/wp-json\/wp\/v2\/comments?post=89328"}],"version-history":[{"count":1,"href":"https:\/\/tvbrazilusa.com\/pt\/wp-json\/wp\/v2\/posts\/89328\/revisions"}],"predecessor-version":[{"id":89330,"href":"https:\/\/tvbrazilusa.com\/pt\/wp-json\/wp\/v2\/posts\/89328\/revisions\/89330"}],"wp:featuredmedia":[{"embeddable":true,"href":"https:\/\/tvbrazilusa.com\/pt\/wp-json\/wp\/v2\/media\/89329"}],"wp:attachment":[{"href":"https:\/\/tvbrazilusa.com\/pt\/wp-json\/wp\/v2\/media?parent=89328"}],"wp:term":[{"taxonomy":"category","embeddable":true,"href":"https:\/\/tvbrazilusa.com\/pt\/wp-json\/wp\/v2\/categories?post=89328"},{"taxonomy":"post_tag","embeddable":true,"href":"https:\/\/tvbrazilusa.com\/pt\/wp-json\/wp\/v2\/tags?post=89328"}],"curies":[{"name":"wp","href":"https:\/\/api.w.org\/{rel}","templated":true}]}}