{"id":89352,"date":"2025-01-08T21:06:07","date_gmt":"2025-01-08T21:06:07","guid":{"rendered":"https:\/\/tvbrazilusa.com\/2025\/01\/08\/de-acordo-com-israel-os-corpos-de-dois-refens-sequestrados-pelo-hamas-foram-encontrados-em-gaza\/"},"modified":"2025-01-08T21:06:09","modified_gmt":"2025-01-08T21:06:09","slug":"de-acordo-com-israel-os-corpos-de-dois-refens-sequestrados-pelo-hamas-foram-encontrados-em-gaza","status":"publish","type":"post","link":"https:\/\/tvbrazilusa.com\/pt\/2025\/01\/08\/de-acordo-com-israel-os-corpos-de-dois-refens-sequestrados-pelo-hamas-foram-encontrados-em-gaza\/","title":{"rendered":"De acordo com Israel, os corpos de dois ref\u00e9ns sequestrados pelo Hamas foram encontrados em Gaza"},"content":{"rendered":"<p> <script async src=\"https:\/\/pagead2.googlesyndication.com\/pagead\/js\/adsbygoogle.js?client=ca-pub-8864793242727901\"\r\n     crossorigin=\"anonymous\"><\/script><br \/>\n<\/p>\n<div id=\"taboola-read-more\" style=\"display:block; width:100%\">\n<p>O ministro da Defesa israelense, Israel Katz, afirmou nesta quarta-feira, 8, que militares recuperaram os corpos de dois dos cerca de 100 ref\u00e9ns que seguem em cativeiro em Gaza, 15 meses ap\u00f3s o in\u00edcio da guerra contra o grupo palestino radical Hamas.\n<\/p>\n<p>Os corpos de Yosef Al Zaydani, 53 anos, e seu filho Hamzah, 22, foram encontrados durante uma opera\u00e7\u00e3o do Ex\u00e9rcito de Israel. Ambos foram sequestrados pelo Hamas durante o ataque de 7 de outubro de 2023, quando cerca de 1.200 pessoas foram mortas e outras 251 foram feitas ref\u00e9ns em Israel.<\/p>\n<p>\u201cFomos informados de que os corpos de Yosef e Hamza foram encontrados. Nossos cora\u00e7\u00f5es est\u00e3o partidos. Esper\u00e1vamos que eles voltassem vivos para os bra\u00e7os de sua fam\u00edlia, mas infelizmente eles voltaram sem vida\u201d, disse o irm\u00e3o de Yosef .\n<\/p>\n<p>Israel acredita que dois ter\u00e7os dos 100 ref\u00e9ns ainda mantidos em Gaza est\u00e3o mortos. Esse n\u00famero inclui tr\u00eas que foram mortos por engano por soldados das FDI e outro que faleceu em uma miss\u00e3o de resgate fracassada. O Hamas alegou que v\u00e1rios morreram devido a bombardeios israelenses.\n<\/p>\n<p>A \u00faltima rodada de negocia\u00e7\u00f5es planejadas para intermediar um poss\u00edvel cessar-fogo foi retomada no Catar no domingo, 5. Durante as negocia\u00e7\u00f5es de cessar-fogo, uma autoridade do Hamas disse que o grupo havia feito uma lista de 34 ref\u00e9ns que seriam devolvidos para Israel como parte do acordo.\n<\/p>\n<p>Enquanto isso, em Gaza, ataques militares israelenses mataram pelo menos 27 pessoas nesta quarta-feira, segundo m\u00e9dicos palestinos.\n<\/p>\n<p>Fonte: Veja              <\/p>\n<\/div>\n<p><br \/>\n<br \/><a href=\"https:\/\/diariodobrasilnoticias.com.br\/noticia\/de-acordo-com-israel-os-corpos-de-dois-refens-sequestrados-pelo-hamas-foram-encontrados-em-gaza-677ec3c77d551\">Source link <\/a><\/p>","protected":false},"excerpt":{"rendered":"<p>O ministro da Defesa israelense, Israel Katz, afirmou nesta quarta-feira, 8, que militares recuperaram os corpos de dois dos cerca de 100 ref\u00e9ns que seguem em cativeiro em Gaza, 15&hellip;<\/p>","protected":false},"author":1,"featured_media":89353,"comment_status":"closed","ping_status":"open","sticky":false,"template":"","format":"standard","meta":{"content-type":"","footnotes":""},"categories":[16],"tags":[123,2448,5313,1267],"class_list":["post-89352","post","type-post","status-publish","format-standard","has-post-thumbnail","hentry","category-noticias","tag-brasil","tag-diario","tag-noticia","tag-noticias"],"_links":{"self":[{"href":"https:\/\/tvbrazilusa.com\/pt\/wp-json\/wp\/v2\/posts\/89352","targetHints":{"allow":["GET"]}}],"collection":[{"href":"https:\/\/tvbrazilusa.com\/pt\/wp-json\/wp\/v2\/posts"}],"about":[{"href":"https:\/\/tvbrazilusa.com\/pt\/wp-json\/wp\/v2\/types\/post"}],"author":[{"embeddable":true,"href":"https:\/\/tvbrazilusa.com\/pt\/wp-json\/wp\/v2\/users\/1"}],"replies":[{"embeddable":true,"href":"https:\/\/tvbrazilusa.com\/pt\/wp-json\/wp\/v2\/comments?post=89352"}],"version-history":[{"count":1,"href":"https:\/\/tvbrazilusa.com\/pt\/wp-json\/wp\/v2\/posts\/89352\/revisions"}],"predecessor-version":[{"id":89354,"href":"https:\/\/tvbrazilusa.com\/pt\/wp-json\/wp\/v2\/posts\/89352\/revisions\/89354"}],"wp:featuredmedia":[{"embeddable":true,"href":"https:\/\/tvbrazilusa.com\/pt\/wp-json\/wp\/v2\/media\/89353"}],"wp:attachment":[{"href":"https:\/\/tvbrazilusa.com\/pt\/wp-json\/wp\/v2\/media?parent=89352"}],"wp:term":[{"taxonomy":"category","embeddable":true,"href":"https:\/\/tvbrazilusa.com\/pt\/wp-json\/wp\/v2\/categories?post=89352"},{"taxonomy":"post_tag","embeddable":true,"href":"https:\/\/tvbrazilusa.com\/pt\/wp-json\/wp\/v2\/tags?post=89352"}],"curies":[{"name":"wp","href":"https:\/\/api.w.org\/{rel}","templated":true}]}}