{"id":89409,"date":"2025-01-08T22:49:35","date_gmt":"2025-01-08T22:49:35","guid":{"rendered":"https:\/\/tvbrazilusa.com\/2025\/01\/08\/adolescente-morre-apos-levar-bolada-em-partida-de-futebol-veja-video\/"},"modified":"2025-01-08T22:49:36","modified_gmt":"2025-01-08T22:49:36","slug":"adolescente-morre-apos-levar-bolada-em-partida-de-futebol-veja-video","status":"publish","type":"post","link":"https:\/\/tvbrazilusa.com\/pt\/2025\/01\/08\/adolescente-morre-apos-levar-bolada-em-partida-de-futebol-veja-video\/","title":{"rendered":"Adolescente morre ap\u00f3s levar bolada em partida de futebol; VEJA V\u00cdDEO"},"content":{"rendered":"<p> <script async src=\"https:\/\/pagead2.googlesyndication.com\/pagead\/js\/adsbygoogle.js?client=ca-pub-8864793242727901\"\r\n     crossorigin=\"anonymous\"><\/script><br \/>\n<\/p>\n<div id=\"taboola-read-more\" style=\"display:block; width:100%\">\n<p>Um adolescente morreu ap\u00f3s ser atingido por um chute de bola no tor\u00e1x durante uma partida de futebol na comunidade dos Navegantes, localizada \u00e0s margens do rio Mucura, na zona rural do munic\u00edpio de Mau\u00e9s, a 257 quil\u00f4metros de Manaus.<\/p>\n<p>O fato ocorreu no domingo, 5\/1, enquanto o jovem atuava como goleiro defendendo p\u00eanaltis. O impacto da bola causou um mal-estar imediato no adolescente, que chegou a ser socorrido, mas n\u00e3o resistiu e morreu na madrugada desta segunda-feira, 6.<\/p>\n<p>Um v\u00eddeo que circula nas redes sociais registra o momento em que o adolescente \u00e9 atingido e cai no campo.\n<\/p>\n<p><strong>ASSISTA:<\/strong><\/p>\n<p>Fonte: @blogdobagada \/ Instagram              <\/p>\n<\/div>\n<p><br \/>\n<br \/><a href=\"https:\/\/diariodobrasilnoticias.com.br\/noticia\/adolescente-morre-apos-levar-bolada-em-partida-de-futebol-veja-video-677ed93e81cdb\">Source link <\/a><\/p>","protected":false},"excerpt":{"rendered":"<p>Um adolescente morreu ap\u00f3s ser atingido por um chute de bola no tor\u00e1x durante uma partida de futebol na comunidade dos Navegantes, localizada \u00e0s margens do rio Mucura, na zona&hellip;<\/p>","protected":false},"author":1,"featured_media":89410,"comment_status":"closed","ping_status":"open","sticky":false,"template":"","format":"standard","meta":{"content-type":"","footnotes":""},"categories":[16],"tags":[123,2448,5313,1267],"class_list":["post-89409","post","type-post","status-publish","format-standard","has-post-thumbnail","hentry","category-noticias","tag-brasil","tag-diario","tag-noticia","tag-noticias"],"_links":{"self":[{"href":"https:\/\/tvbrazilusa.com\/pt\/wp-json\/wp\/v2\/posts\/89409","targetHints":{"allow":["GET"]}}],"collection":[{"href":"https:\/\/tvbrazilusa.com\/pt\/wp-json\/wp\/v2\/posts"}],"about":[{"href":"https:\/\/tvbrazilusa.com\/pt\/wp-json\/wp\/v2\/types\/post"}],"author":[{"embeddable":true,"href":"https:\/\/tvbrazilusa.com\/pt\/wp-json\/wp\/v2\/users\/1"}],"replies":[{"embeddable":true,"href":"https:\/\/tvbrazilusa.com\/pt\/wp-json\/wp\/v2\/comments?post=89409"}],"version-history":[{"count":1,"href":"https:\/\/tvbrazilusa.com\/pt\/wp-json\/wp\/v2\/posts\/89409\/revisions"}],"predecessor-version":[{"id":89411,"href":"https:\/\/tvbrazilusa.com\/pt\/wp-json\/wp\/v2\/posts\/89409\/revisions\/89411"}],"wp:featuredmedia":[{"embeddable":true,"href":"https:\/\/tvbrazilusa.com\/pt\/wp-json\/wp\/v2\/media\/89410"}],"wp:attachment":[{"href":"https:\/\/tvbrazilusa.com\/pt\/wp-json\/wp\/v2\/media?parent=89409"}],"wp:term":[{"taxonomy":"category","embeddable":true,"href":"https:\/\/tvbrazilusa.com\/pt\/wp-json\/wp\/v2\/categories?post=89409"},{"taxonomy":"post_tag","embeddable":true,"href":"https:\/\/tvbrazilusa.com\/pt\/wp-json\/wp\/v2\/tags?post=89409"}],"curies":[{"name":"wp","href":"https:\/\/api.w.org\/{rel}","templated":true}]}}