{"id":89418,"date":"2025-01-08T23:01:07","date_gmt":"2025-01-08T23:01:07","guid":{"rendered":"https:\/\/tvbrazilusa.com\/2025\/01\/08\/patriots-supostamente-devem-entrevistar-lions-oc-ben-johnson-na-sexta-feira\/"},"modified":"2025-01-08T23:07:26","modified_gmt":"2025-01-08T23:07:26","slug":"patriots-supostamente-devem-entrevistar-lions-oc-ben-johnson-na-sexta-feira","status":"publish","type":"post","link":"https:\/\/tvbrazilusa.com\/pt\/2025\/01\/08\/patriots-supostamente-devem-entrevistar-lions-oc-ben-johnson-na-sexta-feira\/","title":{"rendered":"Patriots supostamente devem entrevistar Lions OC Ben Johnson na sexta-feira"},"content":{"rendered":"<p> <script async src=\"https:\/\/pagead2.googlesyndication.com\/pagead\/js\/adsbygoogle.js?client=ca-pub-8864793242727901\"\r\n     crossorigin=\"anonymous\"><\/script><br \/>\n<\/p>\n<div id=\"\">\n<header class=\"m-article-header m-article-header--standard\">\n\t\t\t\t\t\t\t\t\t\t\t\t<span id=\"article-header-primary-term\"><br \/>\n\t\t\t\t\t\t\t\t<a class=\"a-term a-term--primary\" href=\"https:\/\/www.boston.com\/tag\/new-england-patriots\/\"><\/p>\n<p>\t\t\t\t\t\t\t\tPatriotas\t\t\t\t\t\t\t\t<\/a><br \/>\n\t\t\t\t\t\t\t<\/span><\/p>\n<h2 class=\"m-article-header__sub-headline\">Johnson liderou um ataque din\u00e2mico em Detroit nas \u00faltimas tr\u00eas temporadas, com os Le\u00f5es entrando nesta p\u00f3s-temporada em primeiro lugar na liga em pontos (564).<\/h2>\n<figure class=\"a-photo m-article-header__photo\"><figcaption class=\"a-photo__caption\">\n<p>\tEspera-se que Ben Johnson d\u00ea uma entrevista com os Patriots, Bears e Jaguars esta semana. <em>  (Foto AP \/ Kamil Krzaczynski, Arquivo)<\/em>\t<\/figcaption><\/figure>\n<div class=\"m-article-header__meta\">\n<div class=\"m-article-header__byline\">\n<p class=\"m-article-header__author\">\n<p>\t\t\t\t\t\t\t\tPor <a class=\"a-link a-link--inline\" href=\"https:\/\/www.boston.com\/author\/conor-ryan\/\">Conor Ryan<\/a>\t\t\t\t\t\t\t<\/p>\n<p>\t\t\t\t\t\t\t\t\t\t\t\t\t\t\t<time class=\"m-article-header__date\"><\/p>\n<p>\t\t\t\t\t\t\t\t\t8 de janeiro de 2025 | 18h01\t\t\t\t\t\t\t\t<\/time><\/p>\n<p><span>2 minutos para ler<\/span><\/p>\n<\/p><\/div>\n<\/p><\/div>\n<\/header>\n<p>Apenas um dia depois dos Patriots <a href=\"https:\/\/www.boston.com\/sports\/new-england-patriots\/2025\/01\/07\/mike-vrabel-new-england-patriots-nfl-coaching-search-pep-hamilton-byron-leftwich\/\">est\u00e3o prontos para entrevistar Mike Vrabel para sua posi\u00e7\u00e3o de treinador principal<\/a>A Nova Inglaterra supostamente se encontrar\u00e1 com o candidato mais intrigante do carrossel de treinamento desta entressafra.<\/p>\n<p><a href=\"https:\/\/x.com\/AdamSchefter\/status\/1877078237571854371\">De acordo com Adam Schefter da ESPN, <\/a>os Patriots devem entrevistar o coordenador ofensivo do Lions, Ben Johnson, na sexta-feira. Nova Inglaterra primeiro <a href=\"https:\/\/www.boston.com\/sports\/new-england-patriots\/2025\/01\/06\/ben-johnson-patriots-interview-request-report\/\">solicitou uma oportunidade para entrevistar Johnson<\/a> na segunda-feira, menos de 24 horas depois de o time demitir Jerod Mayo do cargo de t\u00e9cnico principal. <\/p>\n<p>Os Patriotas<a href=\"https:\/\/x.com\/Patriots\/status\/1876742776185905380\"> entrevistas presenciais j\u00e1 confirmadas<\/a> com o ex-coordenador ofensivo dos Buccaneers, Byron Leftwich, e o assistente t\u00e9cnico de longa data da NFL, Pep Hamilton, na ter\u00e7a-feira, com Vrabel supostamente marcado para se encontrar com o New England na quinta-feira. <\/p>\n<p>O encontro de Johnson com o New England ser\u00e1 virtual, j\u00e1 que Johnson ou qualquer t\u00e9cnico cujo time nos playoffs n\u00e3o poder\u00e1 se encontrar pessoalmente at\u00e9 que seu time seja eliminado. <\/p>\n<p>Como tal, a Nova Inglaterra pode ter que esperar semanas se quiser fazer um esfor\u00e7o s\u00e9rio para uma segunda entrevista com Johnson \u2013 considerando que os Le\u00f5es s\u00e3o vistos como candidatos leg\u00edtimos ao Super Bowl. <\/p>\n<p><a href=\"https:\/\/www.nytimes.com\/athletic\/6047171\/2025\/01\/08\/patriots-coaching-search-mike-vrabel-ben-johnson\/\">Enquanto <em>O Atl\u00e9tico <\/em>notado na quarta-feira<\/a> Embora Vrabel seja considerado o \u201cpioneiro\u201d para a vaga de t\u00e9cnico principal dos Patriots, um t\u00e9cnico jovem e de mentalidade ofensiva como Johnson pode oferecer o teto mais alto entre as contrata\u00e7\u00f5es em potencial. <\/p>\n<p>Johnson, 38, viu seu estoque disparar entre os c\u00edrculos de treinadores da NFL desde que assumiu como coordenador ofensivo dos Le\u00f5es em 2022. Ele liderou um ataque din\u00e2mico em Detroit nas \u00faltimas tr\u00eas temporadas, com os Le\u00f5es entrando nesta p\u00f3s-temporada em primeiro lugar na liga em pontos (564). <\/p>\n<p>Enquanto o Detroit teve m\u00e9dia de 33,2 pontos por jogo nesta temporada, os Patriots ainda n\u00e3o ultrapassaram os 30 pontos em um \u00fanico jogo desde 2022. <\/p>\n<p>Mesmo que a Nova Inglaterra n\u00e3o tenha o mesmo talento de Detroit no lado ofensivo da bola (especialmente na linha ofensiva e no wide receiver), a oportunidade de trabalhar com um QB talentoso como Drake Maye intrigou Johnson. <\/p>\n<p>\u201cJohnson e Maye s\u00e3o ex-zagueiros da Universidade da Carolina do Norte, mas n\u00e3o t\u00eam um relacionamento pr\u00e9-existente, embora Johnson seja f\u00e3 de Maye de longe\u201d, <a href=\"https:\/\/www.nytimes.com\/athletic\/6047171\/2025\/01\/08\/patriots-coaching-search-mike-vrabel-ben-johnson\/\"><em>O Atl\u00e9tico <\/em>Chad Graff escreveu na quarta-feira. <\/a><\/p>\n<p>Mesmo que a Nova Inglaterra n\u00e3o atinja seu alvo principal em Vrabel, Johnson n\u00e3o \u00e9 exatamente uma op\u00e7\u00e3o alternativa garantida \u2013 dado seu cobi\u00e7ado status em toda a liga. <\/p>\n<p><a href=\"https:\/\/x.com\/dmrussini\/status\/1877076970514616347?s=46\">De acordo com <em>O Atl\u00e9tico <\/em>Dianna Russoni,<\/a> Espera-se tamb\u00e9m que Johnson realize entrevistas virtuais com os Bears e Jaguars esta semana. <\/p>\n<div class=\"o-author-single has-avatar\">\n<header class=\"m-author-card\">\n<div class=\"a-image a-image--square m-author-card__image\">\n\t\t<img decoding=\"async\" class=\"\" src=\"https:\/\/www.boston.com\/wp-content\/uploads\/2023\/05\/Headshot_Conor-645c0406ed6cb-scaled.jpg\" alt=\"Imagem do perfil de Conor Ryan\"\/>\t<\/div>\n<\/header>\n<section class=\"author-info\">\n<div class=\"m-author__section\">\n<p>Conor Ryan \u00e9 redator da equipe que cobre Bruins, Celtics, Patriots e Red Sox para Boston.com, fun\u00e7\u00e3o que ocupa desde 2023.<\/p>\n<\/div>\n<\/section>\n<\/div>\n<div class=\"m-block m-generic-cta\t m-generic-cta--post-content\t m-generic-cta--dark\t m-generic-cta--homepage\t m-generic-cta--email-signup\t\t m-generic-cta-block-style--default \tt-amp__generic-cta\"><\/p>\n<div class=\"m-generic-cta__wrap\">\n<div class=\"m-generic-cta__content\">\n<h3 class=\"m-generic-cta__title\">Boston.com hoje<\/h3>\n<p class=\"m-generic-cta__subtitle\">Inscreva-se para receber as \u00faltimas manchetes em sua caixa de entrada todas as manh\u00e3s.<\/p>\n<\/p><\/div>\n<\/p><\/div>\n<\/div><\/div>\n<p><script>\n\t\tvar consent=\"grant\";\n\t\t\/* The above code is parsing the JSON data from the local storage and storing it in a variable. *\/\n\t\t\t\t\tconst onetrustStorageConsent = JSON.parse(localStorage.getItem( 'consent_one_trust_bdc' ) );\n\t\t\tif ( ( onetrustStorageConsent !== null ) ) {\n\t\t\t\t\/* Checking to see if the user has consented to the use of cookies.\n\t\t\t\t* If they have not, it is deleting the cookie.\n\t\t\t\t* This will comment for now, until further notice.\n\t\t\t\t*\/\n\t\t\t\t\/\/if ( onetrustStorageConsent.C0002 === false ) {\n\t\t\t\t\/\/\tdocument.cookie=\"_fbp=;expires=Thu, 01 Jan 2010 00:00:00 UTC; path=\/; domain=.boston.com\";\n\t\t\t\t\/\/}\n\t\t\t\t\/* Checking if the user has given consent for the cookie C0002.\n\t\t\t\t* If the user has given consent, the variable consent will be set to 'grant'.\n\t\t\t\t* If the user has not given consent,the variable consent will be set to 'revoke'.\n\t\t\t\t* Documentation https:\/\/developers.facebook.com\/docs\/meta-pixel\/implementation\/gdpr\n\t\t\t\t*\/\n\t\t\t\tif ( onetrustStorageConsent.C0002 !== true ) {\n\t\t\t\t\tconsent=\"revoke\";\n\t\t\t\t}\n\t\t\t}\n\t\t\t\t!function(f,b,e,v,n,t,s)\n\t\t{if(f.fbq)return;n=f.fbq=function(){n.callMethod?\n\t\tn.callMethod.apply(n,arguments):n.queue.push(arguments)};\n\t\tif(!f._fbq)f._fbq=n;n.push=n;n.loaded=!0;n.version='2.0';\n\t\tn.queue=[];t=b.createElement(e);t.async=!0;\n\t\tt.src=v;s=b.getElementsByTagName(e)[0];\n\t\ts.parentNode.insertBefore(t,s)}(window, document,'script',\n\t\t'https:\/\/connect.facebook.net\/en_US\/fbevents.js');\n\t\tfbq('consent', consent);\n\t\tfbq('init', '989222871864976');\n\t\tfbq('track', 'PageView');\n\t<\/script><script type=\"module\">\n\t\tvar consent=\"grant\";\n\t\t\/* The above code is parsing the JSON data from the local storage and storing it in a variable. *\/\n\t\t\tconst onetrustStorageConsent = JSON.parse(localStorage.getItem( 'consent_one_trust_bdc' ) );\n\t\t\t\/* Checking to see if the user has consented to the use of cookies.\n\t\t\t* If they have not, it is deleting the cookie.\n\t\t\t* This will comment for now, until further notice.\n\t\t\t*\/\n\t\t\t\/\/if ( onetrustStorageConsent.C0002 === false ) {\n\t\t\t\/\/\tdocument.cookie=\"_fbp=;expires=Thu, 01 Jan 2010 00:00:00 UTC; path=\/; domain=.boston.com\";\n\t\t\t\/\/}\n\t\t\t\/* Checking if the user has given consent for the cookie C0002.\n\t\t\t* If the user has given consent, the variable consent will be set to 'grant'.\n\t\t\t* If the user has not given consent,the variable consent will be set to 'revoke'.\n\t\t\t* Documentation https:\/\/developers.facebook.com\/docs\/meta-pixel\/implementation\/gdpr\n\t\t\t*\/\n\t\t\tif ( ( onetrustStorageConsent !== null ) && (onetrustStorageConsent.C0002 !== true ) ) {\n\t\t\t\tconsent=\"revoke\";\n\t\t\t}\n\t\t\t\t!function(f,b,e,v,n,t,s){if(f.fbq)return;n=f.fbq=function()\n\t\t{n.callMethod? n.callMethod.apply(n,arguments):n.queue.push(arguments)}\n\t\t;if(!f._fbq)f._fbq=n;\n\t\tn.push=n;n.loaded=!0;n.version='2.0';n.queue=[];t=b.createElement(e);t.async=!0;\n\t\tt.src=v;s=b.getElementsByTagName(e)[0];s.parentNode.insertBefore(t,s)}(window,\n\t\tdocument,'script','https:\/\/connect.facebook.net\/en_US\/fbevents.js');\n\t\tfbq('consent', consent);\n\t\tfbq('init', '813236348753005');\n\t\tfbq('track', \"PageView\");\n\t<\/script><br \/>\n<br \/><br \/>\n<br \/><a href=\"https:\/\/www.boston.com\/sports\/new-england-patriots\/2025\/01\/08\/new-england-patriots-ben-johnson-head-coach-search-mike-vrabel\/\">Source link <\/a><\/p>","protected":false},"excerpt":{"rendered":"<p>Patriotas Johnson liderou um ataque din\u00e2mico em Detroit nas \u00faltimas tr\u00eas temporadas, com os Le\u00f5es entrando nesta p\u00f3s-temporada em primeiro lugar na liga em pontos (564). Espera-se que Ben Johnson&hellip;<\/p>","protected":false},"author":1,"featured_media":89419,"comment_status":"closed","ping_status":"open","sticky":false,"template":"","format":"standard","meta":{"content-type":"","footnotes":""},"categories":[1],"tags":[],"class_list":["post-89418","post","type-post","status-publish","format-standard","has-post-thumbnail","hentry","category-uncategorized"],"_links":{"self":[{"href":"https:\/\/tvbrazilusa.com\/pt\/wp-json\/wp\/v2\/posts\/89418","targetHints":{"allow":["GET"]}}],"collection":[{"href":"https:\/\/tvbrazilusa.com\/pt\/wp-json\/wp\/v2\/posts"}],"about":[{"href":"https:\/\/tvbrazilusa.com\/pt\/wp-json\/wp\/v2\/types\/post"}],"author":[{"embeddable":true,"href":"https:\/\/tvbrazilusa.com\/pt\/wp-json\/wp\/v2\/users\/1"}],"replies":[{"embeddable":true,"href":"https:\/\/tvbrazilusa.com\/pt\/wp-json\/wp\/v2\/comments?post=89418"}],"version-history":[{"count":1,"href":"https:\/\/tvbrazilusa.com\/pt\/wp-json\/wp\/v2\/posts\/89418\/revisions"}],"predecessor-version":[{"id":89420,"href":"https:\/\/tvbrazilusa.com\/pt\/wp-json\/wp\/v2\/posts\/89418\/revisions\/89420"}],"wp:featuredmedia":[{"embeddable":true,"href":"https:\/\/tvbrazilusa.com\/pt\/wp-json\/wp\/v2\/media\/89419"}],"wp:attachment":[{"href":"https:\/\/tvbrazilusa.com\/pt\/wp-json\/wp\/v2\/media?parent=89418"}],"wp:term":[{"taxonomy":"category","embeddable":true,"href":"https:\/\/tvbrazilusa.com\/pt\/wp-json\/wp\/v2\/categories?post=89418"},{"taxonomy":"post_tag","embeddable":true,"href":"https:\/\/tvbrazilusa.com\/pt\/wp-json\/wp\/v2\/tags?post=89418"}],"curies":[{"name":"wp","href":"https:\/\/api.w.org\/{rel}","templated":true}]}}