{"id":89444,"date":"2025-01-08T23:25:00","date_gmt":"2025-01-08T23:25:00","guid":{"rendered":"https:\/\/tvbrazilusa.com\/2025\/01\/08\/condado-de-henry-abrira-abrigo-e-estacao-de-aquecimento\/"},"modified":"2025-01-08T23:43:18","modified_gmt":"2025-01-08T23:43:18","slug":"condado-de-henry-abrira-abrigo-e-estacao-de-aquecimento","status":"publish","type":"post","link":"https:\/\/tvbrazilusa.com\/pt\/2025\/01\/08\/condado-de-henry-abrira-abrigo-e-estacao-de-aquecimento\/","title":{"rendered":"Condado de Henry abrir\u00e1 abrigo e esta\u00e7\u00e3o de aquecimento"},"content":{"rendered":"<script async src=\"https:\/\/pagead2.googlesyndication.com\/pagead\/js\/adsbygoogle.js?client=ca-pub-8864793242727901\"\r\n     crossorigin=\"anonymous\"><\/script>\n<p>Em prepara\u00e7\u00e3o para o mau tempo previsto para impactar a \u00e1rea esta semana, o governo do condado de Henry abrir\u00e1 uma esta\u00e7\u00e3o de aquecimento na quinta-feira, 9 de janeiro, \u00e0s 18h.<br \/>\n<br \/><br \/>\n<br \/><a href=\"https:\/\/www.henryherald.com\/news\/henry-county-to-open-shelter-and-warming-station\/article_d343a81e-ce17-11ef-9835-df7ab4aa8b35.html\">Source link <\/a><\/p>","protected":false},"excerpt":{"rendered":"<p>Em prepara\u00e7\u00e3o para o mau tempo previsto para impactar a \u00e1rea esta semana, o governo do condado de Henry abrir\u00e1 uma esta\u00e7\u00e3o de aquecimento na quinta-feira, 9 de janeiro, \u00e0s&hellip;<\/p>","protected":false},"author":1,"featured_media":89445,"comment_status":"closed","ping_status":"open","sticky":false,"template":"","format":"standard","meta":{"content-type":"","footnotes":""},"categories":[1],"tags":[],"class_list":["post-89444","post","type-post","status-publish","format-standard","has-post-thumbnail","hentry","category-uncategorized"],"_links":{"self":[{"href":"https:\/\/tvbrazilusa.com\/pt\/wp-json\/wp\/v2\/posts\/89444","targetHints":{"allow":["GET"]}}],"collection":[{"href":"https:\/\/tvbrazilusa.com\/pt\/wp-json\/wp\/v2\/posts"}],"about":[{"href":"https:\/\/tvbrazilusa.com\/pt\/wp-json\/wp\/v2\/types\/post"}],"author":[{"embeddable":true,"href":"https:\/\/tvbrazilusa.com\/pt\/wp-json\/wp\/v2\/users\/1"}],"replies":[{"embeddable":true,"href":"https:\/\/tvbrazilusa.com\/pt\/wp-json\/wp\/v2\/comments?post=89444"}],"version-history":[{"count":1,"href":"https:\/\/tvbrazilusa.com\/pt\/wp-json\/wp\/v2\/posts\/89444\/revisions"}],"predecessor-version":[{"id":89446,"href":"https:\/\/tvbrazilusa.com\/pt\/wp-json\/wp\/v2\/posts\/89444\/revisions\/89446"}],"wp:featuredmedia":[{"embeddable":true,"href":"https:\/\/tvbrazilusa.com\/pt\/wp-json\/wp\/v2\/media\/89445"}],"wp:attachment":[{"href":"https:\/\/tvbrazilusa.com\/pt\/wp-json\/wp\/v2\/media?parent=89444"}],"wp:term":[{"taxonomy":"category","embeddable":true,"href":"https:\/\/tvbrazilusa.com\/pt\/wp-json\/wp\/v2\/categories?post=89444"},{"taxonomy":"post_tag","embeddable":true,"href":"https:\/\/tvbrazilusa.com\/pt\/wp-json\/wp\/v2\/tags?post=89444"}],"curies":[{"name":"wp","href":"https:\/\/api.w.org\/{rel}","templated":true}]}}