{"id":89466,"date":"2025-01-09T00:16:10","date_gmt":"2025-01-09T00:16:10","guid":{"rendered":"https:\/\/tvbrazilusa.com\/2025\/01\/09\/3-coisas-que-voce-deve-saber-sobre-o-candidato-a-treinador-principal-dos-patriots-aaron-glenn\/"},"modified":"2025-01-09T00:34:18","modified_gmt":"2025-01-09T00:34:18","slug":"3-coisas-que-voce-deve-saber-sobre-o-candidato-a-treinador-principal-dos-patriots-aaron-glenn","status":"publish","type":"post","link":"https:\/\/tvbrazilusa.com\/pt\/2025\/01\/09\/3-coisas-que-voce-deve-saber-sobre-o-candidato-a-treinador-principal-dos-patriots-aaron-glenn\/","title":{"rendered":"3 coisas que voc\u00ea deve saber sobre o candidato a treinador principal dos Patriots, Aaron Glenn"},"content":{"rendered":"<p> <script async src=\"https:\/\/pagead2.googlesyndication.com\/pagead\/js\/adsbygoogle.js?client=ca-pub-8864793242727901\"\r\n     crossorigin=\"anonymous\"><\/script><br \/>\n<\/p>\n<div id=\"\">\n<header class=\"m-article-header m-article-header--standard\">\n\t\t\t\t\t\t\t\t\t\t\t\t<span id=\"article-header-primary-term\"><br \/>\n\t\t\t\t\t\t\t\t<a class=\"a-term a-term--primary\" href=\"https:\/\/www.boston.com\/tag\/new-england-patriots\/\"><\/p>\n<p>\t\t\t\t\t\t\t\tPatriotas\t\t\t\t\t\t\t\t<\/a><br \/>\n\t\t\t\t\t\t\t<\/span><\/p>\n<h2 class=\"m-article-header__sub-headline\">\u201cA ideia de passar por outro ciclo e ele n\u00e3o ser o treinador principal de algu\u00e9m \u00e9 rid\u00edcula.\u201d<\/h2>\n<figure class=\"a-photo m-article-header__photo\"><figcaption class=\"a-photo__caption\">\n<p>\tAaron Glenn atuou como coordenador defensivo dos Le\u00f5es nas \u00faltimas quatro temporadas. <em> Michael Reaves\/Getty Images<\/em>\t<\/figcaption><\/figure>\n<\/header>\n<p>Os Patriots est\u00e3o lan\u00e7ando uma rede mais ampla quando se trata de procurar um novo treinador principal. <\/p>\n<p><a href=\"https:\/\/x.com\/AlbertBreer\/status\/1877091983212040651\">De acordo com Albert Breer da Sports Illustrated,<\/a> os Patriots solicitaram permiss\u00e3o para falar com o coordenador defensivo do Detroit Lions, Aaron Glenn. <\/p>\n<p>Este \u00e9 o quinto candidato a t\u00e9cnico com quem os Patriots solicitaram uma entrevista desde a demiss\u00e3o de Jerod Mayo no domingo. <\/p>\n<p>A Nova Inglaterra tem <a href=\"https:\/\/x.com\/Patriots\/status\/1876742776185905380\">entrevistas presenciais j\u00e1 confirmadas<\/a> com o ex-coordenador ofensivo dos Buccaneers, Byron Leftwich, e o assistente t\u00e9cnico de longa data da NFL, Pep Hamilton, na ter\u00e7a-feira. Os Patriotas <a href=\"https:\/\/www.boston.com\/sports\/new-england-patriots\/2025\/01\/07\/mike-vrabel-new-england-patriots-nfl-coaching-search-pep-hamilton-byron-leftwich\/\">supostamente entrevistar\u00e1 Mike Vrabel na quinta-feira<\/a> e o coordenador ofensivo do Lions, Ben Johnson, na sexta-feira. <\/p>\n<p>Assim como Johnson, a entrevista de Glenn com os Patriots teria que ser um bate-papo virtual \u2013 j\u00e1 que qualquer t\u00e9cnico cujo time esteja nos playoffs n\u00e3o pode se encontrar pessoalmente at\u00e9 que seu time seja eliminado.<\/p>\n<p>Espera-se que Glenn seja um dos candidatos a treinador principal mais cobi\u00e7ados do mercado nesta entressafra, com DC de 52 anos supostamente solicitado para uma entrevista por todos os seis times da NFL com vagas como treinador principal, por Breer. <\/p>\n<p>Aqui est\u00e3o tr\u00eas coisas que voc\u00ea deve saber sobre outro intrigante candidato a treinador do Patriots, Glenn. <\/p>\n<h2 class=\"wp-block-heading\" id=\"h-success-as-the-leader-of-a-stingy-lions-defense\"><strong>Sucesso como l\u00edder de uma defesa mesquinha do Lions<\/strong><\/h2>\n<p>Embora Johnson tenha atra\u00eddo muitas manchetes por seu trabalho no lado ofensivo da bola na equipe de Dan Campbell em Detroit, Glenn provavelmente obteve melhores resultados da unidade defensiva dos Le\u00f5es, especialmente quando se leva em considera\u00e7\u00e3o as les\u00f5es. <\/p>\n<p>Agora em sua quarta temporada como Lions DC, Glenn comandou uma defesa de Detroit que ocupa o s\u00e9timo lugar na NFL com o menor n\u00famero de pontos permitidos em 2024 \u2013 mesmo com o time jogando a maior parte da temporada sem, sem d\u00favida, seu jogador defensivo mais talentoso, Aidan Hutchinson. Cinco outros titulares defensivos tamb\u00e9m ca\u00edram na reserva por les\u00e3o nesta temporada. <\/p>\n<p>A chegada de Glenn a Detroit fez com que os Le\u00f5es desenvolvessem uma identidade disciplinada e defensiva f\u00edsica. Depois de terminar em 31\u00ba na NFL em pontos permitidos por jogo (27,5) em 2021, os Le\u00f5es t\u00eam feito progressos constantes a cada nova temporada sob o comando de Glenn. <\/p>\n<p>Mesmo com um potente pass-rusher em Hutchinson (7,5 sacks em cinco jogos) fora durante a maior parte da temporada de 2024, o<a href=\"https:\/\/www.pro-football-reference.com\/years\/2024\/opp.htm\"> Os Le\u00f5es ocupam o segundo lugar na NFL em corridas de QB por queda de 10,7 por cento<\/a> e quarto lugar geral em press\u00f5es totais de QB (179). Detroit tamb\u00e9m ficou em 10\u00ba lugar na NFL em takeaways (24) \u2013 dobrando os 12 takeaways da Nova Inglaterra em 2024. <\/p>\n<p>\u201cEle \u00e9 um treinador t\u00e3o bom quanto voc\u00ea vai descobrir,\u201d<a href=\"https:\/\/www.freep.com\/story\/sports\/nfl\/lions\/2025\/01\/08\/dan-campbell-stumps-for-detroit-lions-dc-aaron-glenn-to-get-nfl-head-coaching-gig\/77518850007\/\"> Campbell disse sobre Glenn na quarta-feira<\/a>. \u201cEle \u00e9 um ser humano ainda melhor. Se ningu\u00e9m o quiser, eu o levarei de novo, isso posso te dizer agora mesmo. Mas a ideia de passar por mais um ciclo e n\u00e3o ser o treinador principal de algu\u00e9m \u00e9 rid\u00edcula.<\/p>\n<p>\u201cQuero dizer, esse cara \u00e9 t\u00e3o bom quanto parece. E ele pode fazer tudo. Ele sabe como administrar o jogo. Ele entende de ataque, defesa e times especiais. Ele sabe como se comunicar. Ele entende a disciplina dos jogadores. Ele \u00e9 motivador, cara. Ele \u00e9 inspirador. Eu n\u00e3o quero perd\u00ea-lo. Mas tamb\u00e9m tor\u00e7o pelo cara, porque acho que ele \u00e9 um baita treinador.\u201d<\/p>\n<h2 class=\"wp-block-heading\" id=\"h-an-interesting-road-to-detroit\"><strong>Uma estrada interessante para Detroit<\/strong><\/h2>\n<p>Antes de chegar a Detroit, Glenn come\u00e7ou sua carreira de treinador como assistente t\u00e9cnico de defesa do Cleveland Browns em 2014, ingressando no Saints como treinador de defesa dois anos depois. Ele permaneceu em Nova Orleans durante a temporada de 2020 antes de se juntar \u00e0 equipe de Campbell em Detroit. <\/p>\n<p>Antes de ser treinador da NFL, ele trabalhou como olheiro dos Jets de 2012-13. Antes disso, ele foi gerente geral do Houston Stallions da Texas Lone Star Football League \u2013 uma liga de futebol de sal\u00e3o composta principalmente por times do Texas \u2013 em 2012.<\/p>\n<h2 class=\"wp-block-heading\" id=\"h-a-standout-nfl-career\"><strong>Uma carreira de destaque na NFL<\/strong><\/h2>\n<p>Antes de mudar para treinador, Glenn era um cornerback din\u00e2mico e agressivo na NFL \u2013 ganhando tr\u00eas indica\u00e7\u00f5es ao Pro Bowl em 15 temporadas. Ele jogou principalmente com o New York Jets e o Houston Texans, trabalhando com Bill Belichick quando ele atuava como coordenador defensivo dos Jets de 1997-99. <\/p>\n<p>Ele fez parte de dois Drafts diferentes da NFL ao longo de sua carreira, com os Jets selecionando-o em 12\u00ba lugar geral no Texas A&#038;M no Draft de 1994 da NFL. Depois de desempenhar um papel fundamental na secund\u00e1ria de Nova York por anos, Glenn ficou em terceiro lugar geral no Draft de Expans\u00e3o da NFL de 2002 como o primeiro jogador defensivo selecionado pelos Texans. <\/p>\n<figure class=\"wp-block-embed is-type-video is-provider-youtube wp-block-embed-youtube wp-embed-aspect-4-3 wp-has-aspect-ratio\">\n<p>\n<iframe title=\"Aaron Glenn Career Highlights\" width=\"1170\" height=\"878\" src=\"https:\/\/www.youtube.com\/embed\/rM7HBjKWZwE?feature=oembed\" frameborder=\"0\" allow=\"accelerometer; autoplay; clipboard-write; encrypted-media; gyroscope; picture-in-picture; web-share\" referrerpolicy=\"strict-origin-when-cross-origin\" allowfullscreen><\/iframe>\n<\/p>\n<\/figure>\n<div class=\"o-author-single has-avatar\">\n<header class=\"m-author-card\">\n<div class=\"a-image a-image--square m-author-card__image\">\n\t\t<img decoding=\"async\" class=\"\" src=\"https:\/\/www.boston.com\/wp-content\/uploads\/2023\/05\/Headshot_Conor-645c0406ed6cb-scaled.jpg\" alt=\"Imagem do perfil de Conor Ryan\"\/>\t<\/div>\n<\/header>\n<section class=\"author-info\">\n<div class=\"m-author__section\">\n<p>Conor Ryan \u00e9 redator da equipe que cobre Bruins, Celtics, Patriots e Red Sox para Boston.com, fun\u00e7\u00e3o que ocupa desde 2023.<\/p>\n<\/div>\n<\/section>\n<\/div>\n<div class=\"m-block m-generic-cta\t m-generic-cta--post-content\t m-generic-cta--dark\t m-generic-cta--homepage\t m-generic-cta--email-signup\t\t m-generic-cta-block-style--default \tt-amp__generic-cta\"><\/p>\n<div class=\"m-generic-cta__wrap\">\n<div class=\"m-generic-cta__content\">\n<h3 class=\"m-generic-cta__title\">Boston.com hoje<\/h3>\n<p class=\"m-generic-cta__subtitle\">Inscreva-se para receber as \u00faltimas manchetes em sua caixa de entrada todas as manh\u00e3s.<\/p>\n<\/p><\/div>\n<\/p><\/div>\n<\/div><\/div>\n<p><script>\n\t\tvar consent=\"grant\";\n\t\t\/* The above code is parsing the JSON data from the local storage and storing it in a variable. *\/\n\t\t\t\t\tconst onetrustStorageConsent = JSON.parse(localStorage.getItem( 'consent_one_trust_bdc' ) );\n\t\t\tif ( ( onetrustStorageConsent !== null ) ) {\n\t\t\t\t\/* Checking to see if the user has consented to the use of cookies.\n\t\t\t\t* If they have not, it is deleting the cookie.\n\t\t\t\t* This will comment for now, until further notice.\n\t\t\t\t*\/\n\t\t\t\t\/\/if ( onetrustStorageConsent.C0002 === false ) {\n\t\t\t\t\/\/\tdocument.cookie=\"_fbp=;expires=Thu, 01 Jan 2010 00:00:00 UTC; path=\/; domain=.boston.com\";\n\t\t\t\t\/\/}\n\t\t\t\t\/* Checking if the user has given consent for the cookie C0002.\n\t\t\t\t* If the user has given consent, the variable consent will be set to 'grant'.\n\t\t\t\t* If the user has not given consent,the variable consent will be set to 'revoke'.\n\t\t\t\t* Documentation https:\/\/developers.facebook.com\/docs\/meta-pixel\/implementation\/gdpr\n\t\t\t\t*\/\n\t\t\t\tif ( onetrustStorageConsent.C0002 !== true ) {\n\t\t\t\t\tconsent=\"revoke\";\n\t\t\t\t}\n\t\t\t}\n\t\t\t\t!function(f,b,e,v,n,t,s)\n\t\t{if(f.fbq)return;n=f.fbq=function(){n.callMethod?\n\t\tn.callMethod.apply(n,arguments):n.queue.push(arguments)};\n\t\tif(!f._fbq)f._fbq=n;n.push=n;n.loaded=!0;n.version='2.0';\n\t\tn.queue=[];t=b.createElement(e);t.async=!0;\n\t\tt.src=v;s=b.getElementsByTagName(e)[0];\n\t\ts.parentNode.insertBefore(t,s)}(window, document,'script',\n\t\t'https:\/\/connect.facebook.net\/en_US\/fbevents.js');\n\t\tfbq('consent', consent);\n\t\tfbq('init', '989222871864976');\n\t\tfbq('track', 'PageView');\n\t<\/script><script type=\"module\">\n\t\tvar consent=\"grant\";\n\t\t\/* The above code is parsing the JSON data from the local storage and storing it in a variable. *\/\n\t\t\tconst onetrustStorageConsent = JSON.parse(localStorage.getItem( 'consent_one_trust_bdc' ) );\n\t\t\t\/* Checking to see if the user has consented to the use of cookies.\n\t\t\t* If they have not, it is deleting the cookie.\n\t\t\t* This will comment for now, until further notice.\n\t\t\t*\/\n\t\t\t\/\/if ( onetrustStorageConsent.C0002 === false ) {\n\t\t\t\/\/\tdocument.cookie=\"_fbp=;expires=Thu, 01 Jan 2010 00:00:00 UTC; path=\/; domain=.boston.com\";\n\t\t\t\/\/}\n\t\t\t\/* Checking if the user has given consent for the cookie C0002.\n\t\t\t* If the user has given consent, the variable consent will be set to 'grant'.\n\t\t\t* If the user has not given consent,the variable consent will be set to 'revoke'.\n\t\t\t* Documentation https:\/\/developers.facebook.com\/docs\/meta-pixel\/implementation\/gdpr\n\t\t\t*\/\n\t\t\tif ( ( onetrustStorageConsent !== null ) && (onetrustStorageConsent.C0002 !== true ) ) {\n\t\t\t\tconsent=\"revoke\";\n\t\t\t}\n\t\t\t\t!function(f,b,e,v,n,t,s){if(f.fbq)return;n=f.fbq=function()\n\t\t{n.callMethod? n.callMethod.apply(n,arguments):n.queue.push(arguments)}\n\t\t;if(!f._fbq)f._fbq=n;\n\t\tn.push=n;n.loaded=!0;n.version='2.0';n.queue=[];t=b.createElement(e);t.async=!0;\n\t\tt.src=v;s=b.getElementsByTagName(e)[0];s.parentNode.insertBefore(t,s)}(window,\n\t\tdocument,'script','https:\/\/connect.facebook.net\/en_US\/fbevents.js');\n\t\tfbq('consent', consent);\n\t\tfbq('init', '813236348753005');\n\t\tfbq('track', \"PageView\");\n\t<\/script><br \/>\n<br \/><br \/>\n<br \/><a href=\"https:\/\/www.boston.com\/sports\/new-england-patriots\/2025\/01\/08\/aaron-glenn-new-england-patriots-head-coach-search-nfl-football-detroit-lions-ben-johnson\/\">Source link <\/a><\/p>","protected":false},"excerpt":{"rendered":"<p>Patriotas \u201cA ideia de passar por outro ciclo e ele n\u00e3o ser o treinador principal de algu\u00e9m \u00e9 rid\u00edcula.\u201d Aaron Glenn atuou como coordenador defensivo dos Le\u00f5es nas \u00faltimas quatro&hellip;<\/p>","protected":false},"author":1,"featured_media":89467,"comment_status":"closed","ping_status":"open","sticky":false,"template":"","format":"standard","meta":{"content-type":"","footnotes":""},"categories":[1],"tags":[],"class_list":["post-89466","post","type-post","status-publish","format-standard","has-post-thumbnail","hentry","category-uncategorized"],"_links":{"self":[{"href":"https:\/\/tvbrazilusa.com\/pt\/wp-json\/wp\/v2\/posts\/89466","targetHints":{"allow":["GET"]}}],"collection":[{"href":"https:\/\/tvbrazilusa.com\/pt\/wp-json\/wp\/v2\/posts"}],"about":[{"href":"https:\/\/tvbrazilusa.com\/pt\/wp-json\/wp\/v2\/types\/post"}],"author":[{"embeddable":true,"href":"https:\/\/tvbrazilusa.com\/pt\/wp-json\/wp\/v2\/users\/1"}],"replies":[{"embeddable":true,"href":"https:\/\/tvbrazilusa.com\/pt\/wp-json\/wp\/v2\/comments?post=89466"}],"version-history":[{"count":1,"href":"https:\/\/tvbrazilusa.com\/pt\/wp-json\/wp\/v2\/posts\/89466\/revisions"}],"predecessor-version":[{"id":89468,"href":"https:\/\/tvbrazilusa.com\/pt\/wp-json\/wp\/v2\/posts\/89466\/revisions\/89468"}],"wp:featuredmedia":[{"embeddable":true,"href":"https:\/\/tvbrazilusa.com\/pt\/wp-json\/wp\/v2\/media\/89467"}],"wp:attachment":[{"href":"https:\/\/tvbrazilusa.com\/pt\/wp-json\/wp\/v2\/media?parent=89466"}],"wp:term":[{"taxonomy":"category","embeddable":true,"href":"https:\/\/tvbrazilusa.com\/pt\/wp-json\/wp\/v2\/categories?post=89466"},{"taxonomy":"post_tag","embeddable":true,"href":"https:\/\/tvbrazilusa.com\/pt\/wp-json\/wp\/v2\/tags?post=89466"}],"curies":[{"name":"wp","href":"https:\/\/api.w.org\/{rel}","templated":true}]}}