{"id":89469,"date":"2025-01-09T00:23:24","date_gmt":"2025-01-09T00:23:24","guid":{"rendered":"https:\/\/tvbrazilusa.com\/2025\/01\/09\/lideres-reagem-ao-discurso-do-governador-lamont-sobre-o-estado-do-estado\/"},"modified":"2025-01-09T00:35:26","modified_gmt":"2025-01-09T00:35:26","slug":"lideres-reagem-ao-discurso-do-governador-lamont-sobre-o-estado-do-estado","status":"publish","type":"post","link":"https:\/\/tvbrazilusa.com\/pt\/2025\/01\/09\/lideres-reagem-ao-discurso-do-governador-lamont-sobre-o-estado-do-estado\/","title":{"rendered":"L\u00edderes reagem ao discurso do governador Lamont sobre o Estado do Estado"},"content":{"rendered":"<script async src=\"https:\/\/pagead2.googlesyndication.com\/pagead\/js\/adsbygoogle.js?client=ca-pub-8864793242727901\"\r\n     crossorigin=\"anonymous\"><\/script>\n<p>HARTFORD, Connecticut (WTNH) \u2013 O governador Ned Lamont fez seu discurso sobre o estado do estado na quarta-feira na capital do estado, dando in\u00edcio \u00e0 sess\u00e3o legislativa de 2025.<\/p>\n<p>Os l\u00edderes estaduais de ambos os lados reagiram ao discurso de Lamont, destacando \u00e1reas que eles acham que ele acertou e errou o alvo.<\/p>\n<p>Assista ao v\u00eddeo completo no player acima.<\/p>\n<p><br \/>\n<br \/><a href=\"https:\/\/www.wtnh.com\/news\/politics\/leaders-react-to-gov-lamonts-state-of-the-state-address\/\">Source link <\/a><\/p>","protected":false},"excerpt":{"rendered":"<p>HARTFORD, Connecticut (WTNH) \u2013 O governador Ned Lamont fez seu discurso sobre o estado do estado na quarta-feira na capital do estado, dando in\u00edcio \u00e0 sess\u00e3o legislativa de 2025. Os&hellip;<\/p>","protected":false},"author":1,"featured_media":89470,"comment_status":"closed","ping_status":"open","sticky":false,"template":"","format":"standard","meta":{"content-type":"","footnotes":""},"categories":[1],"tags":[],"class_list":["post-89469","post","type-post","status-publish","format-standard","has-post-thumbnail","hentry","category-uncategorized"],"_links":{"self":[{"href":"https:\/\/tvbrazilusa.com\/pt\/wp-json\/wp\/v2\/posts\/89469","targetHints":{"allow":["GET"]}}],"collection":[{"href":"https:\/\/tvbrazilusa.com\/pt\/wp-json\/wp\/v2\/posts"}],"about":[{"href":"https:\/\/tvbrazilusa.com\/pt\/wp-json\/wp\/v2\/types\/post"}],"author":[{"embeddable":true,"href":"https:\/\/tvbrazilusa.com\/pt\/wp-json\/wp\/v2\/users\/1"}],"replies":[{"embeddable":true,"href":"https:\/\/tvbrazilusa.com\/pt\/wp-json\/wp\/v2\/comments?post=89469"}],"version-history":[{"count":1,"href":"https:\/\/tvbrazilusa.com\/pt\/wp-json\/wp\/v2\/posts\/89469\/revisions"}],"predecessor-version":[{"id":89471,"href":"https:\/\/tvbrazilusa.com\/pt\/wp-json\/wp\/v2\/posts\/89469\/revisions\/89471"}],"wp:featuredmedia":[{"embeddable":true,"href":"https:\/\/tvbrazilusa.com\/pt\/wp-json\/wp\/v2\/media\/89470"}],"wp:attachment":[{"href":"https:\/\/tvbrazilusa.com\/pt\/wp-json\/wp\/v2\/media?parent=89469"}],"wp:term":[{"taxonomy":"category","embeddable":true,"href":"https:\/\/tvbrazilusa.com\/pt\/wp-json\/wp\/v2\/categories?post=89469"},{"taxonomy":"post_tag","embeddable":true,"href":"https:\/\/tvbrazilusa.com\/pt\/wp-json\/wp\/v2\/tags?post=89469"}],"curies":[{"name":"wp","href":"https:\/\/api.w.org\/{rel}","templated":true}]}}