{"id":89477,"date":"2025-01-09T00:41:29","date_gmt":"2025-01-09T00:41:29","guid":{"rendered":"https:\/\/tvbrazilusa.com\/2025\/01\/09\/healey-concedeu-quase-us-5-milhoes-em-doacoes-para-organizacoes-sem-fins-lucrativos-se-protegerem-de-crimes-de-odio-e-ataques-terroristas\/"},"modified":"2025-01-09T00:47:14","modified_gmt":"2025-01-09T00:47:14","slug":"healey-concedeu-quase-us-5-milhoes-em-doacoes-para-organizacoes-sem-fins-lucrativos-se-protegerem-de-crimes-de-odio-e-ataques-terroristas","status":"publish","type":"post","link":"https:\/\/tvbrazilusa.com\/pt\/2025\/01\/09\/healey-concedeu-quase-us-5-milhoes-em-doacoes-para-organizacoes-sem-fins-lucrativos-se-protegerem-de-crimes-de-odio-e-ataques-terroristas\/","title":{"rendered":"Healey concedeu quase US$ 5 milh\u00f5es em doa\u00e7\u00f5es para organiza\u00e7\u00f5es sem fins lucrativos se protegerem de crimes de \u00f3dio e ataques terroristas"},"content":{"rendered":"<p> <script async src=\"https:\/\/pagead2.googlesyndication.com\/pagead\/js\/adsbygoogle.js?client=ca-pub-8864793242727901\"\r\n     crossorigin=\"anonymous\"><\/script><br \/>\n<\/p>\n<div id=\"\">\n<header class=\"m-article-header m-article-header--standard\">\n\t\t\t\t\t\t\t\t\t\t\t\t<span id=\"article-header-primary-term\"><br \/>\n\t\t\t\t\t\t\t\t<a class=\"a-term a-term--primary\" href=\"https:\/\/www.boston.com\/tag\/local-news\/\"><\/p>\n<p>\t\t\t\t\t\t\t\tNot\u00edcias locais\t\t\t\t\t\t\t\t<\/a><br \/>\n\t\t\t\t\t\t\t<\/span><\/p>\n<h2 class=\"m-article-header__sub-headline\">\u201cNossa administra\u00e7\u00e3o est\u00e1 empenhada em garantir que as organiza\u00e7\u00f5es sem fins lucrativos e todos os que se re\u00fanem nesses espa\u00e7os sejam protegidos do \u00f3dio e da viol\u00eancia extremista.\u201d<\/h2>\n<figure class=\"a-photo m-article-header__photo\"><figcaption class=\"a-photo__caption\">\n<p>\tGovernadora Maura Healey.<em> Adam Glanzman\/Bloomberg<\/em>\t<\/figcaption><\/figure>\n<\/header>\n<p>Mais de 100 organiza\u00e7\u00f5es sem fins lucrativos dever\u00e3o receber subs\u00eddios estatais totalizando quase US$ 5 milh\u00f5es para ajudar as organiza\u00e7\u00f5es a se protegerem de crimes de \u00f3dio e ataques terroristas, informou o gabinete do Governador. <a href=\"http:\/\/boston.com\/tag\/maura-healey\">Maura Healey<\/a> anunciado quarta-feira.<\/p>\n<p>A administra\u00e7\u00e3o de Healey disse que o financiamento faz parte de um investimento mais amplo em melhorias de seguran\u00e7a para organiza\u00e7\u00f5es sem fins lucrativos que servem como \u201ccora\u00e7\u00e3o\u201d das comunidades no estado. Um relat\u00f3rio de 2023 constatou um aumento de 26,6 por cento no n\u00famero de crimes de \u00f3dio relatados entre 2022 e 2023, com preconceitos contra ra\u00e7a, etnia ou origem nacional representando cerca de 45 por cento de todos os incidentes. Os incidentes antissemitas, em particular, aumentaram de 70 em 2022 para 119 em 2023, de acordo com o estado. <\/p>\n<p>Em 2024, o estado investiu US$ 16,4 milh\u00f5es em melhorias de seguran\u00e7a para organiza\u00e7\u00f5es sem fins lucrativos, de acordo com o gabinete de Healey. <\/p>\n<p>\u201cEssas organiza\u00e7\u00f5es oferecem conforto, servi\u00e7os, comunidade e apoio \u00e0queles que atendem. A nossa administra\u00e7\u00e3o est\u00e1 empenhada em garantir que as organiza\u00e7\u00f5es sem fins lucrativos e todos os que se re\u00fanem nestes espa\u00e7os sejam protegidos do \u00f3dio e da viol\u00eancia extremista\u201d, disse Healey num comunicado.<\/p>\n<p>As organiza\u00e7\u00f5es sem fins lucrativos receberam o financiamento por meio de dois programas de subs\u00eddios diferentes, o Programa de Subs\u00eddios de Seguran\u00e7a Sem Fins Lucrativos da Commonwealth e o Programa de Subs\u00eddios de Pessoal de Seguran\u00e7a Sem Fins Lucrativos da Commonwealth. Os destinat\u00e1rios variam desde organiza\u00e7\u00f5es religiosas, como sinagogas, igrejas e sociedades isl\u00e2micas, at\u00e9 centros juvenis e institui\u00e7\u00f5es educacionais. <\/p>\n<p>\u201cLocais de culto, escolas, prestadores de servi\u00e7os e outras organiza\u00e7\u00f5es sem fins lucrativos est\u00e3o no centro da vida di\u00e1ria em nossas comunidades\u201d, disse Kevin Stanton, diretor executivo do Escrit\u00f3rio de Subs\u00eddios e Pesquisa do estado, em um comunicado. \u201cTodos os que se re\u00fanem nestes espa\u00e7os ou recorrem a eles para servi\u00e7os t\u00eam o direito de faz\u00ea-lo sem medo.\u201d <\/p>\n<div class=\"m-block m-generic-cta\t m-generic-cta--post-content\t m-generic-cta--dark\t m-generic-cta--homepage\t m-generic-cta--email-signup\t\t m-generic-cta-block-style--default \tt-amp__generic-cta\"><\/p>\n<div class=\"m-generic-cta__wrap\">\n<div class=\"m-generic-cta__content\">\n<h3 class=\"m-generic-cta__title\">Boston.com hoje<\/h3>\n<p class=\"m-generic-cta__subtitle\">Inscreva-se para receber as \u00faltimas manchetes em sua caixa de entrada todas as manh\u00e3s.<\/p>\n<\/p><\/div>\n<\/p><\/div>\n<\/div><\/div>\n<p><script>\n\t\tvar consent=\"grant\";\n\t\t\/* The above code is parsing the JSON data from the local storage and storing it in a variable. *\/\n\t\t\t\t\tconst onetrustStorageConsent = JSON.parse(localStorage.getItem( 'consent_one_trust_bdc' ) );\n\t\t\tif ( ( onetrustStorageConsent !== null ) ) {\n\t\t\t\t\/* Checking to see if the user has consented to the use of cookies.\n\t\t\t\t* If they have not, it is deleting the cookie.\n\t\t\t\t* This will comment for now, until further notice.\n\t\t\t\t*\/\n\t\t\t\t\/\/if ( onetrustStorageConsent.C0002 === false ) {\n\t\t\t\t\/\/\tdocument.cookie=\"_fbp=;expires=Thu, 01 Jan 2010 00:00:00 UTC; path=\/; domain=.boston.com\";\n\t\t\t\t\/\/}\n\t\t\t\t\/* Checking if the user has given consent for the cookie C0002.\n\t\t\t\t* If the user has given consent, the variable consent will be set to 'grant'.\n\t\t\t\t* If the user has not given consent,the variable consent will be set to 'revoke'.\n\t\t\t\t* Documentation https:\/\/developers.facebook.com\/docs\/meta-pixel\/implementation\/gdpr\n\t\t\t\t*\/\n\t\t\t\tif ( onetrustStorageConsent.C0002 !== true ) {\n\t\t\t\t\tconsent=\"revoke\";\n\t\t\t\t}\n\t\t\t}\n\t\t\t\t!function(f,b,e,v,n,t,s)\n\t\t{if(f.fbq)return;n=f.fbq=function(){n.callMethod?\n\t\tn.callMethod.apply(n,arguments):n.queue.push(arguments)};\n\t\tif(!f._fbq)f._fbq=n;n.push=n;n.loaded=!0;n.version='2.0';\n\t\tn.queue=[];t=b.createElement(e);t.async=!0;\n\t\tt.src=v;s=b.getElementsByTagName(e)[0];\n\t\ts.parentNode.insertBefore(t,s)}(window, document,'script',\n\t\t'https:\/\/connect.facebook.net\/en_US\/fbevents.js');\n\t\tfbq('consent', consent);\n\t\tfbq('init', '989222871864976');\n\t\tfbq('track', 'PageView');\n\t<\/script><script type=\"module\">\n\t\tvar consent=\"grant\";\n\t\t\/* The above code is parsing the JSON data from the local storage and storing it in a variable. *\/\n\t\t\tconst onetrustStorageConsent = JSON.parse(localStorage.getItem( 'consent_one_trust_bdc' ) );\n\t\t\t\/* Checking to see if the user has consented to the use of cookies.\n\t\t\t* If they have not, it is deleting the cookie.\n\t\t\t* This will comment for now, until further notice.\n\t\t\t*\/\n\t\t\t\/\/if ( onetrustStorageConsent.C0002 === false ) {\n\t\t\t\/\/\tdocument.cookie=\"_fbp=;expires=Thu, 01 Jan 2010 00:00:00 UTC; path=\/; domain=.boston.com\";\n\t\t\t\/\/}\n\t\t\t\/* Checking if the user has given consent for the cookie C0002.\n\t\t\t* If the user has given consent, the variable consent will be set to 'grant'.\n\t\t\t* If the user has not given consent,the variable consent will be set to 'revoke'.\n\t\t\t* Documentation https:\/\/developers.facebook.com\/docs\/meta-pixel\/implementation\/gdpr\n\t\t\t*\/\n\t\t\tif ( ( onetrustStorageConsent !== null ) && (onetrustStorageConsent.C0002 !== true ) ) {\n\t\t\t\tconsent=\"revoke\";\n\t\t\t}\n\t\t\t\t!function(f,b,e,v,n,t,s){if(f.fbq)return;n=f.fbq=function()\n\t\t{n.callMethod? n.callMethod.apply(n,arguments):n.queue.push(arguments)}\n\t\t;if(!f._fbq)f._fbq=n;\n\t\tn.push=n;n.loaded=!0;n.version='2.0';n.queue=[];t=b.createElement(e);t.async=!0;\n\t\tt.src=v;s=b.getElementsByTagName(e)[0];s.parentNode.insertBefore(t,s)}(window,\n\t\tdocument,'script','https:\/\/connect.facebook.net\/en_US\/fbevents.js');\n\t\tfbq('consent', consent);\n\t\tfbq('init', '813236348753005');\n\t\tfbq('track', \"PageView\");\n\t<\/script><br \/>\n<br \/><br \/>\n<br \/><a href=\"https:\/\/www.boston.com\/news\/local-news\/2025\/01\/08\/healey-awarding-nearly-5-million-in-grants-for-nonprofits-to-protect-themselves-from-hate-crimes-terror-attacks\/\">Source link <\/a><\/p>","protected":false},"excerpt":{"rendered":"<p>Not\u00edcias locais \u201cNossa administra\u00e7\u00e3o est\u00e1 empenhada em garantir que as organiza\u00e7\u00f5es sem fins lucrativos e todos os que se re\u00fanem nesses espa\u00e7os sejam protegidos do \u00f3dio e da viol\u00eancia extremista.\u201d&hellip;<\/p>","protected":false},"author":1,"featured_media":89478,"comment_status":"closed","ping_status":"open","sticky":false,"template":"","format":"standard","meta":{"content-type":"","footnotes":""},"categories":[1],"tags":[],"class_list":["post-89477","post","type-post","status-publish","format-standard","has-post-thumbnail","hentry","category-uncategorized"],"_links":{"self":[{"href":"https:\/\/tvbrazilusa.com\/pt\/wp-json\/wp\/v2\/posts\/89477","targetHints":{"allow":["GET"]}}],"collection":[{"href":"https:\/\/tvbrazilusa.com\/pt\/wp-json\/wp\/v2\/posts"}],"about":[{"href":"https:\/\/tvbrazilusa.com\/pt\/wp-json\/wp\/v2\/types\/post"}],"author":[{"embeddable":true,"href":"https:\/\/tvbrazilusa.com\/pt\/wp-json\/wp\/v2\/users\/1"}],"replies":[{"embeddable":true,"href":"https:\/\/tvbrazilusa.com\/pt\/wp-json\/wp\/v2\/comments?post=89477"}],"version-history":[{"count":1,"href":"https:\/\/tvbrazilusa.com\/pt\/wp-json\/wp\/v2\/posts\/89477\/revisions"}],"predecessor-version":[{"id":89479,"href":"https:\/\/tvbrazilusa.com\/pt\/wp-json\/wp\/v2\/posts\/89477\/revisions\/89479"}],"wp:featuredmedia":[{"embeddable":true,"href":"https:\/\/tvbrazilusa.com\/pt\/wp-json\/wp\/v2\/media\/89478"}],"wp:attachment":[{"href":"https:\/\/tvbrazilusa.com\/pt\/wp-json\/wp\/v2\/media?parent=89477"}],"wp:term":[{"taxonomy":"category","embeddable":true,"href":"https:\/\/tvbrazilusa.com\/pt\/wp-json\/wp\/v2\/categories?post=89477"},{"taxonomy":"post_tag","embeddable":true,"href":"https:\/\/tvbrazilusa.com\/pt\/wp-json\/wp\/v2\/tags?post=89477"}],"curies":[{"name":"wp","href":"https:\/\/api.w.org\/{rel}","templated":true}]}}