{"id":89483,"date":"2025-01-09T01:05:23","date_gmt":"2025-01-09T01:05:23","guid":{"rendered":"https:\/\/tvbrazilusa.com\/2025\/01\/09\/agora-novo-advogado-assume-comando-da-defesa-de-bolsonaro\/"},"modified":"2025-01-09T01:05:24","modified_gmt":"2025-01-09T01:05:24","slug":"agora-novo-advogado-assume-comando-da-defesa-de-bolsonaro","status":"publish","type":"post","link":"https:\/\/tvbrazilusa.com\/pt\/2025\/01\/09\/agora-novo-advogado-assume-comando-da-defesa-de-bolsonaro\/","title":{"rendered":"AGORA: Novo advogado assume comando da defesa de Bolsonaro"},"content":{"rendered":"<p> <script async src=\"https:\/\/pagead2.googlesyndication.com\/pagead\/js\/adsbygoogle.js?client=ca-pub-8864793242727901\"\r\n     crossorigin=\"anonymous\"><\/script><br \/>\n<\/p>\n<div id=\"taboola-read-more\" style=\"display:block; width:100%\">\n<p>O criminalista Celso Vilardi vai assumir a coordena\u00e7\u00e3o da defesa de Jair Bolsonaro nos processos que o ex-presidente enfrenta no Supremo Tribunal Federal (STF). O martelo foi batido nesta quarta-feira depois de uma conversa decisiva entre o capit\u00e3o com Vilardi.\n<\/p>\n<p>O advogado Paulo Bueno, que at\u00e9 ent\u00e3o estava \u00e0 frente da defesa do ex-presidente, seguir\u00e1 atuando na equipe.<\/p>\n<p>Vilardi desponta como um dos advogados da \u00e1rea criminal mais respeitados do pa\u00eds. Ele j\u00e1 atuou na defesa de empresas de Eike Batista, de executivos da empreiteira Camargo Corr\u00eaa, na opera\u00e7\u00e3o Lava-Jato, do ex-tesoureiro do PT Del\u00fabio Soares no mensal\u00e3o, e em grandes investiga\u00e7\u00f5es corporativas, como o caso do rompimento da barragem da Vale em Minas Gerais.\n<\/p>\n<p>Fonte: O Globo              <\/p>\n<\/div>\n<p><br \/>\n<br \/><a href=\"https:\/\/diariodobrasilnoticias.com.br\/noticia\/agora-novo-advogado-assume-comando-da-defesa-de-bolsonaro-677f02ed54683\">Source link <\/a><\/p>","protected":false},"excerpt":{"rendered":"<p>O criminalista Celso Vilardi vai assumir a coordena\u00e7\u00e3o da defesa de Jair Bolsonaro nos processos que o ex-presidente enfrenta no Supremo Tribunal Federal (STF). O martelo foi batido nesta quarta-feira&hellip;<\/p>","protected":false},"author":1,"featured_media":89484,"comment_status":"closed","ping_status":"open","sticky":false,"template":"","format":"standard","meta":{"content-type":"","footnotes":""},"categories":[16],"tags":[123,2448,5313,1267],"class_list":["post-89483","post","type-post","status-publish","format-standard","has-post-thumbnail","hentry","category-noticias","tag-brasil","tag-diario","tag-noticia","tag-noticias"],"_links":{"self":[{"href":"https:\/\/tvbrazilusa.com\/pt\/wp-json\/wp\/v2\/posts\/89483","targetHints":{"allow":["GET"]}}],"collection":[{"href":"https:\/\/tvbrazilusa.com\/pt\/wp-json\/wp\/v2\/posts"}],"about":[{"href":"https:\/\/tvbrazilusa.com\/pt\/wp-json\/wp\/v2\/types\/post"}],"author":[{"embeddable":true,"href":"https:\/\/tvbrazilusa.com\/pt\/wp-json\/wp\/v2\/users\/1"}],"replies":[{"embeddable":true,"href":"https:\/\/tvbrazilusa.com\/pt\/wp-json\/wp\/v2\/comments?post=89483"}],"version-history":[{"count":1,"href":"https:\/\/tvbrazilusa.com\/pt\/wp-json\/wp\/v2\/posts\/89483\/revisions"}],"predecessor-version":[{"id":89485,"href":"https:\/\/tvbrazilusa.com\/pt\/wp-json\/wp\/v2\/posts\/89483\/revisions\/89485"}],"wp:featuredmedia":[{"embeddable":true,"href":"https:\/\/tvbrazilusa.com\/pt\/wp-json\/wp\/v2\/media\/89484"}],"wp:attachment":[{"href":"https:\/\/tvbrazilusa.com\/pt\/wp-json\/wp\/v2\/media?parent=89483"}],"wp:term":[{"taxonomy":"category","embeddable":true,"href":"https:\/\/tvbrazilusa.com\/pt\/wp-json\/wp\/v2\/categories?post=89483"},{"taxonomy":"post_tag","embeddable":true,"href":"https:\/\/tvbrazilusa.com\/pt\/wp-json\/wp\/v2\/tags?post=89483"}],"curies":[{"name":"wp","href":"https:\/\/api.w.org\/{rel}","templated":true}]}}