{"id":89486,"date":"2025-01-09T01:17:30","date_gmt":"2025-01-09T01:17:30","guid":{"rendered":"https:\/\/tvbrazilusa.com\/2025\/01\/09\/video-feito-em-aviao-mostra-dimensao-dos-incendios-florestais-na-california-veja-video\/"},"modified":"2025-01-09T01:17:31","modified_gmt":"2025-01-09T01:17:31","slug":"video-feito-em-aviao-mostra-dimensao-dos-incendios-florestais-na-california-veja-video","status":"publish","type":"post","link":"https:\/\/tvbrazilusa.com\/pt\/2025\/01\/09\/video-feito-em-aviao-mostra-dimensao-dos-incendios-florestais-na-california-veja-video\/","title":{"rendered":"V\u00eddeo feito em avi\u00e3o mostra dimens\u00e3o dos inc\u00eandios florestais na Calif\u00f3rnia; VEJA V\u00cdDEO"},"content":{"rendered":"<p> <script async src=\"https:\/\/pagead2.googlesyndication.com\/pagead\/js\/adsbygoogle.js?client=ca-pub-8864793242727901\"\r\n     crossorigin=\"anonymous\"><\/script><br \/>\n<\/p>\n<div id=\"taboola-read-more\" style=\"display:block; width:100%\">\n<p>Um v\u00eddeo feito da janela de um voo comercial viralizaram nas redes sociais por revelar a dimens\u00e3o da trag\u00e9dia ambiental que assusta moradores da regi\u00e3o de Pacific Palisades, nos arredores de Los Angeles, estado da Calif\u00f3rnia.<br \/>Mais de 30 mil pessoas receberam ordens para sair de casa por causa de um grande inc\u00eandio florestal que atinge a regi\u00e3o de Los Angeles, nos Estados Unidos. A cidade decretou estado de emerg\u00eancia. O inc\u00eandio j\u00e1 consumiu mais de 1.000 hectares. De acordo com metereologistas, ventos de at\u00e9 160 km\/h est\u00e3o espalhando o fogo e dificultando o trabalho dos bombeiros, que afirmam haver relatos de v\u00e1rios moradores feridos. Um balan\u00e7o oficial de v\u00edtimas s\u00f3 deve ser divulgado pelos bombeiros ao longo do dia.\n<\/p>\n<p><strong>ASSISTA:<\/strong><\/p>\n<p>Fonte: @recordnews \/ Instagram              <\/p>\n<\/div>\n<p><br \/>\n<br \/><a href=\"https:\/\/diariodobrasilnoticias.com.br\/noticia\/video-feito-em-aviao-mostra-dimensao-dos-incendios-florestais-na-california-veja-video-677ef53aa4f2d\">Source link <\/a><\/p>","protected":false},"excerpt":{"rendered":"<p>Um v\u00eddeo feito da janela de um voo comercial viralizaram nas redes sociais por revelar a dimens\u00e3o da trag\u00e9dia ambiental que assusta moradores da regi\u00e3o de Pacific Palisades, nos arredores&hellip;<\/p>","protected":false},"author":1,"featured_media":89487,"comment_status":"closed","ping_status":"open","sticky":false,"template":"","format":"standard","meta":{"content-type":"","footnotes":""},"categories":[16],"tags":[123,2448,5313,1267],"class_list":["post-89486","post","type-post","status-publish","format-standard","has-post-thumbnail","hentry","category-noticias","tag-brasil","tag-diario","tag-noticia","tag-noticias"],"_links":{"self":[{"href":"https:\/\/tvbrazilusa.com\/pt\/wp-json\/wp\/v2\/posts\/89486","targetHints":{"allow":["GET"]}}],"collection":[{"href":"https:\/\/tvbrazilusa.com\/pt\/wp-json\/wp\/v2\/posts"}],"about":[{"href":"https:\/\/tvbrazilusa.com\/pt\/wp-json\/wp\/v2\/types\/post"}],"author":[{"embeddable":true,"href":"https:\/\/tvbrazilusa.com\/pt\/wp-json\/wp\/v2\/users\/1"}],"replies":[{"embeddable":true,"href":"https:\/\/tvbrazilusa.com\/pt\/wp-json\/wp\/v2\/comments?post=89486"}],"version-history":[{"count":1,"href":"https:\/\/tvbrazilusa.com\/pt\/wp-json\/wp\/v2\/posts\/89486\/revisions"}],"predecessor-version":[{"id":89488,"href":"https:\/\/tvbrazilusa.com\/pt\/wp-json\/wp\/v2\/posts\/89486\/revisions\/89488"}],"wp:featuredmedia":[{"embeddable":true,"href":"https:\/\/tvbrazilusa.com\/pt\/wp-json\/wp\/v2\/media\/89487"}],"wp:attachment":[{"href":"https:\/\/tvbrazilusa.com\/pt\/wp-json\/wp\/v2\/media?parent=89486"}],"wp:term":[{"taxonomy":"category","embeddable":true,"href":"https:\/\/tvbrazilusa.com\/pt\/wp-json\/wp\/v2\/categories?post=89486"},{"taxonomy":"post_tag","embeddable":true,"href":"https:\/\/tvbrazilusa.com\/pt\/wp-json\/wp\/v2\/tags?post=89486"}],"curies":[{"name":"wp","href":"https:\/\/api.w.org\/{rel}","templated":true}]}}