{"id":89504,"date":"2025-01-09T01:39:46","date_gmt":"2025-01-09T01:39:46","guid":{"rendered":"https:\/\/tvbrazilusa.com\/2025\/01\/09\/sjc-a-lei-das-comunidades-mbta-e-legal-mas-atualmente-inexequivel\/"},"modified":"2025-01-09T02:05:34","modified_gmt":"2025-01-09T02:05:34","slug":"sjc-a-lei-das-comunidades-mbta-e-legal-mas-atualmente-inexequivel","status":"publish","type":"post","link":"https:\/\/tvbrazilusa.com\/pt\/2025\/01\/09\/sjc-a-lei-das-comunidades-mbta-e-legal-mas-atualmente-inexequivel\/","title":{"rendered":"SJC: A Lei das Comunidades MBTA \u00e9 legal, mas &#8216;atualmente inexequ\u00edvel&#8217;"},"content":{"rendered":"<p> <script async src=\"https:\/\/pagead2.googlesyndication.com\/pagead\/js\/adsbygoogle.js?client=ca-pub-8864793242727901\"\r\n     crossorigin=\"anonymous\"><\/script><br \/>\n<\/p>\n<div id=\"\">\n<header class=\"m-article-header m-article-header--standard\">\n\t\t\t\t\t\t\t\t\t\t\t\t<span id=\"article-header-primary-term\"><br \/>\n\t\t\t\t\t\t\t\t<a class=\"a-term a-term--primary\" href=\"https:\/\/www.boston.com\/tag\/local-news\/\"><\/p>\n<p>\t\t\t\t\t\t\t\tNot\u00edcias locais\t\t\t\t\t\t\t\t<\/a><br \/>\n\t\t\t\t\t\t\t<\/span><\/p>\n<h2 class=\"m-article-header__sub-headline\">O estado apresentar\u00e1 regulamentos de emerg\u00eancia at\u00e9 sexta-feira \u201cconsistentes com a decis\u00e3o do tribunal\u201d, depois que o SJC considerou as diretrizes atuais ineficazes.<\/h2>\n<figure class=\"a-photo m-article-header__photo\"><figcaption class=\"a-photo__caption\">\n<p>\tUm bonde Mattapan viaja ao longo da trilha Neponset River Greenway em setembro de 2023.<em> <\/em>\t<\/figcaption><\/figure>\n<\/header>\n<p>A mais alta corte do estado decidiu que o pol\u00eamico <a href=\"https:\/\/www.boston.com\/tag\/mbta-communities-act\/\">Lei das Comunidades MBTA<\/a> pode ser legalmente aplicada pelo estado, mas ambos os lados consideraram a decis\u00e3o de quarta-feira uma vit\u00f3ria depois que o Supremo Tribunal Judicial classificou as diretrizes atuais do estado como \u201cinexequ\u00edveis\u201d.<\/p>\n<p>O SJC <a href=\"https:\/\/www.mass.gov\/doc\/attorney-general-v-town-of-milton-executive-office-of-housing-and-livable-communities-sjc-13580\/download\">disse em uma decis\u00e3o na quarta-feira<\/a> que a Lei das Comunidades MBTA, que obriga as comunidades pendulares a rezonearem para habita\u00e7\u00e3o multifamiliar, \u00e9 constitucional, e a Procuradora-Geral Andrea Campbell \u201ctem o poder de intentar uma a\u00e7\u00e3o\u201d para fazer cumprir a lei, escreveu a Chefe de Justi\u00e7a Kimberly Budd.<\/p>\n<p>No entanto, o Gabinete Executivo de Habita\u00e7\u00e3o e Comunidades Habit\u00e1veis \u200b\u200bdo estado, que determina o cumprimento do zoneamento, n\u00e3o cumpriu a Lei de Procedimento Administrativo ao n\u00e3o apresentar um aviso de regulamento proposto e uma declara\u00e7\u00e3o de impacto nas pequenas empresas, escreveu Budd.<\/p>\n<p>\u201c(EOHLC) n\u00e3o tomou nenhuma dessas medidas necess\u00e1rias\u201d, escreveu Budd. \u201cComo as diretrizes atuais (da EOHLC) n\u00e3o foram promulgadas de acordo com a APA, n\u00f3s as declaramos ineficazes e, como tal, atualmente inexequ\u00edveis.\u201d<\/p>\n<p>O SJC ouviu o caso depois que a cidade de Milton, perto do Mattapan Trolley, lan\u00e7ou uma batalha legal no ano passado para lutar contra o cumprimento. Como n\u00e3o cumpriram as mudan\u00e7as de zoneamento, Campbell entrou com uma a\u00e7\u00e3o contra a cidade e, em fevereiro do ano passado, Milton <a href=\"https:\/\/www.boston.com\/news\/local-news\/2024\/02\/21\/milton-to-start-losing-out-on-state-grants-after-rejecting-law-aimed-at-building-more-housing\/\">come\u00e7ou a perder subs\u00eddios estaduais<\/a>segundo Kevin Martin, que representou Milton na quadra. Martin disse que o estado \u201cestava errado\u201d ao reter o financiamento de Milton porque as diretrizes foram consideradas ineficazes pelo SJC.<\/p>\n<p>\u201cA decis\u00e3o do SJC relativamente a Milton tamb\u00e9m tem implica\u00e7\u00f5es mais amplas, confirmando que as ag\u00eancias estatais n\u00e3o s\u00e3o livres de ignorar o impacto das suas regulamenta\u00e7\u00f5es nas pequenas empresas e nas finan\u00e7as do governo local\u201d, disse Martin. \u201cO SJC tamb\u00e9m deixou em aberto importantes quest\u00f5es substantivas, como se o Mattapan Trolley \u00e9 um metr\u00f4, que afetam a quantidade de moradias que Milton deve incluir em seu distrito multifamiliar.\u201d<\/p>\n<p>A EOHLC apresentar\u00e1 regulamentos de emerg\u00eancia at\u00e9 sexta-feira, disse o escrit\u00f3rio em comunicado, \u201cconsistente com a decis\u00e3o do tribunal\u201d. Esses regulamentos entrar\u00e3o em vigor imediatamente.<\/p>\n<p>\u201cEsperamos que, ao emitir novas Diretrizes, o estado leve em conta as muitas preocupa\u00e7\u00f5es substantivas s\u00e9rias levantadas por Milton e outras comunidades afetadas\u201d, disse Martin.<\/p>\n<p>Campbell disse em comunicado que seu escrit\u00f3rio trabalhar\u00e1 com a EOHLC \u201cpara auxiliar na emiss\u00e3o de regulamentos\u201d. Mas a governadora Maura Healey e Campbell consideraram a decis\u00e3o consequente uma grande vit\u00f3ria. <\/p>\n<p>\u201cO mais alto tribunal do estado deixou claro que as comunidades sujeitas \u00e0 lei devem permitir um desenvolvimento adicional e respons\u00e1vel \u2013 e que a lei \u00e9 obrigat\u00f3ria, n\u00e3o volunt\u00e1ria\u201d, disse Campbell. <a href=\"https:\/\/www.mass.gov\/news\/ag-campbell-issues-statement-on-victory-in-attorney-general-v-town-of-milton\">disse<\/a>. \u201cAplaudo os residentes, autoridades municipais e comunidades que j\u00e1 adotaram o zoneamento para ajudar a aliviar a nossa crise habitacional em todo o estado.\u201d<\/p>\n<p>Healey observou que 116 comunidades de 177 j\u00e1 compilaram <a href=\"https:\/\/www.boston.com\/news\/local-news\/2024\/10\/17\/map-mbta-communities-whats-next-for-your-town\/\">Lei das Comunidades MBTA<\/a>resultando em 3.000 novas casas \u201cem prepara\u00e7\u00e3o \u2013 e esses n\u00fameros continuar\u00e3o a crescer\u201d.<\/p>\n<p>\u201cEstamos prontos para trabalhar com Milton e todas as comunidades para ajud\u00e1-los a compreender como todos n\u00f3s nos beneficiaremos da Lei das Comunidades MBTA e encontrar maneiras de eles atenderem \u00e0s suas necessidades habitacionais \u00fanicas\u201d, <a href=\"https:\/\/www.mass.gov\/news\/governor-healey-calls-sjc-ruling-on-mbta-communities-law-a-major-victory\">Declara\u00e7\u00e3o de Healey<\/a> disse.<\/p>\n<div class=\"o-author-single has-avatar\">\n<header class=\"m-author-card\">\n<div class=\"a-image a-image--square m-author-card__image\">\n\t\t<img decoding=\"async\" class=\"\" src=\"https:\/\/www.boston.com\/wp-content\/uploads\/2024\/10\/cropped-molly-farrar-6707200226887-6707200bea6c0-242x242.jpg\" alt=\"Imagem do perfil de Molly Farrar\"\/>\t<\/div>\n<\/header>\n<section class=\"author-info\">\n<div class=\"m-author__section\">\n<p>Molly Farrar \u00e9 rep\u00f3rter geral do Boston.com, com foco em educa\u00e7\u00e3o, pol\u00edtica, crime e muito mais.<\/p>\n<\/div>\n<\/section>\n<\/div>\n<div class=\"m-block m-generic-cta\t m-generic-cta--post-content\t m-generic-cta--dark\t m-generic-cta--homepage\t m-generic-cta--email-signup\t\t m-generic-cta-block-style--default \tt-amp__generic-cta\"><\/p>\n<div class=\"m-generic-cta__wrap\">\n<div class=\"m-generic-cta__content\">\n<h3 class=\"m-generic-cta__title\">Boston.com hoje<\/h3>\n<p class=\"m-generic-cta__subtitle\">Inscreva-se para receber as \u00faltimas manchetes em sua caixa de entrada todas as manh\u00e3s.<\/p>\n<\/p><\/div>\n<\/p><\/div>\n<\/div><\/div>\n<p><script>\n\t\tvar consent=\"grant\";\n\t\t\/* The above code is parsing the JSON data from the local storage and storing it in a variable. *\/\n\t\t\t\t\tconst onetrustStorageConsent = JSON.parse(localStorage.getItem( 'consent_one_trust_bdc' ) );\n\t\t\tif ( ( onetrustStorageConsent !== null ) ) {\n\t\t\t\t\/* Checking to see if the user has consented to the use of cookies.\n\t\t\t\t* If they have not, it is deleting the cookie.\n\t\t\t\t* This will comment for now, until further notice.\n\t\t\t\t*\/\n\t\t\t\t\/\/if ( onetrustStorageConsent.C0002 === false ) {\n\t\t\t\t\/\/\tdocument.cookie=\"_fbp=;expires=Thu, 01 Jan 2010 00:00:00 UTC; path=\/; domain=.boston.com\";\n\t\t\t\t\/\/}\n\t\t\t\t\/* Checking if the user has given consent for the cookie C0002.\n\t\t\t\t* If the user has given consent, the variable consent will be set to 'grant'.\n\t\t\t\t* If the user has not given consent,the variable consent will be set to 'revoke'.\n\t\t\t\t* Documentation https:\/\/developers.facebook.com\/docs\/meta-pixel\/implementation\/gdpr\n\t\t\t\t*\/\n\t\t\t\tif ( onetrustStorageConsent.C0002 !== true ) {\n\t\t\t\t\tconsent=\"revoke\";\n\t\t\t\t}\n\t\t\t}\n\t\t\t\t!function(f,b,e,v,n,t,s)\n\t\t{if(f.fbq)return;n=f.fbq=function(){n.callMethod?\n\t\tn.callMethod.apply(n,arguments):n.queue.push(arguments)};\n\t\tif(!f._fbq)f._fbq=n;n.push=n;n.loaded=!0;n.version='2.0';\n\t\tn.queue=[];t=b.createElement(e);t.async=!0;\n\t\tt.src=v;s=b.getElementsByTagName(e)[0];\n\t\ts.parentNode.insertBefore(t,s)}(window, document,'script',\n\t\t'https:\/\/connect.facebook.net\/en_US\/fbevents.js');\n\t\tfbq('consent', consent);\n\t\tfbq('init', '989222871864976');\n\t\tfbq('track', 'PageView');\n\t<\/script><script type=\"module\">\n\t\tvar consent=\"grant\";\n\t\t\/* The above code is parsing the JSON data from the local storage and storing it in a variable. *\/\n\t\t\tconst onetrustStorageConsent = JSON.parse(localStorage.getItem( 'consent_one_trust_bdc' ) );\n\t\t\t\/* Checking to see if the user has consented to the use of cookies.\n\t\t\t* If they have not, it is deleting the cookie.\n\t\t\t* This will comment for now, until further notice.\n\t\t\t*\/\n\t\t\t\/\/if ( onetrustStorageConsent.C0002 === false ) {\n\t\t\t\/\/\tdocument.cookie=\"_fbp=;expires=Thu, 01 Jan 2010 00:00:00 UTC; path=\/; domain=.boston.com\";\n\t\t\t\/\/}\n\t\t\t\/* Checking if the user has given consent for the cookie C0002.\n\t\t\t* If the user has given consent, the variable consent will be set to 'grant'.\n\t\t\t* If the user has not given consent,the variable consent will be set to 'revoke'.\n\t\t\t* Documentation https:\/\/developers.facebook.com\/docs\/meta-pixel\/implementation\/gdpr\n\t\t\t*\/\n\t\t\tif ( ( onetrustStorageConsent !== null ) && (onetrustStorageConsent.C0002 !== true ) ) {\n\t\t\t\tconsent=\"revoke\";\n\t\t\t}\n\t\t\t\t!function(f,b,e,v,n,t,s){if(f.fbq)return;n=f.fbq=function()\n\t\t{n.callMethod? n.callMethod.apply(n,arguments):n.queue.push(arguments)}\n\t\t;if(!f._fbq)f._fbq=n;\n\t\tn.push=n;n.loaded=!0;n.version='2.0';n.queue=[];t=b.createElement(e);t.async=!0;\n\t\tt.src=v;s=b.getElementsByTagName(e)[0];s.parentNode.insertBefore(t,s)}(window,\n\t\tdocument,'script','https:\/\/connect.facebook.net\/en_US\/fbevents.js');\n\t\tfbq('consent', consent);\n\t\tfbq('init', '813236348753005');\n\t\tfbq('track', \"PageView\");\n\t<\/script><br \/>\n<br \/><br \/>\n<br \/><a href=\"https:\/\/www.boston.com\/news\/local-news\/2025\/01\/08\/sjc-mbta-communities-act-is-legal-but-presently-unenforceable\/\">Source link <\/a><\/p>","protected":false},"excerpt":{"rendered":"<p>Not\u00edcias locais O estado apresentar\u00e1 regulamentos de emerg\u00eancia at\u00e9 sexta-feira \u201cconsistentes com a decis\u00e3o do tribunal\u201d, depois que o SJC considerou as diretrizes atuais ineficazes. Um bonde Mattapan viaja ao&hellip;<\/p>","protected":false},"author":1,"featured_media":89505,"comment_status":"closed","ping_status":"open","sticky":false,"template":"","format":"standard","meta":{"content-type":"","footnotes":""},"categories":[1],"tags":[],"class_list":["post-89504","post","type-post","status-publish","format-standard","has-post-thumbnail","hentry","category-uncategorized"],"_links":{"self":[{"href":"https:\/\/tvbrazilusa.com\/pt\/wp-json\/wp\/v2\/posts\/89504","targetHints":{"allow":["GET"]}}],"collection":[{"href":"https:\/\/tvbrazilusa.com\/pt\/wp-json\/wp\/v2\/posts"}],"about":[{"href":"https:\/\/tvbrazilusa.com\/pt\/wp-json\/wp\/v2\/types\/post"}],"author":[{"embeddable":true,"href":"https:\/\/tvbrazilusa.com\/pt\/wp-json\/wp\/v2\/users\/1"}],"replies":[{"embeddable":true,"href":"https:\/\/tvbrazilusa.com\/pt\/wp-json\/wp\/v2\/comments?post=89504"}],"version-history":[{"count":1,"href":"https:\/\/tvbrazilusa.com\/pt\/wp-json\/wp\/v2\/posts\/89504\/revisions"}],"predecessor-version":[{"id":89506,"href":"https:\/\/tvbrazilusa.com\/pt\/wp-json\/wp\/v2\/posts\/89504\/revisions\/89506"}],"wp:featuredmedia":[{"embeddable":true,"href":"https:\/\/tvbrazilusa.com\/pt\/wp-json\/wp\/v2\/media\/89505"}],"wp:attachment":[{"href":"https:\/\/tvbrazilusa.com\/pt\/wp-json\/wp\/v2\/media?parent=89504"}],"wp:term":[{"taxonomy":"category","embeddable":true,"href":"https:\/\/tvbrazilusa.com\/pt\/wp-json\/wp\/v2\/categories?post=89504"},{"taxonomy":"post_tag","embeddable":true,"href":"https:\/\/tvbrazilusa.com\/pt\/wp-json\/wp\/v2\/tags?post=89504"}],"curies":[{"name":"wp","href":"https:\/\/api.w.org\/{rel}","templated":true}]}}