{"id":89532,"date":"2025-01-09T03:33:18","date_gmt":"2025-01-09T03:33:18","guid":{"rendered":"https:\/\/tvbrazilusa.com\/2025\/01\/09\/bomba-governo-estuda-quitar-rombo-milionario-de-itaipu-com-conta-de-energia-mais-cara-ao-brasileiro\/"},"modified":"2025-01-09T03:33:20","modified_gmt":"2025-01-09T03:33:20","slug":"bomba-governo-estuda-quitar-rombo-milionario-de-itaipu-com-conta-de-energia-mais-cara-ao-brasileiro","status":"publish","type":"post","link":"https:\/\/tvbrazilusa.com\/pt\/2025\/01\/09\/bomba-governo-estuda-quitar-rombo-milionario-de-itaipu-com-conta-de-energia-mais-cara-ao-brasileiro\/","title":{"rendered":"BOMBA: Governo estuda quitar rombo milion\u00e1rio de Itaipu com conta de energia mais cara ao brasileiro"},"content":{"rendered":"<p> <script async src=\"https:\/\/pagead2.googlesyndication.com\/pagead\/js\/adsbygoogle.js?client=ca-pub-8864793242727901\"\r\n     crossorigin=\"anonymous\"><\/script><br \/>\n<\/p>\n<div id=\"taboola-read-more\" style=\"display:block; width:100%\">\n<p>O saldo negativo de R$ 333 milh\u00f5es na conta da Itaipu Binacional em 2024 pode impactar a tarifa de energia el\u00e9trica e chegar at\u00e9 o bolso do consumidor brasileiro. No \u00faltimo dia 10 de dezembro, a Ag\u00eancia Nacional de Energia El\u00e9trica (Aneel) confirmou o rombo milion\u00e1rio e deu 45 dias para que o Minist\u00e9rio de Minas e Energia (MME) e a Empresa Brasileira de Participa\u00e7\u00f5es em Energia Nuclear e Binacional (ENBPar) apresentem \u201cmedidas adicionais necess\u00e1rias\u201d com o objetivo de manter \u201ca tarifa de repasse no patamar vigente, sem \u00f4nus adicional ao consumidor brasileiro.\u201d\n<\/p>\n<p>Em novembro, um of\u00edcio da ENBPar solicitou a discuss\u00e3o de uma poss\u00edvel altera\u00e7\u00e3o do artigo 15 do Decreto n\u00ba 11.027\/2022, que trata da destina\u00e7\u00e3o do resultado da conta de comercializa\u00e7\u00e3o de Itaipu. A proposta \u00e9 criar uma conta de reserva para suprir poss\u00edveis saldos negativos antes da distribui\u00e7\u00e3o de b\u00f4nus, o que pode aumentar a conta do consumidor brasileiro para cobrir o rombo milion\u00e1rio na binacional.<\/p>\n<p>Em nota, a Itaipu Binacional afirma que super\u00e1vit ou d\u00e9ficit da &#8220;conta de comercializa\u00e7\u00e3o&#8221; n\u00e3o impacta no resultado financeiro da empresa e respondeu que a &#8220;desinforma\u00e7\u00e3o \u00e9 proveniente da falta de compreens\u00e3o em rela\u00e7\u00e3o ao regramento e \u00e0 legisla\u00e7\u00e3o&#8221;. Embora leve o nome da usina hidrel\u00e9trica, segundo a nota, a conta n\u00e3o \u00e9 gerida pela Itaipu Binacional, e possui regula\u00e7\u00e3o e fiscaliza\u00e7\u00e3o da Aneel. Confira a nota no final do texto.\n<\/p>\n<p>Segundo a ENBPar, os saldos positivos da conta de Itaipu nos anos de 2020 e 2021 recompuseram aproximadamente R$ 1,3 bilh\u00e3o no exerc\u00edcio de 2024, no entanto, a Aneel esclareceu que os valores devem \u201cser exclusivamente destinados ao pagamento do b\u00f4nus de Itaipu em 2025, n\u00e3o sendo permitida sua utiliza\u00e7\u00e3o para cobrir eventuais insufici\u00eancias financeiras\u201d.\n<\/p>\n<p>O artigo 15 do decreto que regulamenta a comercializa\u00e7\u00e3o de energia el\u00e9trica gerada pela Itaipu Binacional &#8211; que pode ser alterado &#8211; afirma que se o saldo da conta for positivo, o resultado ser\u00e1 destinado para \u201crateio proporcional ao consumo individual e cr\u00e9dito de b\u00f4nus\u201d, nas contas de energia dos consumidores do &#8220;Sistema El\u00e9trico Nacional Interligado, integrantes das classes residencial e rural, cujo consumo mensal seja inferior a 350 kWh\u201d. Se negativo, o preju\u00edzo \u00e9 incorporado pela Aneel no c\u00e1lculo da tarifa de repasse de pot\u00eancia contratada no ano seguinte.\n<\/p>\n<p>A Aneel afirma que uma das possibilidades \u00e9 o aumento do aporte financeiro aprovado pela Itaipu Binacional, atualmente em US$ 293,8 milh\u00f5es, \u201cde modo a abranger os custos adicionais, relativos \u00e0 cess\u00e3o de energia e ao saldo negativo da conta de comercializa\u00e7\u00e3o\u201d.\n<\/p>\n<p>Em entrevista \u00e0 Gazeta do Povo em dezembro, o presidente do instituto Acende Brasil, Claudio Sales, declarou que o cen\u00e1rio \u00e9 resultado da atual pol\u00edtica do governo federal que direciona os recursos da Itaipu Binacional para uma s\u00e9rie de eventos controversos sob a alega\u00e7\u00e3o de levar a rubrica de \u201ccustos socioambientais\u201d.\n<\/p>\n<p>Em dois anos, a gest\u00e3o petista de Itaipu destinou recursos para patrocinar eventos como o Janjapalooza e uma palestra na Universidade de S\u00e3o Paulo (USP) com cr\u00edticas \u00e0 opera\u00e7\u00e3o Lava Jato. Al\u00e9m disso, Bel\u00e9m (PA) recebeu R$ 1,3 bilh\u00e3o para obras de prepara\u00e7\u00e3o para receber a Confer\u00eancia das Na\u00e7\u00f5es Unidas sobre as Mudan\u00e7as Clim\u00e1ticas (COP30), no final de 2025.\n<\/p>\n<p>\u201cAgora, a decis\u00e3o est\u00e1 com o governo. Ou aumenta a tarifa e passa a cobrar mais dos consumidores ou aumenta o cashback, que foi de US$ 301 milh\u00f5es em 2024 e est\u00e1 previsto para US$ 293,8 milh\u00f5es para compensa\u00e7\u00e3o. Aumentar o cashback significa diminuir os gastos absurdos que o Brasil faz com esse or\u00e7amento paralelo\u201d, aponta o presidente da Acende Brasil.\n<\/p>\n<p>Ele usa a express\u00e3o cashback pelo fato de o aporte financeiro ser proveniente do pr\u00f3prio caixa da Itaipu Binacional, o que na avalia\u00e7\u00e3o dele deveria destinar os recursos exclusivamente para fornecimento de energia de qualidade com pre\u00e7o mais acess\u00edvel ao consumidor. Como medida tempor\u00e1ria, a Aneel prorrogou a tarifa vigente de repasse de Itaipu no valor de US$ 17,66\/kW m\u00eas at\u00e9 28 de fevereiro.\n<\/p>\n<p>Em nota, a usina hidrel\u00e9trica afirma que n\u00e3o existe &#8220;qualquer rela\u00e7\u00e3o com os programas socioambientais ou os patroc\u00ednios realizados pela Itaipu Binacional&#8221; com o resultado da conta de comercializa\u00e7\u00e3o em 2024.\n<\/p>\n<p>Fonte: Gazeta do Povo              <\/p>\n<\/div>\n<p><br \/>\n<br \/><a href=\"https:\/\/diariodobrasilnoticias.com.br\/noticia\/bomba-governo-estuda-quitar-rombo-milionario-de-itaipu-com-conta-de-energia-mais-cara-ao-brasileiro-677f0c918aae4\">Source link <\/a><\/p>","protected":false},"excerpt":{"rendered":"<p>O saldo negativo de R$ 333 milh\u00f5es na conta da Itaipu Binacional em 2024 pode impactar a tarifa de energia el\u00e9trica e chegar at\u00e9 o bolso do consumidor brasileiro. No&hellip;<\/p>","protected":false},"author":1,"featured_media":89533,"comment_status":"closed","ping_status":"open","sticky":false,"template":"","format":"standard","meta":{"content-type":"","footnotes":""},"categories":[16],"tags":[123,2448,5313,1267],"class_list":["post-89532","post","type-post","status-publish","format-standard","has-post-thumbnail","hentry","category-noticias","tag-brasil","tag-diario","tag-noticia","tag-noticias"],"_links":{"self":[{"href":"https:\/\/tvbrazilusa.com\/pt\/wp-json\/wp\/v2\/posts\/89532","targetHints":{"allow":["GET"]}}],"collection":[{"href":"https:\/\/tvbrazilusa.com\/pt\/wp-json\/wp\/v2\/posts"}],"about":[{"href":"https:\/\/tvbrazilusa.com\/pt\/wp-json\/wp\/v2\/types\/post"}],"author":[{"embeddable":true,"href":"https:\/\/tvbrazilusa.com\/pt\/wp-json\/wp\/v2\/users\/1"}],"replies":[{"embeddable":true,"href":"https:\/\/tvbrazilusa.com\/pt\/wp-json\/wp\/v2\/comments?post=89532"}],"version-history":[{"count":1,"href":"https:\/\/tvbrazilusa.com\/pt\/wp-json\/wp\/v2\/posts\/89532\/revisions"}],"predecessor-version":[{"id":89534,"href":"https:\/\/tvbrazilusa.com\/pt\/wp-json\/wp\/v2\/posts\/89532\/revisions\/89534"}],"wp:featuredmedia":[{"embeddable":true,"href":"https:\/\/tvbrazilusa.com\/pt\/wp-json\/wp\/v2\/media\/89533"}],"wp:attachment":[{"href":"https:\/\/tvbrazilusa.com\/pt\/wp-json\/wp\/v2\/media?parent=89532"}],"wp:term":[{"taxonomy":"category","embeddable":true,"href":"https:\/\/tvbrazilusa.com\/pt\/wp-json\/wp\/v2\/categories?post=89532"},{"taxonomy":"post_tag","embeddable":true,"href":"https:\/\/tvbrazilusa.com\/pt\/wp-json\/wp\/v2\/tags?post=89532"}],"curies":[{"name":"wp","href":"https:\/\/api.w.org\/{rel}","templated":true}]}}