{"id":89552,"date":"2025-01-09T05:00:00","date_gmt":"2025-01-09T05:00:00","guid":{"rendered":"https:\/\/tvbrazilusa.com\/2025\/01\/09\/condado-de-henry-conduzira-busca-nacional-por-novo-chefe-dos-bombeiros\/"},"modified":"2025-01-09T05:11:36","modified_gmt":"2025-01-09T05:11:36","slug":"condado-de-henry-conduzira-busca-nacional-por-novo-chefe-dos-bombeiros","status":"publish","type":"post","link":"https:\/\/tvbrazilusa.com\/pt\/2025\/01\/09\/condado-de-henry-conduzira-busca-nacional-por-novo-chefe-dos-bombeiros\/","title":{"rendered":"Condado de Henry conduzir\u00e1 busca nacional por novo chefe dos bombeiros"},"content":{"rendered":"<script async src=\"https:\/\/pagead2.googlesyndication.com\/pagead\/js\/adsbygoogle.js?client=ca-pub-8864793242727901\"\r\n     crossorigin=\"anonymous\"><\/script>\n<p>Ap\u00f3s a ren\u00fancia em 6 de janeiro do chefe dos bombeiros do condado de Henry, Jonathan Burnette, o condado conduzir\u00e1 uma busca nacional por um novo chefe.<br \/>\n<br \/><br \/>\n<br \/><a href=\"https:\/\/www.henryherald.com\/news\/henry-county-to-conduct-national-search-for-new-fire-chief\/article_6492e608-ce1e-11ef-84ff-032716add16c.html\">Source link <\/a><\/p>","protected":false},"excerpt":{"rendered":"<p>Ap\u00f3s a ren\u00fancia em 6 de janeiro do chefe dos bombeiros do condado de Henry, Jonathan Burnette, o condado conduzir\u00e1 uma busca nacional por um novo chefe. Source link<\/p>","protected":false},"author":1,"featured_media":89553,"comment_status":"closed","ping_status":"open","sticky":false,"template":"","format":"standard","meta":{"content-type":"","footnotes":""},"categories":[1],"tags":[],"class_list":["post-89552","post","type-post","status-publish","format-standard","has-post-thumbnail","hentry","category-uncategorized"],"_links":{"self":[{"href":"https:\/\/tvbrazilusa.com\/pt\/wp-json\/wp\/v2\/posts\/89552","targetHints":{"allow":["GET"]}}],"collection":[{"href":"https:\/\/tvbrazilusa.com\/pt\/wp-json\/wp\/v2\/posts"}],"about":[{"href":"https:\/\/tvbrazilusa.com\/pt\/wp-json\/wp\/v2\/types\/post"}],"author":[{"embeddable":true,"href":"https:\/\/tvbrazilusa.com\/pt\/wp-json\/wp\/v2\/users\/1"}],"replies":[{"embeddable":true,"href":"https:\/\/tvbrazilusa.com\/pt\/wp-json\/wp\/v2\/comments?post=89552"}],"version-history":[{"count":1,"href":"https:\/\/tvbrazilusa.com\/pt\/wp-json\/wp\/v2\/posts\/89552\/revisions"}],"predecessor-version":[{"id":89554,"href":"https:\/\/tvbrazilusa.com\/pt\/wp-json\/wp\/v2\/posts\/89552\/revisions\/89554"}],"wp:featuredmedia":[{"embeddable":true,"href":"https:\/\/tvbrazilusa.com\/pt\/wp-json\/wp\/v2\/media\/89553"}],"wp:attachment":[{"href":"https:\/\/tvbrazilusa.com\/pt\/wp-json\/wp\/v2\/media?parent=89552"}],"wp:term":[{"taxonomy":"category","embeddable":true,"href":"https:\/\/tvbrazilusa.com\/pt\/wp-json\/wp\/v2\/categories?post=89552"},{"taxonomy":"post_tag","embeddable":true,"href":"https:\/\/tvbrazilusa.com\/pt\/wp-json\/wp\/v2\/tags?post=89552"}],"curies":[{"name":"wp","href":"https:\/\/api.w.org\/{rel}","templated":true}]}}