{"id":89619,"date":"2025-01-09T12:54:02","date_gmt":"2025-01-09T12:54:02","guid":{"rendered":"https:\/\/tvbrazilusa.com\/2025\/01\/09\/edson-fachin-defende-restricoes-a-atuacao-do-stf-no-8-de-janeiro\/"},"modified":"2025-01-09T12:54:04","modified_gmt":"2025-01-09T12:54:04","slug":"edson-fachin-defende-restricoes-a-atuacao-do-stf-no-8-de-janeiro","status":"publish","type":"post","link":"https:\/\/tvbrazilusa.com\/pt\/2025\/01\/09\/edson-fachin-defende-restricoes-a-atuacao-do-stf-no-8-de-janeiro\/","title":{"rendered":"Edson Fachin defende restri\u00e7\u00f5es \u00e0 atua\u00e7\u00e3o do STF no 8 de janeiro"},"content":{"rendered":"<p> <script async src=\"https:\/\/pagead2.googlesyndication.com\/pagead\/js\/adsbygoogle.js?client=ca-pub-8864793242727901\"\r\n     crossorigin=\"anonymous\"><\/script><br \/>\n<\/p>\n<div id=\"taboola-read-more\" style=\"display:block; width:100%\">\n<p>O ministro Edson Fachin, vice-presidente do Supremo Tribunal Federal (STF), destacou em um evento que rememorou os atos de 8 de janeiro de 2023 a necessidade de aprender com os acontecimentos para que n\u00e3o se repitam. Ele representou a Suprema Corte na cerim\u00f4nia realizada nesta quarta-feira, 8. Fachin enfatizou a import\u00e2ncia da mem\u00f3ria coletiva para a prote\u00e7\u00e3o da democracia.\n<\/p>\n<p>Durante sua fala, Fachin afirmou que o Brasil demonstrou possuir uma democracia forte. Ressaltou que a Constitui\u00e7\u00e3o n\u00e3o permite qualquer ato contra o Estado Democr\u00e1tico de Direito.<\/p>\n<p>O ministro declarou que o STF desempenha papel essencial na defesa da democracia. Ao mesmo tempo, disse que o protagonismo da Corte deve ser limitado por sua fun\u00e7\u00e3o constitucional.\n<\/p>\n<p>\u201cCabe sempre observar o limite da Constitui\u00e7\u00e3o\u201d, disse o ministro. \u201cAo Direito o que \u00e9 do Direito, e \u00e0 pol\u00edtica o que \u00e9 da pol\u00edtica.\u201d\n<\/p>\n<p>Ao adotar uma postura conciliadora, Fachin evita conflitos com outros Poderes, especialmente diante das cr\u00edticas do Congresso relacionadas \u00e0 judicializa\u00e7\u00e3o da pol\u00edtica e \u00e0 suposta invas\u00e3o das compet\u00eancias do Legislativo pelo STF.\n<\/p>\n<p>\u00a0<\/p>\n<p>Um dos principais alvos dessas cr\u00edticas tem sido o ministro Alexandre de Moraes, frequentemente atacado por aliados do ex-presidente\u00a0<strong><a href=\"https:\/\/revistaoeste.com\/tag\/jair-bolsonaro\" target=\"_blank\" rel=\"noopener noreferrer\">Jair Bolsonaro<\/a><\/strong>\u00a0(PL). Embora n\u00e3o tenha citado diretamente Moraes, Fachin refor\u00e7ou que a fun\u00e7\u00e3o do juiz \u00e9 condenar crimes sem tomar partido. Ele afirmou que, em uma democracia, o juiz deve responsabilizar quem viola as regras, mas n\u00e3o determinar os vencedores do jogo pol\u00edtico.\n<\/p>\n<h2 class=\"wp-block-heading\">Edson Fachin leu uma carta enviada por Barroso<\/h2>\n<p>O presidente do STF, ministro Lu\u00eds Roberto Barroso, n\u00e3o compareceu ao evento, mas enviou uma carta, lida por Fachin. No texto, Barroso repudiou a narrativa que associa o combate ao extremismo a atitudes autorit\u00e1rias. Ele alertou para a difus\u00e3o de mentiras que justificam atitudes antidemocr\u00e1ticas. Ressaltou a necessidade de enfrentar o extremismo dentro dos limites do Estado de Direito.\n<\/p>\n<p>Essa declara\u00e7\u00e3o ocorreu um dia depois de Mark Zuckerberg, CEO da\u00a0<strong><a href=\"https:\/\/revistaoeste.com\/tag\/meta\" target=\"_blank\" rel=\"noopener noreferrer\">Meta<\/a><\/strong>, divulgar um v\u00eddeo em que criticou supostos \u201ctribunais secretos de censura\u201d na Am\u00e9rica Latina, sem mencionar diretamente o STF. O epis\u00f3dio faz parte do contexto do julgamento em curso sobre o Marco Civil da Internet.\n<\/p>\n<p>\u00a0<\/p>\n<p>Esse julgamento discute a responsabiliza\u00e7\u00e3o das redes sociais pelos conte\u00fados publicados por seus usu\u00e1rios. At\u00e9 agora, tr\u00eas votos foram favor\u00e1veis \u00e0 amplia\u00e7\u00e3o das hip\u00f3teses de puni\u00e7\u00e3o das plataformas. Isso gerou debates entre integrantes do governo e setores da oposi\u00e7\u00e3o, que apontam riscos \u00e0 liberdade de express\u00e3o.<\/p>\n<p>Fonte: Revista Oeste              <\/p>\n<\/div>\n<p><br \/>\n<br \/><a href=\"https:\/\/diariodobrasilnoticias.com.br\/noticia\/edson-fachin-defende-restricoes-a-atuacao-do-stf-no-8-de-janeiro-677fb3d2458bb\">Source link <\/a><\/p>","protected":false},"excerpt":{"rendered":"<p>O ministro Edson Fachin, vice-presidente do Supremo Tribunal Federal (STF), destacou em um evento que rememorou os atos de 8 de janeiro de 2023 a necessidade de aprender com os&hellip;<\/p>","protected":false},"author":1,"featured_media":89620,"comment_status":"closed","ping_status":"open","sticky":false,"template":"","format":"standard","meta":{"content-type":"","footnotes":""},"categories":[16],"tags":[123,2448,5313,1267],"class_list":["post-89619","post","type-post","status-publish","format-standard","has-post-thumbnail","hentry","category-noticias","tag-brasil","tag-diario","tag-noticia","tag-noticias"],"_links":{"self":[{"href":"https:\/\/tvbrazilusa.com\/pt\/wp-json\/wp\/v2\/posts\/89619","targetHints":{"allow":["GET"]}}],"collection":[{"href":"https:\/\/tvbrazilusa.com\/pt\/wp-json\/wp\/v2\/posts"}],"about":[{"href":"https:\/\/tvbrazilusa.com\/pt\/wp-json\/wp\/v2\/types\/post"}],"author":[{"embeddable":true,"href":"https:\/\/tvbrazilusa.com\/pt\/wp-json\/wp\/v2\/users\/1"}],"replies":[{"embeddable":true,"href":"https:\/\/tvbrazilusa.com\/pt\/wp-json\/wp\/v2\/comments?post=89619"}],"version-history":[{"count":1,"href":"https:\/\/tvbrazilusa.com\/pt\/wp-json\/wp\/v2\/posts\/89619\/revisions"}],"predecessor-version":[{"id":89621,"href":"https:\/\/tvbrazilusa.com\/pt\/wp-json\/wp\/v2\/posts\/89619\/revisions\/89621"}],"wp:featuredmedia":[{"embeddable":true,"href":"https:\/\/tvbrazilusa.com\/pt\/wp-json\/wp\/v2\/media\/89620"}],"wp:attachment":[{"href":"https:\/\/tvbrazilusa.com\/pt\/wp-json\/wp\/v2\/media?parent=89619"}],"wp:term":[{"taxonomy":"category","embeddable":true,"href":"https:\/\/tvbrazilusa.com\/pt\/wp-json\/wp\/v2\/categories?post=89619"},{"taxonomy":"post_tag","embeddable":true,"href":"https:\/\/tvbrazilusa.com\/pt\/wp-json\/wp\/v2\/tags?post=89619"}],"curies":[{"name":"wp","href":"https:\/\/api.w.org\/{rel}","templated":true}]}}