{"id":89622,"date":"2025-01-09T13:05:36","date_gmt":"2025-01-09T13:05:36","guid":{"rendered":"https:\/\/tvbrazilusa.com\/2025\/01\/09\/lula-da-puxao-de-orelha-em-comandante-da-aeronautica-durante-celebracao-de-08-01-por-atraso-em-seu-aviao-veja-video\/"},"modified":"2025-01-09T13:05:37","modified_gmt":"2025-01-09T13:05:37","slug":"lula-da-puxao-de-orelha-em-comandante-da-aeronautica-durante-celebracao-de-08-01-por-atraso-em-seu-aviao-veja-video","status":"publish","type":"post","link":"https:\/\/tvbrazilusa.com\/pt\/2025\/01\/09\/lula-da-puxao-de-orelha-em-comandante-da-aeronautica-durante-celebracao-de-08-01-por-atraso-em-seu-aviao-veja-video\/","title":{"rendered":"Lula d\u00e1 &#8216;pux\u00e3o de orelha&#8217; em comandante da Aeron\u00e1utica durante celebra\u00e7\u00e3o de 08\/01 por atraso em seu avi\u00e3o; VEJA V\u00cdDEO"},"content":{"rendered":"<p> <script async src=\"https:\/\/pagead2.googlesyndication.com\/pagead\/js\/adsbygoogle.js?client=ca-pub-8864793242727901\"\r\n     crossorigin=\"anonymous\"><\/script><br \/>\n<br \/>Lula d\u00e1 &#8216;pux\u00e3o de orelha&#8217; em comandante da Aeron\u00e1utica durante celebra\u00e7\u00e3o de 08\/01 por atraso em seu avi\u00e3o; VEJA V\u00cdDEO<br \/>\n<br \/><br \/>\n<br \/><a href=\"https:\/\/diariodobrasilnoticias.com.br\/noticia\/lula-da-puxao-de-orelha-em-comandante-da-aeronautica-durante-celebracao-de-08-01-por-atraso-em-seu-aviao-veja-video-677fbae783871\">Source link <\/a><\/p>","protected":false},"excerpt":{"rendered":"<p>Lula d\u00e1 &#8216;pux\u00e3o de orelha&#8217; em comandante da Aeron\u00e1utica durante celebra\u00e7\u00e3o de 08\/01 por atraso em seu avi\u00e3o; VEJA V\u00cdDEO Source link<\/p>","protected":false},"author":1,"featured_media":89623,"comment_status":"closed","ping_status":"open","sticky":false,"template":"","format":"standard","meta":{"content-type":"","footnotes":""},"categories":[16],"tags":[123,2448,5313,1267],"class_list":["post-89622","post","type-post","status-publish","format-standard","has-post-thumbnail","hentry","category-noticias","tag-brasil","tag-diario","tag-noticia","tag-noticias"],"_links":{"self":[{"href":"https:\/\/tvbrazilusa.com\/pt\/wp-json\/wp\/v2\/posts\/89622","targetHints":{"allow":["GET"]}}],"collection":[{"href":"https:\/\/tvbrazilusa.com\/pt\/wp-json\/wp\/v2\/posts"}],"about":[{"href":"https:\/\/tvbrazilusa.com\/pt\/wp-json\/wp\/v2\/types\/post"}],"author":[{"embeddable":true,"href":"https:\/\/tvbrazilusa.com\/pt\/wp-json\/wp\/v2\/users\/1"}],"replies":[{"embeddable":true,"href":"https:\/\/tvbrazilusa.com\/pt\/wp-json\/wp\/v2\/comments?post=89622"}],"version-history":[{"count":1,"href":"https:\/\/tvbrazilusa.com\/pt\/wp-json\/wp\/v2\/posts\/89622\/revisions"}],"predecessor-version":[{"id":89624,"href":"https:\/\/tvbrazilusa.com\/pt\/wp-json\/wp\/v2\/posts\/89622\/revisions\/89624"}],"wp:featuredmedia":[{"embeddable":true,"href":"https:\/\/tvbrazilusa.com\/pt\/wp-json\/wp\/v2\/media\/89623"}],"wp:attachment":[{"href":"https:\/\/tvbrazilusa.com\/pt\/wp-json\/wp\/v2\/media?parent=89622"}],"wp:term":[{"taxonomy":"category","embeddable":true,"href":"https:\/\/tvbrazilusa.com\/pt\/wp-json\/wp\/v2\/categories?post=89622"},{"taxonomy":"post_tag","embeddable":true,"href":"https:\/\/tvbrazilusa.com\/pt\/wp-json\/wp\/v2\/tags?post=89622"}],"curies":[{"name":"wp","href":"https:\/\/api.w.org\/{rel}","templated":true}]}}