{"id":89625,"date":"2025-01-09T13:17:36","date_gmt":"2025-01-09T13:17:36","guid":{"rendered":"https:\/\/tvbrazilusa.com\/2025\/01\/09\/novo-advogado-de-bolsonaro-fala-em-investigacao-enviesada-e-sem-provas\/"},"modified":"2025-01-09T13:17:37","modified_gmt":"2025-01-09T13:17:37","slug":"novo-advogado-de-bolsonaro-fala-em-investigacao-enviesada-e-sem-provas","status":"publish","type":"post","link":"https:\/\/tvbrazilusa.com\/pt\/2025\/01\/09\/novo-advogado-de-bolsonaro-fala-em-investigacao-enviesada-e-sem-provas\/","title":{"rendered":"Novo advogado de Bolsonaro fala em investiga\u00e7\u00e3o enviesada e sem provas"},"content":{"rendered":"<p> <script async src=\"https:\/\/pagead2.googlesyndication.com\/pagead\/js\/adsbygoogle.js?client=ca-pub-8864793242727901\"\r\n     crossorigin=\"anonymous\"><\/script><br \/>\n<\/p>\n<div id=\"taboola-read-more\" style=\"display:block; width:100%\">\n<p>Contratado para refor\u00e7ar a equipe de defesa de Jair Bolsonaro (PL), o advogado Celso Vilardi diz n\u00e3o haver elementos na investiga\u00e7\u00e3o sobre a tentativa de golpe de estado para sustentar uma den\u00fancia contra o ex-presidente.\n<\/p>\n<p>Bolsonaro foi indiciado pela Pol\u00edcia Federal pelos crimes de aboli\u00e7\u00e3o violenta do Estado democr\u00e1tico de Direito, golpe de Estado e organiza\u00e7\u00e3o criminosa. A Procuradoria-Geral da Rep\u00fablica analisa o relat\u00f3rio do caso para decidir se apresenta uma den\u00fancia contra o ex-presidente e aliados.<\/p>\n<p>Vilardi classifica a investiga\u00e7\u00e3o conduzida pela Pol\u00edcia Federal como enviesada.\n<\/p>\n<p>\u201c\u00c9 uma investiga\u00e7\u00e3o bastante enviesada, que buscou responsabilizar o ex-presidente, mas, sinceramente, eu n\u00e3o vi nenhum elemento para autorizar uma acusa\u00e7\u00e3o e, muito menos, uma condena\u00e7\u00e3o\u201d, disse.\n<\/p>\n<p>O advogado afirma que deve atuar em todos os casos do ex-presidente que tramitam sob relatoria do ministro Alexandre de Moraes, no Supremo Tribunal Federal.\n<\/p>\n<p>Ap\u00f3s analisar o relat\u00f3rio final sobre a trama golpista- a PF ainda deve entregar um complementar nas pr\u00f3ximas semanas -, o advogado diz que passar\u00e1 a estudar o inqu\u00e9rito das mil\u00edcias digitais, que deu origem a apura\u00e7\u00e3o sobre o golpe.\n<\/p>\n<p>Vilardi \u00e9 formado em Direito e mestre em Direito Processual Penal (PUC-SP). Al\u00e9m de atuar em grandes casos criminais, o advogado \u00e9 autor do livro \u201cAspectos Atuais do Direito do Mercado Financeiro e de Capitais\u201d.\n<\/p>\n<p>Nas \u00faltimas decadas, atuou em dezenas de casos de repercuss\u00e3o nacional. Entre eles, grandes opera\u00e7\u00f5es como a Castelo de Areia, a Lava Jato, o Mensal\u00e3o e, recentemente, no caso Americanas.\n<\/p>\n<p><strong>Metr\u00f3poles<\/strong>              <\/p>\n<\/div>\n<p><br \/>\n<br \/><a href=\"https:\/\/diariodobrasilnoticias.com.br\/noticia\/novo-advogado-de-bolsonaro-fala-em-investigacao-enviesada-e-sem-provas-677fbecb7b36e\">Source link <\/a><\/p>","protected":false},"excerpt":{"rendered":"<p>Contratado para refor\u00e7ar a equipe de defesa de Jair Bolsonaro (PL), o advogado Celso Vilardi diz n\u00e3o haver elementos na investiga\u00e7\u00e3o sobre a tentativa de golpe de estado para sustentar&hellip;<\/p>","protected":false},"author":1,"featured_media":89626,"comment_status":"closed","ping_status":"open","sticky":false,"template":"","format":"standard","meta":{"content-type":"","footnotes":""},"categories":[16],"tags":[123,2448,5313,1267],"class_list":["post-89625","post","type-post","status-publish","format-standard","has-post-thumbnail","hentry","category-noticias","tag-brasil","tag-diario","tag-noticia","tag-noticias"],"_links":{"self":[{"href":"https:\/\/tvbrazilusa.com\/pt\/wp-json\/wp\/v2\/posts\/89625","targetHints":{"allow":["GET"]}}],"collection":[{"href":"https:\/\/tvbrazilusa.com\/pt\/wp-json\/wp\/v2\/posts"}],"about":[{"href":"https:\/\/tvbrazilusa.com\/pt\/wp-json\/wp\/v2\/types\/post"}],"author":[{"embeddable":true,"href":"https:\/\/tvbrazilusa.com\/pt\/wp-json\/wp\/v2\/users\/1"}],"replies":[{"embeddable":true,"href":"https:\/\/tvbrazilusa.com\/pt\/wp-json\/wp\/v2\/comments?post=89625"}],"version-history":[{"count":1,"href":"https:\/\/tvbrazilusa.com\/pt\/wp-json\/wp\/v2\/posts\/89625\/revisions"}],"predecessor-version":[{"id":89627,"href":"https:\/\/tvbrazilusa.com\/pt\/wp-json\/wp\/v2\/posts\/89625\/revisions\/89627"}],"wp:featuredmedia":[{"embeddable":true,"href":"https:\/\/tvbrazilusa.com\/pt\/wp-json\/wp\/v2\/media\/89626"}],"wp:attachment":[{"href":"https:\/\/tvbrazilusa.com\/pt\/wp-json\/wp\/v2\/media?parent=89625"}],"wp:term":[{"taxonomy":"category","embeddable":true,"href":"https:\/\/tvbrazilusa.com\/pt\/wp-json\/wp\/v2\/categories?post=89625"},{"taxonomy":"post_tag","embeddable":true,"href":"https:\/\/tvbrazilusa.com\/pt\/wp-json\/wp\/v2\/tags?post=89625"}],"curies":[{"name":"wp","href":"https:\/\/api.w.org\/{rel}","templated":true}]}}