{"id":89630,"date":"2025-01-09T13:30:01","date_gmt":"2025-01-09T13:30:01","guid":{"rendered":"https:\/\/tvbrazilusa.com\/2025\/01\/09\/transparencia-internacional-critica-stf-e-cobra-justica-pelos-eventos-de-8-de-janeiro\/"},"modified":"2025-01-09T13:30:03","modified_gmt":"2025-01-09T13:30:03","slug":"transparencia-internacional-critica-stf-e-cobra-justica-pelos-eventos-de-8-de-janeiro","status":"publish","type":"post","link":"https:\/\/tvbrazilusa.com\/pt\/2025\/01\/09\/transparencia-internacional-critica-stf-e-cobra-justica-pelos-eventos-de-8-de-janeiro\/","title":{"rendered":"Transpar\u00eancia Internacional critica STF e cobra justi\u00e7a pelos eventos de 8 de janeiro"},"content":{"rendered":"<p> <script async src=\"https:\/\/pagead2.googlesyndication.com\/pagead\/js\/adsbygoogle.js?client=ca-pub-8864793242727901\"\r\n     crossorigin=\"anonymous\"><\/script><br \/>\n<\/p>\n<div id=\"taboola-read-more\" style=\"display:block; width:100%\">\n<p>No segundo anivers\u00e1rio dos atos de vandalismo de 8 de janeiro de 2023, a Transpar\u00eancia Internacional fez duras cr\u00edticas \u00e0 condu\u00e7\u00e3o dos processos relacionados ao ataque \u00e0s sedes dos Tr\u00eas Poderes e alertou para os riscos que amea\u00e7am a democracia brasileira.\n<\/p>\n<p>Apesar da reconstru\u00e7\u00e3o f\u00edsica da Pra\u00e7a dos Tr\u00eas Poderes, a organiza\u00e7\u00e3o destacou que a justi\u00e7a e os valores democr\u00e1ticos seguem fragilizados.<\/p>\n<p>R<br \/>No segundo anivers\u00e1rio dos atos de vandalismo de 8 de janeiro de 2023, a Transpar\u00eancia Internacional fez duras cr\u00edticas \u00e0 condu\u00e7\u00e3o dos processos relacionados ao ataque \u00e0s sedes dos Tr\u00eas Poderes e alertou para os riscos que amea\u00e7am a democracia brasileira.\n<\/p>\n<p>Apesar da reconstru\u00e7\u00e3o f\u00edsica da Pra\u00e7a dos Tr\u00eas Poderes, a organiza\u00e7\u00e3o destacou que a justi\u00e7a e os valores democr\u00e1ticos seguem fragilizados.\n<\/p>\n<p>A Transpar\u00eancia Internacional elogiou o papel do Supremo Tribunal Federal (STF) na defesa da Constitui\u00e7\u00e3o contra os abusos do governo de Jair Bolsonaro, mas denunciou os excessos e as contradi\u00e7\u00f5es da Corte nos julgamentos dos envolvidos nos ataques.\n<\/p>\n<p>Segundo a entidade, a impunidade concedida a figuras da elite pol\u00edtica e empresarial contrasta com o tratamento rigoroso dado a manifestantes de menor influ\u00eancia.\n<\/p>\n<p>\u201cA justi\u00e7a precisa ser para todos\u201d<br \/>A organiza\u00e7\u00e3o criticou medidas como pris\u00f5es prolongadas sem den\u00fancia formal e a aus\u00eancia de revis\u00e3o das penas aplicadas, chamando aten\u00e7\u00e3o para pr\u00e1ticas que classificou como arbitr\u00e1rias. \u201c\u00c9 estarrecedor ver processos criminais conduzidos de forma t\u00e3o irregular, enquanto grandes corruptos escapam ilesos\u201d, afirmou a entidade.\n<\/p>\n<p>Al\u00e9m das cr\u00edticas, a Transpar\u00eancia Internacional lan\u00e7ou, em parceria com o Pacto pela Democracia, a agenda \u201cDemocracia Forte\u201d, com 38 propostas para proteger o sistema democr\u00e1tico. O plano inclui o fortalecimento das elei\u00e7\u00f5es, a promo\u00e7\u00e3o de debates p\u00fablicos de qualidade e o equil\u00edbrio entre os Poderes.\n<\/p>\n<p>Nesta quarta-feira, 8, uma faixa com a mensagem \u201cAinda est\u00e1 aqui. Fa\u00e7a a democracia forte!\u201d foi estendida em frente ao Congresso Nacional, como um apelo para que o Brasil reforce suas bases democr\u00e1ticas e a confian\u00e7a nas institui\u00e7\u00f5es.\n<\/p>\n<p>A organiza\u00e7\u00e3o tamb\u00e9m anunciou mudan\u00e7as em sua lideran\u00e7a global. A brasileira Ma\u00edra Martini foi nomeada como nova CEO da Transpar\u00eancia Internacional e assumir\u00e1 o cargo em 1\u00ba de fevereiro. Martini, que faz parte da organiza\u00e7\u00e3o desde 2011, destacou que sua miss\u00e3o ser\u00e1 enfrentar os desafios sist\u00eamicos da corrup\u00e7\u00e3o, que enfraquecem democracias em todo o mundo.\n<\/p>\n<p>\u201cReconstruir pr\u00e9dios \u00e9 f\u00e1cil, mas reconstruir a confian\u00e7a e os valores que sustentam a democracia exige coragem e vontade pol\u00edtica\u201d, concluiu a Transpar\u00eancia Internacional, refor\u00e7ando o chamado por justi\u00e7a e igualdade perante a lei.<\/p>\n<p>Fonte: O antagonista              <\/p>\n<\/div>\n<p><br \/>\n<br \/><a href=\"https:\/\/diariodobrasilnoticias.com.br\/noticia\/transparencia-internacional-critica-stf-e-cobra-justica-pelos-eventos-de-8-de-janeiro-677fbff75ee69\">Source link <\/a><\/p>","protected":false},"excerpt":{"rendered":"<p>No segundo anivers\u00e1rio dos atos de vandalismo de 8 de janeiro de 2023, a Transpar\u00eancia Internacional fez duras cr\u00edticas \u00e0 condu\u00e7\u00e3o dos processos relacionados ao ataque \u00e0s sedes dos Tr\u00eas&hellip;<\/p>","protected":false},"author":1,"featured_media":89631,"comment_status":"closed","ping_status":"open","sticky":false,"template":"","format":"standard","meta":{"content-type":"","footnotes":""},"categories":[16],"tags":[123,2448,5313,1267],"class_list":["post-89630","post","type-post","status-publish","format-standard","has-post-thumbnail","hentry","category-noticias","tag-brasil","tag-diario","tag-noticia","tag-noticias"],"_links":{"self":[{"href":"https:\/\/tvbrazilusa.com\/pt\/wp-json\/wp\/v2\/posts\/89630","targetHints":{"allow":["GET"]}}],"collection":[{"href":"https:\/\/tvbrazilusa.com\/pt\/wp-json\/wp\/v2\/posts"}],"about":[{"href":"https:\/\/tvbrazilusa.com\/pt\/wp-json\/wp\/v2\/types\/post"}],"author":[{"embeddable":true,"href":"https:\/\/tvbrazilusa.com\/pt\/wp-json\/wp\/v2\/users\/1"}],"replies":[{"embeddable":true,"href":"https:\/\/tvbrazilusa.com\/pt\/wp-json\/wp\/v2\/comments?post=89630"}],"version-history":[{"count":1,"href":"https:\/\/tvbrazilusa.com\/pt\/wp-json\/wp\/v2\/posts\/89630\/revisions"}],"predecessor-version":[{"id":89632,"href":"https:\/\/tvbrazilusa.com\/pt\/wp-json\/wp\/v2\/posts\/89630\/revisions\/89632"}],"wp:featuredmedia":[{"embeddable":true,"href":"https:\/\/tvbrazilusa.com\/pt\/wp-json\/wp\/v2\/media\/89631"}],"wp:attachment":[{"href":"https:\/\/tvbrazilusa.com\/pt\/wp-json\/wp\/v2\/media?parent=89630"}],"wp:term":[{"taxonomy":"category","embeddable":true,"href":"https:\/\/tvbrazilusa.com\/pt\/wp-json\/wp\/v2\/categories?post=89630"},{"taxonomy":"post_tag","embeddable":true,"href":"https:\/\/tvbrazilusa.com\/pt\/wp-json\/wp\/v2\/tags?post=89630"}],"curies":[{"name":"wp","href":"https:\/\/api.w.org\/{rel}","templated":true}]}}