{"id":89633,"date":"2025-01-09T13:26:50","date_gmt":"2025-01-09T13:26:50","guid":{"rendered":"https:\/\/tvbrazilusa.com\/2025\/01\/09\/distrito-escolar-de-vermont-faz-acordo-com-investigadores-federais-sobre-alegacoes-de-assedio-racial\/"},"modified":"2025-01-09T13:35:23","modified_gmt":"2025-01-09T13:35:23","slug":"distrito-escolar-de-vermont-faz-acordo-com-investigadores-federais-sobre-alegacoes-de-assedio-racial","status":"publish","type":"post","link":"https:\/\/tvbrazilusa.com\/pt\/2025\/01\/09\/distrito-escolar-de-vermont-faz-acordo-com-investigadores-federais-sobre-alegacoes-de-assedio-racial\/","title":{"rendered":"Distrito escolar de Vermont faz acordo com investigadores federais sobre alega\u00e7\u00f5es de ass\u00e9dio racial"},"content":{"rendered":"<p> <script async src=\"https:\/\/pagead2.googlesyndication.com\/pagead\/js\/adsbygoogle.js?client=ca-pub-8864793242727901\"\r\n     crossorigin=\"anonymous\"><\/script><br \/>\n<\/p>\n<div id=\"\">\n<header class=\"m-article-header m-article-header--standard\">\n\t\t\t\t\t\t\t\t\t\t\t\t<span id=\"article-header-primary-term\"><br \/>\n\t\t\t\t\t\t\t\t<a class=\"a-term a-term--primary\" href=\"https:\/\/www.boston.com\/tag\/education\/\"><\/p>\n<p>\t\t\t\t\t\t\t\tEduca\u00e7\u00e3o\t\t\t\t\t\t\t\t<\/a><br \/>\n\t\t\t\t\t\t\t<\/span><\/p>\n<h2 class=\"m-article-header__sub-headline\">Os investigadores conclu\u00edram que os alunos, principalmente do ensino m\u00e9dio, enfrentavam cal\u00fanias frequentes e imagens racistas.<\/h2>\n<figure class=\"a-photo m-article-header__photo\"><figcaption class=\"a-photo__caption\">\n<p>\tEsta foto de 28 de junho de 2016 mostra a People&#8217;s Academy High School em Morrisville, Vermont.<em> AP Foto\/Lisa Rathke, Arquivo<\/em>\t<\/figcaption><\/figure>\n<div class=\"m-article-header__meta\">\n<div class=\"m-article-header__byline\">\n<p class=\"m-article-header__author\">\n<p>\t\t\t\t\t\t\t\tPor Associated Press\t\t\t\t\t\t\t<\/p>\n<p>\t\t\t\t\t\t\t\t\t\t\t\t\t\t\t<time class=\"m-article-header__date\"><\/p>\n<p>\t\t\t\t\t\t\t\t\t9 de janeiro de 2025 | 8h26\t\t\t\t\t\t\t\t<\/time><\/p>\n<p><span>1 minuto para ler<\/span><\/p>\n<\/p><\/div>\n<\/p><\/div>\n<\/header>\n<p>MORRISTOWN, Vermont (AP) \u2013 A resposta inadequada de um distrito escolar de Vermont ao ass\u00e9dio s\u00e9rio e generalizado de estudantes negros e birraciais levou a um acordo com o governo federal, disse o Departamento de Justi\u00e7a dos EUA na quarta-feira.<\/p>\n<p>A Divis\u00e3o de Direitos Civis do departamento e o gabinete do procurador dos EUA em Vermont come\u00e7aram a investigar o Distrito Escolar da Uni\u00e3o Unificada de Elmore-Morristown em dezembro de 2023 e revisaram registros e reclama\u00e7\u00f5es dos tr\u00eas anos letivos anteriores. Os investigadores conclu\u00edram que os alunos, principalmente do ensino m\u00e9dio, enfrentavam cal\u00fanias frequentes e imagens racistas, incluindo o uso da palavra N e a exibi\u00e7\u00e3o de bandeiras confederadas e s\u00edmbolos nazistas.<\/p>\n<p>\u201cO ass\u00e9dio racial faz com que os estudantes se sintam inseguros, priva-os de um ambiente educacional favor\u00e1vel e viola a promessa mais b\u00e1sica da Constitui\u00e7\u00e3o de prote\u00e7\u00e3o igualit\u00e1ria\u201d, disse a procuradora-geral adjunta, Kristen Clarke, num comunicado. \u201cEsperamos que o distrito demonstre aos seus alunos que o bullying e o ass\u00e9dio racial n\u00e3o t\u00eam lugar nas suas escolas.\u201d<\/p>\n<p>O superintendente Ryan Heraty disse na quarta-feira que esses coment\u00e1rios n\u00e3o refletem a realidade atual do distrito, visto que houve uma diminui\u00e7\u00e3o dram\u00e1tica em tais incidentes.<\/p>\n<p>\u201cQuando os alunos regressaram da pandemia, vimos um aumento significativo no comportamento no n\u00edvel m\u00e9dio, o que foi profundamente preocupante\u201d, disse ele por e-mail. \u201cEm resposta, tomamos muitas a\u00e7\u00f5es intencionais para resolver esse comportamento, que o DOJ reconheceu em sua revis\u00e3o.\u201d<\/p>\n<p>Numa carta aos pais e outros membros da comunidade na ter\u00e7a-feira, Heraty disse que o distrito se posiciona firmemente contra quaisquer atos de racismo e responde imediatamente aos incidentes relatados. No actual ano lectivo, n\u00e3o houve relatos de incidentes de ass\u00e9dio com base na ra\u00e7a nas escolas prim\u00e1rias do distrito e um n\u00famero \u201cmuito limitado\u201d nas escolas m\u00e9dias e secund\u00e1rias, disse ele.<\/p>\n<p>O Departamento de Justi\u00e7a disse que o distrito cooperou plenamente com a investiga\u00e7\u00e3o e j\u00e1 implementou algumas melhorias, incluindo a ado\u00e7\u00e3o de um sistema central de relat\u00f3rios para rastrear incidentes. O distrito tamb\u00e9m concordou em rever as pol\u00edticas e procedimentos anti-ass\u00e9dio, realizar sess\u00f5es de audi\u00e7\u00e3o com grupos de estudantes e conduzir programas formais de forma\u00e7\u00e3o e educa\u00e7\u00e3o para estudantes e funcion\u00e1rios.<\/p>\n<div class=\"m-block m-generic-cta\t m-generic-cta--post-content\t m-generic-cta--dark\t m-generic-cta--homepage\t m-generic-cta--email-signup\t\t m-generic-cta-block-style--default \tt-amp__generic-cta\"><\/p>\n<div class=\"m-generic-cta__wrap\">\n<div class=\"m-generic-cta__content\">\n<h3 class=\"m-generic-cta__title\">Alertas extras de not\u00edcias<\/h3>\n<p class=\"m-generic-cta__subtitle\">Receba as \u00faltimas atualiza\u00e7\u00f5es conforme elas acontecem.<\/p>\n<\/p><\/div>\n<\/p><\/div>\n<\/div><\/div>\n<p><script>\n\t\tvar consent=\"grant\";\n\t\t\/* The above code is parsing the JSON data from the local storage and storing it in a variable. *\/\n\t\t\t\t\tconst onetrustStorageConsent = JSON.parse(localStorage.getItem( 'consent_one_trust_bdc' ) );\n\t\t\tif ( ( onetrustStorageConsent !== null ) ) {\n\t\t\t\t\/* Checking to see if the user has consented to the use of cookies.\n\t\t\t\t* If they have not, it is deleting the cookie.\n\t\t\t\t* This will comment for now, until further notice.\n\t\t\t\t*\/\n\t\t\t\t\/\/if ( onetrustStorageConsent.C0002 === false ) {\n\t\t\t\t\/\/\tdocument.cookie=\"_fbp=;expires=Thu, 01 Jan 2010 00:00:00 UTC; path=\/; domain=.boston.com\";\n\t\t\t\t\/\/}\n\t\t\t\t\/* Checking if the user has given consent for the cookie C0002.\n\t\t\t\t* If the user has given consent, the variable consent will be set to 'grant'.\n\t\t\t\t* If the user has not given consent,the variable consent will be set to 'revoke'.\n\t\t\t\t* Documentation https:\/\/developers.facebook.com\/docs\/meta-pixel\/implementation\/gdpr\n\t\t\t\t*\/\n\t\t\t\tif ( onetrustStorageConsent.C0002 !== true ) {\n\t\t\t\t\tconsent=\"revoke\";\n\t\t\t\t}\n\t\t\t}\n\t\t\t\t!function(f,b,e,v,n,t,s)\n\t\t{if(f.fbq)return;n=f.fbq=function(){n.callMethod?\n\t\tn.callMethod.apply(n,arguments):n.queue.push(arguments)};\n\t\tif(!f._fbq)f._fbq=n;n.push=n;n.loaded=!0;n.version='2.0';\n\t\tn.queue=[];t=b.createElement(e);t.async=!0;\n\t\tt.src=v;s=b.getElementsByTagName(e)[0];\n\t\ts.parentNode.insertBefore(t,s)}(window, document,'script',\n\t\t'https:\/\/connect.facebook.net\/en_US\/fbevents.js');\n\t\tfbq('consent', consent);\n\t\tfbq('init', '989222871864976');\n\t\tfbq('track', 'PageView');\n\t<\/script><script type=\"module\">\n\t\tvar consent=\"grant\";\n\t\t\/* The above code is parsing the JSON data from the local storage and storing it in a variable. *\/\n\t\t\tconst onetrustStorageConsent = JSON.parse(localStorage.getItem( 'consent_one_trust_bdc' ) );\n\t\t\t\/* Checking to see if the user has consented to the use of cookies.\n\t\t\t* If they have not, it is deleting the cookie.\n\t\t\t* This will comment for now, until further notice.\n\t\t\t*\/\n\t\t\t\/\/if ( onetrustStorageConsent.C0002 === false ) {\n\t\t\t\/\/\tdocument.cookie=\"_fbp=;expires=Thu, 01 Jan 2010 00:00:00 UTC; path=\/; domain=.boston.com\";\n\t\t\t\/\/}\n\t\t\t\/* Checking if the user has given consent for the cookie C0002.\n\t\t\t* If the user has given consent, the variable consent will be set to 'grant'.\n\t\t\t* If the user has not given consent,the variable consent will be set to 'revoke'.\n\t\t\t* Documentation https:\/\/developers.facebook.com\/docs\/meta-pixel\/implementation\/gdpr\n\t\t\t*\/\n\t\t\tif ( ( onetrustStorageConsent !== null ) && (onetrustStorageConsent.C0002 !== true ) ) {\n\t\t\t\tconsent=\"revoke\";\n\t\t\t}\n\t\t\t\t!function(f,b,e,v,n,t,s){if(f.fbq)return;n=f.fbq=function()\n\t\t{n.callMethod? n.callMethod.apply(n,arguments):n.queue.push(arguments)}\n\t\t;if(!f._fbq)f._fbq=n;\n\t\tn.push=n;n.loaded=!0;n.version='2.0';n.queue=[];t=b.createElement(e);t.async=!0;\n\t\tt.src=v;s=b.getElementsByTagName(e)[0];s.parentNode.insertBefore(t,s)}(window,\n\t\tdocument,'script','https:\/\/connect.facebook.net\/en_US\/fbevents.js');\n\t\tfbq('consent', consent);\n\t\tfbq('init', '813236348753005');\n\t\tfbq('track', \"PageView\");\n\t<\/script><br \/>\n<br \/><br \/>\n<br \/><a href=\"https:\/\/www.boston.com\/news\/education\/2025\/01\/09\/vermont-school-district-settles-federal-investigators-racial-harassment-allegations\/\">Source link <\/a><\/p>","protected":false},"excerpt":{"rendered":"<p>Educa\u00e7\u00e3o Os investigadores conclu\u00edram que os alunos, principalmente do ensino m\u00e9dio, enfrentavam cal\u00fanias frequentes e imagens racistas. Esta foto de 28 de junho de 2016 mostra a People&#8217;s Academy High&hellip;<\/p>","protected":false},"author":1,"featured_media":89634,"comment_status":"closed","ping_status":"open","sticky":false,"template":"","format":"standard","meta":{"content-type":"","footnotes":""},"categories":[1],"tags":[],"class_list":["post-89633","post","type-post","status-publish","format-standard","has-post-thumbnail","hentry","category-uncategorized"],"_links":{"self":[{"href":"https:\/\/tvbrazilusa.com\/pt\/wp-json\/wp\/v2\/posts\/89633","targetHints":{"allow":["GET"]}}],"collection":[{"href":"https:\/\/tvbrazilusa.com\/pt\/wp-json\/wp\/v2\/posts"}],"about":[{"href":"https:\/\/tvbrazilusa.com\/pt\/wp-json\/wp\/v2\/types\/post"}],"author":[{"embeddable":true,"href":"https:\/\/tvbrazilusa.com\/pt\/wp-json\/wp\/v2\/users\/1"}],"replies":[{"embeddable":true,"href":"https:\/\/tvbrazilusa.com\/pt\/wp-json\/wp\/v2\/comments?post=89633"}],"version-history":[{"count":1,"href":"https:\/\/tvbrazilusa.com\/pt\/wp-json\/wp\/v2\/posts\/89633\/revisions"}],"predecessor-version":[{"id":89635,"href":"https:\/\/tvbrazilusa.com\/pt\/wp-json\/wp\/v2\/posts\/89633\/revisions\/89635"}],"wp:featuredmedia":[{"embeddable":true,"href":"https:\/\/tvbrazilusa.com\/pt\/wp-json\/wp\/v2\/media\/89634"}],"wp:attachment":[{"href":"https:\/\/tvbrazilusa.com\/pt\/wp-json\/wp\/v2\/media?parent=89633"}],"wp:term":[{"taxonomy":"category","embeddable":true,"href":"https:\/\/tvbrazilusa.com\/pt\/wp-json\/wp\/v2\/categories?post=89633"},{"taxonomy":"post_tag","embeddable":true,"href":"https:\/\/tvbrazilusa.com\/pt\/wp-json\/wp\/v2\/tags?post=89633"}],"curies":[{"name":"wp","href":"https:\/\/api.w.org\/{rel}","templated":true}]}}