{"id":89648,"date":"2025-01-09T13:58:44","date_gmt":"2025-01-09T13:58:44","guid":{"rendered":"https:\/\/tvbrazilusa.com\/2025\/01\/09\/regime-de-nicolas-maduro-prende-ex-candidato-da-oposicao\/"},"modified":"2025-01-09T13:58:45","modified_gmt":"2025-01-09T13:58:45","slug":"regime-de-nicolas-maduro-prende-ex-candidato-da-oposicao","status":"publish","type":"post","link":"https:\/\/tvbrazilusa.com\/pt\/2025\/01\/09\/regime-de-nicolas-maduro-prende-ex-candidato-da-oposicao\/","title":{"rendered":"Regime de Nicol\u00e1s Maduro prende ex-candidato da oposi\u00e7\u00e3o"},"content":{"rendered":"<p> <script async src=\"https:\/\/pagead2.googlesyndication.com\/pagead\/js\/adsbygoogle.js?client=ca-pub-8864793242727901\"\r\n     crossorigin=\"anonymous\"><\/script><br \/>\n<\/p>\n<div id=\"taboola-read-more\" style=\"display:block; width:100%\">\n<p>O governo da Venezuela confirmou, na noite desta quarta-feira (8), a pris\u00e3o do ex-candidato presidencial da oposi\u00e7\u00e3o Enrique M\u00e1rquez sob a alega\u00e7\u00e3o de que ele teria planejado um \u201cgolpe de Estado\u201d para 10 de janeiro, data da posse presidencial. A confirma\u00e7\u00e3o da deten\u00e7\u00e3o ocorreu um dia ap\u00f3s ONGs e partidos pol\u00edticos denunciarem o caso.\n<\/p>\n<p>O ministro do Interior e da Justi\u00e7a, Diosdado Cabello, disse que M\u00e1rquez, segundo um documento de 21 p\u00e1ginas supostamente encontrado em seu computador, havia proposto a realiza\u00e7\u00e3o de uma cerim\u00f4nia de posse do l\u00edder da maior coaliz\u00e3o da oposi\u00e7\u00e3o, Edmundo Gonz\u00e1lez Urrutia \u2013 que reivindica a vit\u00f3ria nas elei\u00e7\u00f5es de julho -, em uma embaixada venezuelana no exterior.<\/p>\n<p>\u2013 Como esse senhor n\u00e3o pode vir aqui, ou n\u00e3o quer vir, cinco criminosos se reuniriam na sede de uma embaixada estrangeira \u2013 afirmou Cabello, que indicou que as sedes diplom\u00e1ticas do pa\u00eds caribenho nos Estados Unidos e no Peru, com os quais Caracas n\u00e3o tem rela\u00e7\u00f5es, foram assumidas pelos governos desses pa\u00edses.\n<\/p>\n<p>Segundo o documento lido por Cabello durante a transmiss\u00e3o de seu programa semanal na emissora estatal VTV, a proposta consistia em empossar Gonz\u00e1lez Urrutia \u201cperante uma assembleia de cidad\u00e3os venezuelanos\u201d como presidente para o per\u00edodo 2025-2031, em \u201cuma sede diplom\u00e1tica da Rep\u00fablica da Venezuela, como extens\u00e3o irrevog\u00e1vel da soberania da rep\u00fablica no exterior\u201d.\n<\/p>\n<p>\u2013 Quem estava \u00e0 frente disso se chama Enrique M\u00e1rquez, parte do golpe de Estado que querem dar na Venezuela. Aqui n\u00e3o h\u00e1 anjos, e muito menos na oposi\u00e7\u00e3o, para quem os defende, ouviu, Petro? Defenda-o (\u2026) Ele pode ser seu amigo, mas \u00e9 um criminoso \u2013 declarou Cabello.\n<\/p>\n<p>O ministro respondeu assim a uma mensagem publicada no X pelo presidente colombiano, Gustavo Petro, que condenou a pris\u00e3o de M\u00e1rquez, a quem se referiu como seu \u201camigo\u201d, e defendeu \u201ca liberdade de todas as pessoas detidas por motivos pol\u00edticos\u201d na Venezuela.\n<\/p>\n<p>Por outro lado, Cabello relacionou M\u00e1rquez com um funcion\u00e1rio do FBI que, segundo autoridades nacionais, foi preso na \u00faltima ter\u00e7a (7) na Venezuela junto com outros seis estrangeiros, e a quem o regime de Nicol\u00e1s Maduro tachou como \u201cmercen\u00e1rios\u201d, entre eles tamb\u00e9m um soldado americano, dois colombianos e tr\u00eas ucranianos.\n<\/p>\n<p>A esposa de M\u00e1rquez, Sonia Lugo, denunciou nesta quarta que seu marido foi detido por \u201cgrupos paramilitares\u201d que, usando \u201ca for\u00e7a como lei\u201d, pretendem \u201csilenciar e intimidar\u201d aqueles que querem um \u201cpa\u00eds melhor\u201d e t\u00eam \u201cuma vis\u00e3o de mundo diferente\u201d.\n<\/p>\n<p>M\u00e1rquez, tamb\u00e9m ex-vice-presidente do Conselho Nacional Eleitoral (CNE) e ex-deputado, exigia reiteradamente a publica\u00e7\u00e3o das atas de vota\u00e7\u00e3o de julho e recha\u00e7ou a decis\u00e3o do Tribunal Supremo de Justi\u00e7a que validou a pol\u00eamica reelei\u00e7\u00e3o de Maduro, proclamada pelo \u00f3rg\u00e3o eleitoral, que n\u00e3o publicou os resultados detalhados que comprovassem qualquer vit\u00f3ria.\n<\/p>\n<p>*EFE<\/p>\n<p>Fonte: Pleno News              <\/p>\n<\/div>\n<p><br \/>\n<br \/><a href=\"https:\/\/diariodobrasilnoticias.com.br\/noticia\/regime-de-nicolas-maduro-prende-ex-candidato-da-oposicao-677fc065a137b\">Source link <\/a><\/p>","protected":false},"excerpt":{"rendered":"<p>O governo da Venezuela confirmou, na noite desta quarta-feira (8), a pris\u00e3o do ex-candidato presidencial da oposi\u00e7\u00e3o Enrique M\u00e1rquez sob a alega\u00e7\u00e3o de que ele teria planejado um \u201cgolpe de&hellip;<\/p>","protected":false},"author":1,"featured_media":89649,"comment_status":"closed","ping_status":"open","sticky":false,"template":"","format":"standard","meta":{"content-type":"","footnotes":""},"categories":[16],"tags":[123,2448,5313,1267],"class_list":["post-89648","post","type-post","status-publish","format-standard","has-post-thumbnail","hentry","category-noticias","tag-brasil","tag-diario","tag-noticia","tag-noticias"],"_links":{"self":[{"href":"https:\/\/tvbrazilusa.com\/pt\/wp-json\/wp\/v2\/posts\/89648","targetHints":{"allow":["GET"]}}],"collection":[{"href":"https:\/\/tvbrazilusa.com\/pt\/wp-json\/wp\/v2\/posts"}],"about":[{"href":"https:\/\/tvbrazilusa.com\/pt\/wp-json\/wp\/v2\/types\/post"}],"author":[{"embeddable":true,"href":"https:\/\/tvbrazilusa.com\/pt\/wp-json\/wp\/v2\/users\/1"}],"replies":[{"embeddable":true,"href":"https:\/\/tvbrazilusa.com\/pt\/wp-json\/wp\/v2\/comments?post=89648"}],"version-history":[{"count":1,"href":"https:\/\/tvbrazilusa.com\/pt\/wp-json\/wp\/v2\/posts\/89648\/revisions"}],"predecessor-version":[{"id":89650,"href":"https:\/\/tvbrazilusa.com\/pt\/wp-json\/wp\/v2\/posts\/89648\/revisions\/89650"}],"wp:featuredmedia":[{"embeddable":true,"href":"https:\/\/tvbrazilusa.com\/pt\/wp-json\/wp\/v2\/media\/89649"}],"wp:attachment":[{"href":"https:\/\/tvbrazilusa.com\/pt\/wp-json\/wp\/v2\/media?parent=89648"}],"wp:term":[{"taxonomy":"category","embeddable":true,"href":"https:\/\/tvbrazilusa.com\/pt\/wp-json\/wp\/v2\/categories?post=89648"},{"taxonomy":"post_tag","embeddable":true,"href":"https:\/\/tvbrazilusa.com\/pt\/wp-json\/wp\/v2\/tags?post=89648"}],"curies":[{"name":"wp","href":"https:\/\/api.w.org\/{rel}","templated":true}]}}