{"id":89651,"date":"2025-01-09T13:53:33","date_gmt":"2025-01-09T13:53:33","guid":{"rendered":"https:\/\/tvbrazilusa.com\/2025\/01\/09\/o-padrao-de-fim-de-semana-muda-para-temperaturas-mais-quentes-menos-vento-e-um-pouco-de-neve-misturada\/"},"modified":"2025-01-09T14:03:52","modified_gmt":"2025-01-09T14:03:52","slug":"o-padrao-de-fim-de-semana-muda-para-temperaturas-mais-quentes-menos-vento-e-um-pouco-de-neve-misturada","status":"publish","type":"post","link":"https:\/\/tvbrazilusa.com\/pt\/2025\/01\/09\/o-padrao-de-fim-de-semana-muda-para-temperaturas-mais-quentes-menos-vento-e-um-pouco-de-neve-misturada\/","title":{"rendered":"O padr\u00e3o de fim de semana muda para temperaturas mais quentes, menos vento e um pouco de neve misturada"},"content":{"rendered":"<p> <script async src=\"https:\/\/pagead2.googlesyndication.com\/pagead\/js\/adsbygoogle.js?client=ca-pub-8864793242727901\"\r\n     crossorigin=\"anonymous\"><\/script><br \/>\n<\/p>\n<div id=\"\">\n<header class=\"m-article-header m-article-header--standard\">\n\t\t\t\t\t\t\t\t\t\t\t\t<span id=\"article-header-primary-term\"><br \/>\n\t\t\t\t\t\t\t\t<a class=\"a-term a-term--primary\" href=\"https:\/\/www.boston.com\/tag\/weather\/\"><\/p>\n<p>\t\t\t\t\t\t\t\tClima\t\t\t\t\t\t\t\t<\/a><br \/>\n\t\t\t\t\t\t\t<\/span><\/p>\n<h2 class=\"m-article-header__sub-headline\">A diminui\u00e7\u00e3o do vento e o aumento das temperaturas far\u00e3o com que pare\u00e7a um belo dia de inverno na sexta-feira.<\/h2>\n<figure class=\"a-photo m-article-header__photo\"><figcaption class=\"a-photo__caption\">\n<p>\tO tempo ficar\u00e1 menos frio e menos ventoso \u00e0 medida que encerramos a semana de trabalho.<em> Andrew Burke-Stevenson para o Boston Globe<\/em>\t<\/figcaption><\/figure>\n<div class=\"m-article-header__meta\">\n<div class=\"m-article-header__byline\">\n<p class=\"m-article-header__author\">\n<p>\t\t\t\t\t\t\t\tPor <a class=\"a-link a-link--inline\" href=\"https:\/\/www.boston.com\/author\/david-epstein\/\">David Epstein<\/a>\t\t\t\t\t\t\t<\/p>\n<p>\t\t\t\t\t\t\t\t\t\t\t\t\t\t\t<time class=\"m-article-header__date\"><\/p>\n<p>\t\t\t\t\t\t\t\t\tatualizado em 9 de janeiro de 2025 | 8h54\t\t\t\t\t\t\t\t<\/time><\/p>\n<p><span>3 minutos para ler<\/span><\/p>\n<\/p><\/div>\n<\/p><\/div>\n<\/header>\n<p>O clima do meio da semana continua frio e tempestuoso e \u00e9 hora de dar uma espiada no fim de semana. Voc\u00ea provavelmente j\u00e1 ouviu falar sobre o potencial de alguns <a href=\"https:\/\/www.bostonglobe.com\/2025\/01\/09\/metro\/ken-mahan-new-england-forecast\/\">tempo inst\u00e1vel neste s\u00e1bado<\/a> e vou tentar isso quando entrarmos na previs\u00e3o.<\/p>\n<p>O tempo ficar\u00e1 menos frio e com menos vento \u00e0 medida que encerramos a semana de trabalho em uma sexta-feira ensolarada e iniciamos o fim de semana.<\/p>\n<p>A alta press\u00e3o que tem criado um gradiente entre uma tempestade no Atl\u00e2ntico e a nossa regi\u00e3o atingir\u00e1 lentamente a \u00e1rea na sexta-feira. Isso significa que os ventos v\u00e3o diminuir \u00e0 medida que a diferen\u00e7a de press\u00e3o diminui entre aqui e as \u00e1reas vizinhas.<\/p>\n<p>A diminui\u00e7\u00e3o do vento e o aumento das temperaturas far\u00e3o com que pare\u00e7a um belo dia de inverno. O p\u00f4r do sol passa das 16h30 neste fim de semana e o crep\u00fasculo civil, aquela hora do dia em que voc\u00ea ainda pode se locomover, passa das 17h. Estamos ganhando cerca de 10 minutos de luz do dia por semana neste momento e esse n\u00famero continua aumentando.<\/p>\n<p>Estamos a cerca de duas semanas das temperaturas m\u00e9dias mais frias do inverno, embora as reais possam ocorrer antes ou depois desta marca.<\/p>\n<p>A configura\u00e7\u00e3o meteorol\u00f3gica para s\u00e1bado mostra que a energia da corrente de jato do norte \u2013 que chamamos de ramo polar \u2013 estar\u00e1 mergulhando para o sul do Canad\u00e1. Ao mesmo tempo, a umidade ao longo do bra\u00e7o sul, chamada corrente de jato subtropical, estar\u00e1 subindo do Golfo do M\u00e9xico.<\/p>\n<blockquote class=\"twitter-tweet\">\n<p lang=\"en\" dir=\"ltr\">Embora uma tempestade costeira provavelmente (90%) fique muito longe para nos impactar, a umidade do riacho norte trar\u00e1 algumas chuvas de neve no s\u00e1bado para grande parte da \u00e1rea. <a href=\"https:\/\/twitter.com\/hashtag\/WeatherWisdom?src=hash&#038;ref_src=twsrc%5Etfw\">#WeatherWisdom<\/a> <a href=\"https:\/\/t.co\/46VQeTWv4N\">pic.twitter.com\/46VQeTWv4N<\/a><\/p>\n<p>-Dave Epstein (@growingwisdom) <a href=\"https:\/\/twitter.com\/growingwisdom\/status\/1877076262436385193?ref_src=twsrc%5Etfw\">8 de janeiro de 2025<\/a><\/p>\n<\/blockquote>\n<p>Aqueles de voc\u00eas que adorariam uma grande tempestade de neve querem ver essas duas \u00e1reas se fundirem. Quando voc\u00ea obt\u00e9m a umidade do sul e a energia do norte, essa \u00e9 uma boa receita para um cl\u00e1ssico nor&#8217;easter. Infelizmente, as probabilidades favorecem fortemente que estes dois componentes permane\u00e7am separados. Isso significa que o s\u00e1bado apresentar\u00e1 nuvens e talvez um pouco de agita\u00e7\u00e3o ou chuva de neve, mas sem tempestade.<\/p>\n<p>Pudemos ver uma camada de talvez um cent\u00edmetro isolado de neve. A maior parte da umidade ir\u00e1 deslizar para o sul e para o mar, permanecendo sobre o oceano. Se voc\u00ea est\u00e1 se perguntando se \u00e9 poss\u00edvel que a previs\u00e3o mude, a resposta \u00e9 absolutamente. Mas simplesmente n\u00e3o \u00e9 prov\u00e1vel.<\/p>\n<p>\u00c0 medida que o sistema avan\u00e7a no Atl\u00e2ntico no s\u00e1bado \u00e0 noite, o c\u00e9u limpo retornar\u00e1 e o domingo parecer\u00e1 ensolarado e frio, com temperaturas na casa dos 30 graus.<\/p>\n<p>Com o c\u00e9u limpo no domingo, n\u00e3o deixe de conferir V\u00eanus no domingo \u00e0 noite no c\u00e9u ocidental cerca de quatro horas ap\u00f3s o p\u00f4r do sol. \u00c9 o objeto mais brilhante ao lado da lua e \u00e9 facilmente avistado.<\/p>\n<h2 class=\"wp-block-heading\" id=\"h-weekend-breakdown\"><b>An\u00e1lise do fim de semana<\/b><\/h2>\n<p><b>Sul da Nova Inglaterra: <\/b>Procure nuvens no s\u00e1bado com algumas pancadas de neve ou rajadas. As temperaturas ficar\u00e3o em torno dos 30\u00baC. Procure temperaturas acima de 30\u00baC no domingo com mais sol.<\/p>\n<p><b>Missa Ocidental.: <\/b>As nuvens manter\u00e3o as temperaturas abaixo de zero no s\u00e1bado. Poder\u00e3o ocorrer algumas pancadas de neve. As temperaturas no domingo chegar\u00e3o a 30 graus com mais sol e ventos fracos<\/p>\n<p><b>Cabo e Ilhas:<\/b> Procure temperaturas um pouco acima de zero no s\u00e1bado, com cobertura de nuvens e algumas pancadas de neve ou talvez algumas pancadas de chuva sobre as ilhas. Domingo retorna sol com temperaturas de 35 a 40.<\/p>\n<p><b>Norte da Nova Inglaterra: <\/b>C\u00e9u predominantemente nublado e algumas rajadas s\u00e3o prov\u00e1veis \u200b\u200bno s\u00e1bado. As temperaturas ficar\u00e3o entre 20 e 20 graus sem muito vento. O sol retorna no domingo com m\u00e1ximas pr\u00f3ximas aos 30.<\/p>\n<\/p><\/div>\n<p><script async src=\"\/\/platform.twitter.com\/widgets.js\" charset=\"utf-8\"><\/script><script>\n\t\tvar consent=\"grant\";\n\t\t\/* The above code is parsing the JSON data from the local storage and storing it in a variable. *\/\n\t\t\t\t\tconst onetrustStorageConsent = JSON.parse(localStorage.getItem( 'consent_one_trust_bdc' ) );\n\t\t\tif ( ( onetrustStorageConsent !== null ) ) {\n\t\t\t\t\/* Checking to see if the user has consented to the use of cookies.\n\t\t\t\t* If they have not, it is deleting the cookie.\n\t\t\t\t* This will comment for now, until further notice.\n\t\t\t\t*\/\n\t\t\t\t\/\/if ( onetrustStorageConsent.C0002 === false ) {\n\t\t\t\t\/\/\tdocument.cookie=\"_fbp=;expires=Thu, 01 Jan 2010 00:00:00 UTC; path=\/; domain=.boston.com\";\n\t\t\t\t\/\/}\n\t\t\t\t\/* Checking if the user has given consent for the cookie C0002.\n\t\t\t\t* If the user has given consent, the variable consent will be set to 'grant'.\n\t\t\t\t* If the user has not given consent,the variable consent will be set to 'revoke'.\n\t\t\t\t* Documentation https:\/\/developers.facebook.com\/docs\/meta-pixel\/implementation\/gdpr\n\t\t\t\t*\/\n\t\t\t\tif ( onetrustStorageConsent.C0002 !== true ) {\n\t\t\t\t\tconsent=\"revoke\";\n\t\t\t\t}\n\t\t\t}\n\t\t\t\t!function(f,b,e,v,n,t,s)\n\t\t{if(f.fbq)return;n=f.fbq=function(){n.callMethod?\n\t\tn.callMethod.apply(n,arguments):n.queue.push(arguments)};\n\t\tif(!f._fbq)f._fbq=n;n.push=n;n.loaded=!0;n.version='2.0';\n\t\tn.queue=[];t=b.createElement(e);t.async=!0;\n\t\tt.src=v;s=b.getElementsByTagName(e)[0];\n\t\ts.parentNode.insertBefore(t,s)}(window, document,'script',\n\t\t'https:\/\/connect.facebook.net\/en_US\/fbevents.js');\n\t\tfbq('consent', consent);\n\t\tfbq('init', '989222871864976');\n\t\tfbq('track', 'PageView');\n\t<\/script><script type=\"module\">\n\t\tvar consent=\"grant\";\n\t\t\/* The above code is parsing the JSON data from the local storage and storing it in a variable. *\/\n\t\t\tconst onetrustStorageConsent = JSON.parse(localStorage.getItem( 'consent_one_trust_bdc' ) );\n\t\t\t\/* Checking to see if the user has consented to the use of cookies.\n\t\t\t* If they have not, it is deleting the cookie.\n\t\t\t* This will comment for now, until further notice.\n\t\t\t*\/\n\t\t\t\/\/if ( onetrustStorageConsent.C0002 === false ) {\n\t\t\t\/\/\tdocument.cookie=\"_fbp=;expires=Thu, 01 Jan 2010 00:00:00 UTC; path=\/; domain=.boston.com\";\n\t\t\t\/\/}\n\t\t\t\/* Checking if the user has given consent for the cookie C0002.\n\t\t\t* If the user has given consent, the variable consent will be set to 'grant'.\n\t\t\t* If the user has not given consent,the variable consent will be set to 'revoke'.\n\t\t\t* Documentation https:\/\/developers.facebook.com\/docs\/meta-pixel\/implementation\/gdpr\n\t\t\t*\/\n\t\t\tif ( ( onetrustStorageConsent !== null ) && (onetrustStorageConsent.C0002 !== true ) ) {\n\t\t\t\tconsent=\"revoke\";\n\t\t\t}\n\t\t\t\t!function(f,b,e,v,n,t,s){if(f.fbq)return;n=f.fbq=function()\n\t\t{n.callMethod? n.callMethod.apply(n,arguments):n.queue.push(arguments)}\n\t\t;if(!f._fbq)f._fbq=n;\n\t\tn.push=n;n.loaded=!0;n.version='2.0';n.queue=[];t=b.createElement(e);t.async=!0;\n\t\tt.src=v;s=b.getElementsByTagName(e)[0];s.parentNode.insertBefore(t,s)}(window,\n\t\tdocument,'script','https:\/\/connect.facebook.net\/en_US\/fbevents.js');\n\t\tfbq('consent', consent);\n\t\tfbq('init', '813236348753005');\n\t\tfbq('track', \"PageView\");\n\t<\/script><br \/>\n<br \/><br \/>\n<br \/><a href=\"https:\/\/www.boston.com\/weather\/weather\/2025\/01\/09\/weekend-pattern-shifts-to-warmer-temps-less-wind-with-some-snow-mixed-in\/\">Source link <\/a><\/p>","protected":false},"excerpt":{"rendered":"<p>Clima A diminui\u00e7\u00e3o do vento e o aumento das temperaturas far\u00e3o com que pare\u00e7a um belo dia de inverno na sexta-feira. O tempo ficar\u00e1 menos frio e menos ventoso \u00e0&hellip;<\/p>","protected":false},"author":1,"featured_media":89652,"comment_status":"closed","ping_status":"open","sticky":false,"template":"","format":"standard","meta":{"content-type":"","footnotes":""},"categories":[1],"tags":[],"class_list":["post-89651","post","type-post","status-publish","format-standard","has-post-thumbnail","hentry","category-uncategorized"],"_links":{"self":[{"href":"https:\/\/tvbrazilusa.com\/pt\/wp-json\/wp\/v2\/posts\/89651","targetHints":{"allow":["GET"]}}],"collection":[{"href":"https:\/\/tvbrazilusa.com\/pt\/wp-json\/wp\/v2\/posts"}],"about":[{"href":"https:\/\/tvbrazilusa.com\/pt\/wp-json\/wp\/v2\/types\/post"}],"author":[{"embeddable":true,"href":"https:\/\/tvbrazilusa.com\/pt\/wp-json\/wp\/v2\/users\/1"}],"replies":[{"embeddable":true,"href":"https:\/\/tvbrazilusa.com\/pt\/wp-json\/wp\/v2\/comments?post=89651"}],"version-history":[{"count":1,"href":"https:\/\/tvbrazilusa.com\/pt\/wp-json\/wp\/v2\/posts\/89651\/revisions"}],"predecessor-version":[{"id":89653,"href":"https:\/\/tvbrazilusa.com\/pt\/wp-json\/wp\/v2\/posts\/89651\/revisions\/89653"}],"wp:featuredmedia":[{"embeddable":true,"href":"https:\/\/tvbrazilusa.com\/pt\/wp-json\/wp\/v2\/media\/89652"}],"wp:attachment":[{"href":"https:\/\/tvbrazilusa.com\/pt\/wp-json\/wp\/v2\/media?parent=89651"}],"wp:term":[{"taxonomy":"category","embeddable":true,"href":"https:\/\/tvbrazilusa.com\/pt\/wp-json\/wp\/v2\/categories?post=89651"},{"taxonomy":"post_tag","embeddable":true,"href":"https:\/\/tvbrazilusa.com\/pt\/wp-json\/wp\/v2\/tags?post=89651"}],"curies":[{"name":"wp","href":"https:\/\/api.w.org\/{rel}","templated":true}]}}