{"id":89656,"date":"2025-01-09T14:10:27","date_gmt":"2025-01-09T14:10:27","guid":{"rendered":"https:\/\/tvbrazilusa.com\/2025\/01\/09\/ex-ministro-dos-governos-lula-e-dilma-compara-8-de-janeiro-a-invasao-do-mst-a-camara-em-2006\/"},"modified":"2025-01-09T14:10:28","modified_gmt":"2025-01-09T14:10:28","slug":"ex-ministro-dos-governos-lula-e-dilma-compara-8-de-janeiro-a-invasao-do-mst-a-camara-em-2006","status":"publish","type":"post","link":"https:\/\/tvbrazilusa.com\/pt\/2025\/01\/09\/ex-ministro-dos-governos-lula-e-dilma-compara-8-de-janeiro-a-invasao-do-mst-a-camara-em-2006\/","title":{"rendered":"Ex-ministro dos governos Lula e Dilma compara 8 de janeiro \u00e0 invas\u00e3o do MST \u00e0 C\u00e2mara em 2006"},"content":{"rendered":"<p> <script async src=\"https:\/\/pagead2.googlesyndication.com\/pagead\/js\/adsbygoogle.js?client=ca-pub-8864793242727901\"\r\n     crossorigin=\"anonymous\"><\/script><br \/>\n<\/p>\n<p>Ex-ministro dos governos Lula e Dilma Rousseff, Aldo Rebelo comparou nesta quarta-feira os ataques antidemocr\u00e1ticos do oito de janeiro a uma invas\u00e3o promovida pelo Movimento dos Trabalhadores Rurais Sem-Terra (MST) \u00e0 C\u00e2mara dos Deputados em 2006. A invas\u00e3o do MST, \u00e0 \u00e9poca, deixou mais de vinte feridos.\n<\/p>\n<div data-block-type=\"unstyled\" data-block-weight=\"65\">\n<p class=\"content-text__container\" data-track-category=\"Link no Texto\" data-track-links=\"data-track-links\">\u2014 Eu era presidente da C\u00e2mara quando houve uma invas\u00e3o, depreda\u00e7\u00e3o, quebraram tudo. Dei voz de pris\u00e3o aos invasores. Eles foram recolhidos, mas eu nunca chamei ele de terroristas ou disse que eles queriam dar um golpe de estado. Eu vejo o oito de janeiro como um movimento de desespero que merece puni\u00e7\u00e3o \u2014 disse Rebelo, no dia em que os ataques completam dois anos.<\/p>\n<p>O ex-ministro afirmou ainda que o \u00fanico golpe que existiu no pa\u00eds foi a ditadura militar. Segundo ele, naquela conjuntura, havia apoio dos meios de comunica\u00e7\u00e3o, das for\u00e7as armadas e da classe pol\u00edtica, condi\u00e7\u00f5es que n\u00e3o seriam as mesmas de 2023.\n<\/p>\n<p>Nesta quarta-feira, o ex-presidente Jair Bolsonaro (PL) anunciou que foi convidado para a posse do presidente americano Donald Trump, mas para viajar depende de autoriza\u00e7\u00e3o do Supremo Tribunal Federal (STF). Aldo Rebelo, neste contexto, criticou a reten\u00e7\u00e3o do passaporte do ex-presidente Jair Bolsonaro:\n<\/p>\n<p>\u2014 Acho que esse risco (de fuga) n\u00e3o existe. Ent\u00e3o porque o Supremo mant\u00e9m o confisco do passaporte? A n\u00e3o ser pela exibi\u00e7\u00e3o de for\u00e7a de uma institui\u00e7\u00e3o diante de outra, que \u00e9 a pol\u00edtica \u2014 afirmou.\n<\/p>\n<p>Rebelo est\u00e1 hospedado na pousada de Gilson Machado, a Villas Tatur\u00e9, localizada em S\u00e3o Miguel dos Milagres, em Alagoas. Esta n\u00e3o \u00e9 a primeira vez que Rebelo se aproxima do bolsonarismo. Em novembro passado, o ex-presidente o elogiou durante entrevista ao canal AuriVerde Brasil e disse que gostaria de t\u00ea-lo como ministro, caso fosse eleito novamente.\n<\/p>\n<p>\u2014 A gente sonha muitas coisas, por exemplo se ele topasse obviamente, seria convidado para Minist\u00e9rio da Amaz\u00f4nia. Com liberdade para trabalhar, como dei para todos meus ministros.\n<\/p>\n<p>Em maio, o ex-ministro lan\u00e7ou um livro em Bras\u00edlia e o ex-presidente esteve na sess\u00e3o de aut\u00f3grafos.\n<\/p>\n<p>Ex-aliado do PT, Rebelo foi secret\u00e1rio de Rela\u00e7\u00f5es Internacionais na prefeitura de S\u00e3o Paulo, hoje comandada por Ricardo Nunes (MDB) at\u00e9 julho, quando deixou a pasta para trabalhar na campanha de reelei\u00e7\u00e3o do prefeito.\n<\/p>\n<p>No primeiro mandato do presidente Lula (PT), entre 2004 e 2005, o pol\u00edtico exerceu o cargo de ministro-chefe da Secretaria de Coordena\u00e7\u00e3o Pol\u00edtica e Assuntos Institucionais. Quando Dilma assumiu o poder, voltou ao governo federal e chefiou tr\u00eas pastas diferentes ao longo dos seis anos \u2014 foi ministro do Esporte, da Ci\u00eancia e Tecnologia, e da Defesa.<\/p>\n<p>Fonte: O Globo\n<\/p>\n<\/div>\n<p><br \/>\n<br \/><a href=\"https:\/\/diariodobrasilnoticias.com.br\/noticia\/ex-ministro-dos-governos-lula-e-dilma-compara-8-de-janeiro-a-invasao-do-mst-a-camara-em-2006-677fc1c2c5a49\">Source link <\/a><\/p>","protected":false},"excerpt":{"rendered":"<p>Ex-ministro dos governos Lula e Dilma Rousseff, Aldo Rebelo comparou nesta quarta-feira os ataques antidemocr\u00e1ticos do oito de janeiro a uma invas\u00e3o promovida pelo Movimento dos Trabalhadores Rurais Sem-Terra (MST)&hellip;<\/p>","protected":false},"author":1,"featured_media":89657,"comment_status":"closed","ping_status":"open","sticky":false,"template":"","format":"standard","meta":{"content-type":"","footnotes":""},"categories":[16],"tags":[123,2448,5313,1267],"class_list":["post-89656","post","type-post","status-publish","format-standard","has-post-thumbnail","hentry","category-noticias","tag-brasil","tag-diario","tag-noticia","tag-noticias"],"_links":{"self":[{"href":"https:\/\/tvbrazilusa.com\/pt\/wp-json\/wp\/v2\/posts\/89656","targetHints":{"allow":["GET"]}}],"collection":[{"href":"https:\/\/tvbrazilusa.com\/pt\/wp-json\/wp\/v2\/posts"}],"about":[{"href":"https:\/\/tvbrazilusa.com\/pt\/wp-json\/wp\/v2\/types\/post"}],"author":[{"embeddable":true,"href":"https:\/\/tvbrazilusa.com\/pt\/wp-json\/wp\/v2\/users\/1"}],"replies":[{"embeddable":true,"href":"https:\/\/tvbrazilusa.com\/pt\/wp-json\/wp\/v2\/comments?post=89656"}],"version-history":[{"count":1,"href":"https:\/\/tvbrazilusa.com\/pt\/wp-json\/wp\/v2\/posts\/89656\/revisions"}],"predecessor-version":[{"id":89658,"href":"https:\/\/tvbrazilusa.com\/pt\/wp-json\/wp\/v2\/posts\/89656\/revisions\/89658"}],"wp:featuredmedia":[{"embeddable":true,"href":"https:\/\/tvbrazilusa.com\/pt\/wp-json\/wp\/v2\/media\/89657"}],"wp:attachment":[{"href":"https:\/\/tvbrazilusa.com\/pt\/wp-json\/wp\/v2\/media?parent=89656"}],"wp:term":[{"taxonomy":"category","embeddable":true,"href":"https:\/\/tvbrazilusa.com\/pt\/wp-json\/wp\/v2\/categories?post=89656"},{"taxonomy":"post_tag","embeddable":true,"href":"https:\/\/tvbrazilusa.com\/pt\/wp-json\/wp\/v2\/tags?post=89656"}],"curies":[{"name":"wp","href":"https:\/\/api.w.org\/{rel}","templated":true}]}}