{"id":89659,"date":"2025-01-09T14:06:20","date_gmt":"2025-01-09T14:06:20","guid":{"rendered":"https:\/\/tvbrazilusa.com\/2025\/01\/09\/healey-pede-momento-de-silencio-para-o-presidente-carter\/"},"modified":"2025-01-09T14:16:01","modified_gmt":"2025-01-09T14:16:01","slug":"healey-pede-momento-de-silencio-para-o-presidente-carter","status":"publish","type":"post","link":"https:\/\/tvbrazilusa.com\/pt\/2025\/01\/09\/healey-pede-momento-de-silencio-para-o-presidente-carter\/","title":{"rendered":"Healey pede momento de sil\u00eancio para o presidente Carter"},"content":{"rendered":"<p> <script async src=\"https:\/\/pagead2.googlesyndication.com\/pagead\/js\/adsbygoogle.js?client=ca-pub-8864793242727901\"\r\n     crossorigin=\"anonymous\"><\/script><br \/>\n<\/p>\n<div id=\"\">\n<header class=\"m-article-header m-article-header--standard\">\n\t\t\t\t\t\t\t\t\t\t\t\t<span id=\"article-header-primary-term\"><br \/>\n\t\t\t\t\t\t\t\t<a class=\"a-term a-term--primary\" href=\"https:\/\/www.boston.com\/tag\/local-news\/\"><\/p>\n<p>\t\t\t\t\t\t\t\tNot\u00edcias locais\t\t\t\t\t\t\t\t<\/a><br \/>\n\t\t\t\t\t\t\t<\/span><\/p>\n<h2 class=\"m-article-header__sub-headline\">Os membros da comunidade da \u00e1rea de Boston est\u00e3o convidados a assistir a uma transmiss\u00e3o ao vivo do Funeral Estadual no Instituto Kennedy.<\/h2>\n<figure class=\"a-photo m-article-header__photo\"><figcaption class=\"a-photo__caption\">\n<p>\tAs pessoas prestam suas homenagens enquanto o ex-presidente dos EUA, Jimmy Carter, jaz em cerim\u00f4nia na Rotunda do Capit\u00f3lio dos EUA, em 9 de janeiro de 2025, em Washington, DC. Carter, o 39\u00ba presidente dos Estados Unidos, morreu aos 100 anos em 29 de dezembro de 2024 em sua casa em Plains, Ge\u00f3rgia. <em> Foto de Kent Nishimura\/AFP<\/em>\t<\/figcaption><\/figure>\n<\/header>\n<p>Governador <a href=\"https:\/\/www.boston.com\/tag\/maura-healey\/\">Maura Healey<\/a> est\u00e1 solicitando um momento de sil\u00eancio na manh\u00e3 de quinta-feira para homenagear a vida do ex- <a href=\"https:\/\/www.boston.com\/news\/politics\/2025\/01\/07\/jimmy-carters-casket-arrives-at-the-u-s-capitol-where-he-will-lie-in-state\/\">Presidente Jimmy Carter<\/a>que morreu no final do m\u00eas passado.<\/p>\n<p>Presidente <a href=\"https:\/\/www.boston.com\/tag\/joe-biden\/\">Joe Biden<\/a> declarou o dia 9 de janeiro como dia nacional de luto por Carter, o 39\u00ba presidente, que morreu aos 100 anos em 29 de dezembro. <\/p>\n<div class=\"m-block t-amp__list-container m-article-list-container m-article-list-container--frame-border a-border-frame  a-list-header__headline--red m-article-list--alternative--default  m-article-list--floated\">\n<ul class=\"t-amp__list a-list--no-style m-article-list m-article-list--recirculation m-article-list--has-images\">\n<li class=\"m-article-list__item\">\n\t\t\t\t\t<a class=\"m-article-list__link-wrapper\" href=\"https:\/\/www.boston.com\/news\/politics\/2025\/01\/07\/jimmy-carters-casket-arrives-at-the-u-s-capitol-where-he-will-lie-in-state\/?p1=article_recirc_inline_feed\" data-p1=\"article_recirc_inline_feed\"><\/p>\n<p><h4 class=\"m-article-list__headline\">\n\t\t\t\t\t\t\t\t\t<span class=\"m-article-list__link a-link a-link--inline a-link--text-link a-link--text-link-dark\"><\/p>\n<p>\t\t\t\t\t\t\t\t\tO caix\u00e3o de Jimmy Carter chega ao Capit\u00f3lio dos EUA, onde ele permanecer\u00e1 em estado\t\t\t\t\t\t\t\t\t<\/span><br \/>\n\t\t\t\t\t\t\t\t<\/h4>\n<\/p>\n<p>\t\t\t\t\t\t<\/a>\n\t\t\t\t\t<\/li>\n<li class=\"m-article-list__item\">\n\t\t\t\t\t<a class=\"m-article-list__link-wrapper\" href=\"https:\/\/www.boston.com\/news\/politics\/2025\/01\/04\/jimmy-carters-state-funeral-starts-saturday-here-is-what-to-know\/?p1=article_recirc_inline_feed\" data-p1=\"article_recirc_inline_feed\"><\/p>\n<p><h4 class=\"m-article-list__headline\">\n\t\t\t\t\t\t\t\t\t<span class=\"m-article-list__link a-link a-link--inline a-link--text-link a-link--text-link-dark\"><\/p>\n<p>\t\t\t\t\t\t\t\t\tO funeral de estado de Jimmy Carter come\u00e7a no s\u00e1bado. Aqui est\u00e1 o que voc\u00ea deve saber\t\t\t\t\t\t\t\t\t<\/span><br \/>\n\t\t\t\t\t\t\t\t<\/h4>\n<\/p>\n<p>\t\t\t\t\t\t<\/a>\n\t\t\t\t\t<\/li>\n<\/ul>\n<\/div>\n<p>Healey est\u00e1 pedindo aos residentes que observem um momento de sil\u00eancio \u00e0s 10h, quando o Servi\u00e7o Funeral Nacional do presidente Jimmy Carter come\u00e7a em Washington. <\/p>\n<p>\u201cPe\u00e7o \u00e0s pessoas e \u00e0s empresas de Massachusetts que se juntem a mim observando um momento de sil\u00eancio \u00e0s 10h de quinta-feira para refletir sobre o incr\u00edvel legado de servi\u00e7o do presidente Carter e nos perguntarmos como podemos contribuir para tornar o nosso mundo mais solid\u00e1rio e justo, \u201dHealey disse em um comunicado. \u201cTodos n\u00f3s temos algo a aprender com sua compaix\u00e3o, gra\u00e7a e clareza moral.\u201d<\/p>\n<p>No dia da morte de Carter, <a href=\"https:\/\/www.mass.gov\/news\/governor-healey-orders-flags-at-half-staff-in-honor-of-president-jimmy-carter\">Healey ordenou<\/a> que as bandeiras dos EUA e da Comunidade de Massachusetts sejam baixadas para meio mastro em todos os edif\u00edcios do estado at\u00e9 28 de janeiro.<\/p>\n<p>Os membros da comunidade da \u00e1rea de Boston s\u00e3o <a href=\"https:\/\/x.com\/EMKInstitute\/status\/1876745077948620830\">convidado<\/a> para assistir a uma transmiss\u00e3o ao vivo do Funeral de Estado na capital do pa\u00eds, no Instituto Kennedy, em Boston. Visitantes s\u00e3o bem-vindos para o evento gratuito que ter\u00e1 in\u00edcio \u00e0s 9h45<\/p>\n<p>Ap\u00f3s a derrota de Carter para o candidato republicano Ronald Reagan, o longevo presidente fundou o Carter Center que \u201cprocura prevenir e resolver conflitos, aumentar a liberdade e a democracia e melhorar a sa\u00fade\u201d. <a href=\"https:\/\/www.cartercenter.org\/about\/mission.html\">de acordo com seu site<\/a>.<\/p>\n<p>\u201cEle deu um exemplo duradouro do que significa servir aos outros, e seu legado continuar\u00e1 a inspirar as gera\u00e7\u00f5es vindouras\u201d, <a href=\"https:\/\/www.mass.gov\/news\/governor-healey-orders-flags-at-half-staff-in-honor-of-president-jimmy-carter\">Healey disse em um comunicado<\/a>.<\/p>\n<div class=\"o-author-single has-avatar\">\n<header class=\"m-author-card\">\n<div class=\"a-image a-image--square m-author-card__image\">\n\t\t<img decoding=\"async\" class=\"\" src=\"https:\/\/www.boston.com\/wp-content\/uploads\/2024\/09\/cropped-1708366528224-66f6a3bb1db19-66f6a3c33f251.jpg\" alt=\"Imagem do perfil de Lindsay Shachnow\"\/>\t<\/div>\n<\/header>\n<section class=\"author-info\">\n<div class=\"m-author__section\">\n<p>Lindsay Shachnow cobre not\u00edcias de atribui\u00e7\u00f5es gerais para <a href=\"http:\/\/boston.com\/\">Boston.com<\/a>reportando as \u00faltimas not\u00edcias, crimes e pol\u00edtica em toda a Nova Inglaterra.<\/p>\n<\/div>\n<\/section>\n<\/div>\n<div class=\"m-block m-generic-cta\t m-generic-cta--post-content\t m-generic-cta--dark\t m-generic-cta--homepage\t m-generic-cta--email-signup\t\t m-generic-cta-block-style--default \tt-amp__generic-cta\"><\/p>\n<div class=\"m-generic-cta__wrap\">\n<div class=\"m-generic-cta__content\">\n<h3 class=\"m-generic-cta__title\">Boston.com hoje<\/h3>\n<p class=\"m-generic-cta__subtitle\">Inscreva-se para receber as \u00faltimas manchetes em sua caixa de entrada todas as manh\u00e3s.<\/p>\n<\/p><\/div>\n<\/p><\/div>\n<\/div><\/div>\n<p><script>\n\t\tvar consent=\"grant\";\n\t\t\/* The above code is parsing the JSON data from the local storage and storing it in a variable. *\/\n\t\t\t\t\tconst onetrustStorageConsent = JSON.parse(localStorage.getItem( 'consent_one_trust_bdc' ) );\n\t\t\tif ( ( onetrustStorageConsent !== null ) ) {\n\t\t\t\t\/* Checking to see if the user has consented to the use of cookies.\n\t\t\t\t* If they have not, it is deleting the cookie.\n\t\t\t\t* This will comment for now, until further notice.\n\t\t\t\t*\/\n\t\t\t\t\/\/if ( onetrustStorageConsent.C0002 === false ) {\n\t\t\t\t\/\/\tdocument.cookie=\"_fbp=;expires=Thu, 01 Jan 2010 00:00:00 UTC; path=\/; domain=.boston.com\";\n\t\t\t\t\/\/}\n\t\t\t\t\/* Checking if the user has given consent for the cookie C0002.\n\t\t\t\t* If the user has given consent, the variable consent will be set to 'grant'.\n\t\t\t\t* If the user has not given consent,the variable consent will be set to 'revoke'.\n\t\t\t\t* Documentation https:\/\/developers.facebook.com\/docs\/meta-pixel\/implementation\/gdpr\n\t\t\t\t*\/\n\t\t\t\tif ( onetrustStorageConsent.C0002 !== true ) {\n\t\t\t\t\tconsent=\"revoke\";\n\t\t\t\t}\n\t\t\t}\n\t\t\t\t!function(f,b,e,v,n,t,s)\n\t\t{if(f.fbq)return;n=f.fbq=function(){n.callMethod?\n\t\tn.callMethod.apply(n,arguments):n.queue.push(arguments)};\n\t\tif(!f._fbq)f._fbq=n;n.push=n;n.loaded=!0;n.version='2.0';\n\t\tn.queue=[];t=b.createElement(e);t.async=!0;\n\t\tt.src=v;s=b.getElementsByTagName(e)[0];\n\t\ts.parentNode.insertBefore(t,s)}(window, document,'script',\n\t\t'https:\/\/connect.facebook.net\/en_US\/fbevents.js');\n\t\tfbq('consent', consent);\n\t\tfbq('init', '989222871864976');\n\t\tfbq('track', 'PageView');\n\t<\/script><script type=\"module\">\n\t\tvar consent=\"grant\";\n\t\t\/* The above code is parsing the JSON data from the local storage and storing it in a variable. *\/\n\t\t\tconst onetrustStorageConsent = JSON.parse(localStorage.getItem( 'consent_one_trust_bdc' ) );\n\t\t\t\/* Checking to see if the user has consented to the use of cookies.\n\t\t\t* If they have not, it is deleting the cookie.\n\t\t\t* This will comment for now, until further notice.\n\t\t\t*\/\n\t\t\t\/\/if ( onetrustStorageConsent.C0002 === false ) {\n\t\t\t\/\/\tdocument.cookie=\"_fbp=;expires=Thu, 01 Jan 2010 00:00:00 UTC; path=\/; domain=.boston.com\";\n\t\t\t\/\/}\n\t\t\t\/* Checking if the user has given consent for the cookie C0002.\n\t\t\t* If the user has given consent, the variable consent will be set to 'grant'.\n\t\t\t* If the user has not given consent,the variable consent will be set to 'revoke'.\n\t\t\t* Documentation https:\/\/developers.facebook.com\/docs\/meta-pixel\/implementation\/gdpr\n\t\t\t*\/\n\t\t\tif ( ( onetrustStorageConsent !== null ) && (onetrustStorageConsent.C0002 !== true ) ) {\n\t\t\t\tconsent=\"revoke\";\n\t\t\t}\n\t\t\t\t!function(f,b,e,v,n,t,s){if(f.fbq)return;n=f.fbq=function()\n\t\t{n.callMethod? n.callMethod.apply(n,arguments):n.queue.push(arguments)}\n\t\t;if(!f._fbq)f._fbq=n;\n\t\tn.push=n;n.loaded=!0;n.version='2.0';n.queue=[];t=b.createElement(e);t.async=!0;\n\t\tt.src=v;s=b.getElementsByTagName(e)[0];s.parentNode.insertBefore(t,s)}(window,\n\t\tdocument,'script','https:\/\/connect.facebook.net\/en_US\/fbevents.js');\n\t\tfbq('consent', consent);\n\t\tfbq('init', '813236348753005');\n\t\tfbq('track', \"PageView\");\n\t<\/script><br \/>\n<br \/><br \/>\n<br \/><a href=\"https:\/\/www.boston.com\/news\/local-news\/2025\/01\/09\/healey-requests-moment-of-silence-president-jimmy-carter\/\">Source link <\/a><\/p>","protected":false},"excerpt":{"rendered":"<p>Not\u00edcias locais Os membros da comunidade da \u00e1rea de Boston est\u00e3o convidados a assistir a uma transmiss\u00e3o ao vivo do Funeral Estadual no Instituto Kennedy. As pessoas prestam suas homenagens&hellip;<\/p>","protected":false},"author":1,"featured_media":89660,"comment_status":"closed","ping_status":"open","sticky":false,"template":"","format":"standard","meta":{"content-type":"","footnotes":""},"categories":[1],"tags":[],"class_list":["post-89659","post","type-post","status-publish","format-standard","has-post-thumbnail","hentry","category-uncategorized"],"_links":{"self":[{"href":"https:\/\/tvbrazilusa.com\/pt\/wp-json\/wp\/v2\/posts\/89659","targetHints":{"allow":["GET"]}}],"collection":[{"href":"https:\/\/tvbrazilusa.com\/pt\/wp-json\/wp\/v2\/posts"}],"about":[{"href":"https:\/\/tvbrazilusa.com\/pt\/wp-json\/wp\/v2\/types\/post"}],"author":[{"embeddable":true,"href":"https:\/\/tvbrazilusa.com\/pt\/wp-json\/wp\/v2\/users\/1"}],"replies":[{"embeddable":true,"href":"https:\/\/tvbrazilusa.com\/pt\/wp-json\/wp\/v2\/comments?post=89659"}],"version-history":[{"count":1,"href":"https:\/\/tvbrazilusa.com\/pt\/wp-json\/wp\/v2\/posts\/89659\/revisions"}],"predecessor-version":[{"id":89661,"href":"https:\/\/tvbrazilusa.com\/pt\/wp-json\/wp\/v2\/posts\/89659\/revisions\/89661"}],"wp:featuredmedia":[{"embeddable":true,"href":"https:\/\/tvbrazilusa.com\/pt\/wp-json\/wp\/v2\/media\/89660"}],"wp:attachment":[{"href":"https:\/\/tvbrazilusa.com\/pt\/wp-json\/wp\/v2\/media?parent=89659"}],"wp:term":[{"taxonomy":"category","embeddable":true,"href":"https:\/\/tvbrazilusa.com\/pt\/wp-json\/wp\/v2\/categories?post=89659"},{"taxonomy":"post_tag","embeddable":true,"href":"https:\/\/tvbrazilusa.com\/pt\/wp-json\/wp\/v2\/tags?post=89659"}],"curies":[{"name":"wp","href":"https:\/\/api.w.org\/{rel}","templated":true}]}}