{"id":89667,"date":"2025-01-09T13:40:36","date_gmt":"2025-01-09T13:40:36","guid":{"rendered":"https:\/\/tvbrazilusa.com\/2025\/01\/09\/payton-pritchard-admite-que-ficou-surpreso-pelo-celtics-te-lo-convocado-em-2020\/"},"modified":"2025-01-09T14:27:36","modified_gmt":"2025-01-09T14:27:36","slug":"payton-pritchard-admite-que-ficou-surpreso-pelo-celtics-te-lo-convocado-em-2020","status":"publish","type":"post","link":"https:\/\/tvbrazilusa.com\/pt\/2025\/01\/09\/payton-pritchard-admite-que-ficou-surpreso-pelo-celtics-te-lo-convocado-em-2020\/","title":{"rendered":"Payton Pritchard admite que ficou surpreso pelo Celtics t\u00ea-lo convocado em 2020"},"content":{"rendered":"<p> <script async src=\"https:\/\/pagead2.googlesyndication.com\/pagead\/js\/adsbygoogle.js?client=ca-pub-8864793242727901\"\r\n     crossorigin=\"anonymous\"><\/script><br \/>\n<\/p>\n<div id=\"\">\n<header class=\"m-article-header m-article-header--standard\">\n\t\t\t\t\t\t\t\t\t\t\t\t<span id=\"article-header-primary-term\"><br \/>\n\t\t\t\t\t\t\t\t<a class=\"a-term a-term--primary\" href=\"https:\/\/www.boston.com\/tag\/boston-celtics\/\"><\/p>\n<p>\t\t\t\t\t\t\t\tCeltas\t\t\t\t\t\t\t\t<\/a><br \/>\n\t\t\t\t\t\t\t<\/span><\/p>\n<h2 class=\"m-article-header__sub-headline\">&#8220;Eu nem pensei que iria para Boston.&#8221;<\/h2>\n<figure class=\"a-photo m-article-header__photo\"><figcaption class=\"a-photo__caption\">\n<p>\tPayton Pritchard se tornou uma pe\u00e7a chave para o Celtics nas \u00faltimas temporadas. <em>  (Foto AP\/Michael Dwyer)<\/em>\t<\/figcaption><\/figure>\n<div class=\"m-article-header__meta\">\n<div class=\"m-article-header__byline\">\n<p class=\"m-article-header__author\">\n<p>\t\t\t\t\t\t\t\tPor <a class=\"a-link a-link--inline\" href=\"https:\/\/www.boston.com\/author\/conor-ryan\/\">Conor Ryan<\/a>\t\t\t\t\t\t\t<\/p>\n<p>\t\t\t\t\t\t\t\t\t\t\t\t\t\t\t<time class=\"m-article-header__date\"><\/p>\n<p>\t\t\t\t\t\t\t\t\t9 de janeiro de 2025 | 8h40\t\t\t\t\t\t\t\t<\/time><\/p>\n<p><span>2 minutos para ler<\/span><\/p>\n<\/p><\/div>\n<\/p><\/div>\n<\/header>\n<p>Payton Pritchard assumiu um papel de destaque no Celtics, com o armador se colocando na disputa pelo pr\u00eamio de Sexto Homem do Ano nesta temporada, com m\u00e9dia de 14,8 pontos por jogo em menos de 26 minutos por noite.<\/p>\n<p>Mas Pritchard, de 26 anos, admitiu que inicialmente n\u00e3o achava que Boston seria um local vi\u00e1vel para ele durante o Draft da NBA de 2020.<\/p>\n<p>Muito parecido com Jayson Tatum <a href=\"https:\/\/www.boston.com\/sports\/boston-celtics\/2024\/11\/04\/jayson-tatum-trade-request-celtics-lakers-comments\/\">reflex\u00f5es sobre a \u00e9poca do Draft da NBA de 2017<\/a>Pritchard achou que o Celtics j\u00e1 tinha muita profundidade em seu elenco quando o time o selecionou com a 26\u00aa escolha do Oregon. <\/p>\n<p>\u201cEu me lembro de tudo\u201d, Pritchard <a href=\"https:\/\/www.youtube.com\/watch?v=WuS5z1o8NUs\">disse no \u00faltimo epis\u00f3dio do podcast \u201cThe Young Man and The Three\u201d<\/a>. \u201cLembro-me de que havia um monte de gente por perto e eu estava sentado ali, como se cada escolha passasse e as pessoas estivessem apenas olhando e esperando e eu pensei, &#8216;Estou subindo. N\u00e3o posso estar perto de todo mundo. \u2026 Voc\u00ea est\u00e1 sentado a\u00ed esperando uma liga\u00e7\u00e3o do seu agente. <\/p>\n<p>\u201cE eu nem pensei que iria para Boston, porque eu estava olhando a escala\u00e7\u00e3o deles tamb\u00e9m e achei que eles tinham muita guarda. Eles escolheram dois armadores no draft antes e eu nem treinei para eles nem nada.\u201d <\/p>\n<p>Como Pritchard observou, o Celtics j\u00e1 tinha um gr\u00e1fico de profundidade bastante lotado quando se tratava de guardas e outros swingmen mais abaixo no elenco em 2020. <\/p>\n<p>Antes de Boston selecionar Pritchard em 26\u00ba lugar geral, a equipe adicionou Aaron Nesmith de Vanderbilt com a 14\u00aa escolha geral. No ano anterior, Boston adicionou os guardas Romeo Langford (n\u00ba 14), Carsen Edwards (n\u00ba 33) e Tremont Waters (n\u00ba 51) tamb\u00e9m por meio do draft. <\/p>\n<p>Foram necess\u00e1rias tr\u00eas temporadas para Pritchard emergir como titular regular no rod\u00edzio de bancos do Boston, ultrapassando os 20 minutos por jogo pela primeira vez em 2023-24. Mas mesmo em seus primeiros dias em Boston, quando era mais utilizado para tarefas de limpeza, Pritchard n\u00e3o carecia de confian\u00e7a. <\/p>\n<p>\u201cAcho que definitivamente teria sido convocado para uma posi\u00e7\u00e3o superior, honestamente\u201d, acrescentou Pritchard. \u201c(Porque) eu teria o March Madness e do jeito que estava jogando, estava pronto para aquele momento. Isso pode aumentar seu estoque ali mesmo \u2013 apenas tendo boas atua\u00e7\u00f5es e liderando seu time. \u2026 Eu s\u00f3 fiz dois treinos individuais naquela \u00e9poca e foram Toronto (Raptors) e Detroit (Pistons) que vieram para Los Angeles. Ent\u00e3o, n\u00e3o tive essa oportunidade, mas, sim, ainda funcionou.\u201d<\/p>\n<p>Mesmo que Pritchard tenha sido aparentemente esquecido por v\u00e1rios times da NBA durante seu \u00faltimo ano no Oregon, ele encontrou um lugar s\u00f3lido em Boston \u2013 especialmente em uma escala\u00e7\u00e3o liderada por Joe Mazzulla que abrange uma s\u00e9rie de chutes de 3 pontos. <\/p>\n<div class=\"o-author-single has-avatar\">\n<header class=\"m-author-card\">\n<div class=\"a-image a-image--square m-author-card__image\">\n\t\t<img decoding=\"async\" class=\"\" src=\"https:\/\/www.boston.com\/wp-content\/uploads\/2023\/05\/Headshot_Conor-645c0406ed6cb-scaled.jpg\" alt=\"Imagem do perfil de Conor Ryan\"\/>\t<\/div>\n<\/header>\n<section class=\"author-info\">\n<div class=\"m-author__section\">\n<p>Conor Ryan \u00e9 redator da equipe que cobre Bruins, Celtics, Patriots e Red Sox para Boston.com, fun\u00e7\u00e3o que ocupa desde 2023.<\/p>\n<\/div>\n<\/section>\n<\/div>\n<div class=\"m-block m-generic-cta\t m-generic-cta--post-content\t m-generic-cta--dark\t m-generic-cta--homepage\t m-generic-cta--email-signup\t\t m-generic-cta-block-style--default \tt-amp__generic-cta\"><\/p>\n<div class=\"m-generic-cta__wrap\">\n<div class=\"m-generic-cta__content\">\n<h3 class=\"m-generic-cta__title\">Boston.com hoje<\/h3>\n<p class=\"m-generic-cta__subtitle\">Inscreva-se para receber as \u00faltimas manchetes em sua caixa de entrada todas as manh\u00e3s.<\/p>\n<\/p><\/div>\n<\/p><\/div>\n<\/div><\/div>\n<p><script>\n\t\tvar consent=\"grant\";\n\t\t\/* The above code is parsing the JSON data from the local storage and storing it in a variable. *\/\n\t\t\t\t\tconst onetrustStorageConsent = JSON.parse(localStorage.getItem( 'consent_one_trust_bdc' ) );\n\t\t\tif ( ( onetrustStorageConsent !== null ) ) {\n\t\t\t\t\/* Checking to see if the user has consented to the use of cookies.\n\t\t\t\t* If they have not, it is deleting the cookie.\n\t\t\t\t* This will comment for now, until further notice.\n\t\t\t\t*\/\n\t\t\t\t\/\/if ( onetrustStorageConsent.C0002 === false ) {\n\t\t\t\t\/\/\tdocument.cookie=\"_fbp=;expires=Thu, 01 Jan 2010 00:00:00 UTC; path=\/; domain=.boston.com\";\n\t\t\t\t\/\/}\n\t\t\t\t\/* Checking if the user has given consent for the cookie C0002.\n\t\t\t\t* If the user has given consent, the variable consent will be set to 'grant'.\n\t\t\t\t* If the user has not given consent,the variable consent will be set to 'revoke'.\n\t\t\t\t* Documentation https:\/\/developers.facebook.com\/docs\/meta-pixel\/implementation\/gdpr\n\t\t\t\t*\/\n\t\t\t\tif ( onetrustStorageConsent.C0002 !== true ) {\n\t\t\t\t\tconsent=\"revoke\";\n\t\t\t\t}\n\t\t\t}\n\t\t\t\t!function(f,b,e,v,n,t,s)\n\t\t{if(f.fbq)return;n=f.fbq=function(){n.callMethod?\n\t\tn.callMethod.apply(n,arguments):n.queue.push(arguments)};\n\t\tif(!f._fbq)f._fbq=n;n.push=n;n.loaded=!0;n.version='2.0';\n\t\tn.queue=[];t=b.createElement(e);t.async=!0;\n\t\tt.src=v;s=b.getElementsByTagName(e)[0];\n\t\ts.parentNode.insertBefore(t,s)}(window, document,'script',\n\t\t'https:\/\/connect.facebook.net\/en_US\/fbevents.js');\n\t\tfbq('consent', consent);\n\t\tfbq('init', '989222871864976');\n\t\tfbq('track', 'PageView');\n\t<\/script><script type=\"module\">\n\t\tvar consent=\"grant\";\n\t\t\/* The above code is parsing the JSON data from the local storage and storing it in a variable. *\/\n\t\t\tconst onetrustStorageConsent = JSON.parse(localStorage.getItem( 'consent_one_trust_bdc' ) );\n\t\t\t\/* Checking to see if the user has consented to the use of cookies.\n\t\t\t* If they have not, it is deleting the cookie.\n\t\t\t* This will comment for now, until further notice.\n\t\t\t*\/\n\t\t\t\/\/if ( onetrustStorageConsent.C0002 === false ) {\n\t\t\t\/\/\tdocument.cookie=\"_fbp=;expires=Thu, 01 Jan 2010 00:00:00 UTC; path=\/; domain=.boston.com\";\n\t\t\t\/\/}\n\t\t\t\/* Checking if the user has given consent for the cookie C0002.\n\t\t\t* If the user has given consent, the variable consent will be set to 'grant'.\n\t\t\t* If the user has not given consent,the variable consent will be set to 'revoke'.\n\t\t\t* Documentation https:\/\/developers.facebook.com\/docs\/meta-pixel\/implementation\/gdpr\n\t\t\t*\/\n\t\t\tif ( ( onetrustStorageConsent !== null ) && (onetrustStorageConsent.C0002 !== true ) ) {\n\t\t\t\tconsent=\"revoke\";\n\t\t\t}\n\t\t\t\t!function(f,b,e,v,n,t,s){if(f.fbq)return;n=f.fbq=function()\n\t\t{n.callMethod? n.callMethod.apply(n,arguments):n.queue.push(arguments)}\n\t\t;if(!f._fbq)f._fbq=n;\n\t\tn.push=n;n.loaded=!0;n.version='2.0';n.queue=[];t=b.createElement(e);t.async=!0;\n\t\tt.src=v;s=b.getElementsByTagName(e)[0];s.parentNode.insertBefore(t,s)}(window,\n\t\tdocument,'script','https:\/\/connect.facebook.net\/en_US\/fbevents.js');\n\t\tfbq('consent', consent);\n\t\tfbq('init', '813236348753005');\n\t\tfbq('track', \"PageView\");\n\t<\/script><br \/>\n<br \/><br \/>\n<br \/><a href=\"https:\/\/www.boston.com\/sports\/boston-celtics\/2025\/01\/09\/payton-pritchard-boston-celtics-nba-basketball-draft\/\">Source link <\/a><\/p>","protected":false},"excerpt":{"rendered":"<p>Celtas &#8220;Eu nem pensei que iria para Boston.&#8221; Payton Pritchard se tornou uma pe\u00e7a chave para o Celtics nas \u00faltimas temporadas. (Foto AP\/Michael Dwyer) Por Conor Ryan 9 de janeiro&hellip;<\/p>","protected":false},"author":1,"featured_media":89668,"comment_status":"closed","ping_status":"open","sticky":false,"template":"","format":"standard","meta":{"content-type":"","footnotes":""},"categories":[1],"tags":[],"class_list":["post-89667","post","type-post","status-publish","format-standard","has-post-thumbnail","hentry","category-uncategorized"],"_links":{"self":[{"href":"https:\/\/tvbrazilusa.com\/pt\/wp-json\/wp\/v2\/posts\/89667","targetHints":{"allow":["GET"]}}],"collection":[{"href":"https:\/\/tvbrazilusa.com\/pt\/wp-json\/wp\/v2\/posts"}],"about":[{"href":"https:\/\/tvbrazilusa.com\/pt\/wp-json\/wp\/v2\/types\/post"}],"author":[{"embeddable":true,"href":"https:\/\/tvbrazilusa.com\/pt\/wp-json\/wp\/v2\/users\/1"}],"replies":[{"embeddable":true,"href":"https:\/\/tvbrazilusa.com\/pt\/wp-json\/wp\/v2\/comments?post=89667"}],"version-history":[{"count":1,"href":"https:\/\/tvbrazilusa.com\/pt\/wp-json\/wp\/v2\/posts\/89667\/revisions"}],"predecessor-version":[{"id":89669,"href":"https:\/\/tvbrazilusa.com\/pt\/wp-json\/wp\/v2\/posts\/89667\/revisions\/89669"}],"wp:featuredmedia":[{"embeddable":true,"href":"https:\/\/tvbrazilusa.com\/pt\/wp-json\/wp\/v2\/media\/89668"}],"wp:attachment":[{"href":"https:\/\/tvbrazilusa.com\/pt\/wp-json\/wp\/v2\/media?parent=89667"}],"wp:term":[{"taxonomy":"category","embeddable":true,"href":"https:\/\/tvbrazilusa.com\/pt\/wp-json\/wp\/v2\/categories?post=89667"},{"taxonomy":"post_tag","embeddable":true,"href":"https:\/\/tvbrazilusa.com\/pt\/wp-json\/wp\/v2\/tags?post=89667"}],"curies":[{"name":"wp","href":"https:\/\/api.w.org\/{rel}","templated":true}]}}