{"id":89672,"date":"2025-01-09T14:33:55","date_gmt":"2025-01-09T14:33:55","guid":{"rendered":"https:\/\/tvbrazilusa.com\/2025\/01\/09\/damares-alves-aciona-trf-contra-resolucao-que-facilita-o-aborto-em-adolescentes\/"},"modified":"2025-01-09T14:33:56","modified_gmt":"2025-01-09T14:33:56","slug":"damares-alves-aciona-trf-contra-resolucao-que-facilita-o-aborto-em-adolescentes","status":"publish","type":"post","link":"https:\/\/tvbrazilusa.com\/pt\/2025\/01\/09\/damares-alves-aciona-trf-contra-resolucao-que-facilita-o-aborto-em-adolescentes\/","title":{"rendered":"Damares Alves aciona TRF contra resolu\u00e7\u00e3o que facilita o aborto em adolescentes"},"content":{"rendered":"<p> <script async src=\"https:\/\/pagead2.googlesyndication.com\/pagead\/js\/adsbygoogle.js?client=ca-pub-8864793242727901\"\r\n     crossorigin=\"anonymous\"><\/script><br \/>\n<\/p>\n<div id=\"taboola-read-more\" style=\"display:block; width:100%\">\n<p>Nesta quarta-feira (8), a senadora Damares Alves (Republicanos-DF) apresentou ao Tribunal Regional Federal da 1\u00aa Regi\u00e3o um pedido de agravo interno, solicitando a anula\u00e7\u00e3o da decis\u00e3o que deferiu pedido de tutela provis\u00f3ria e autorizou a publica\u00e7\u00e3o da Resolu\u00e7\u00e3o n\u00ba 258 do Conselho Nacional dos Direitos da Crian\u00e7a e do Adolescente (Conanda), publicada na ter\u00e7a-feira (7), que regulamenta a pr\u00e1tica do aborto legal em casos de viol\u00eancia sexual envolvendo crian\u00e7as e adolescentes.\n<\/p>\n<p>Em seu pedido, cujo teor a coluna Entrelinhas teve acesso, a senadora destaca que a decis\u00e3o tomada na 4\u00aa Assembleia Extraordin\u00e1ria do Conanda n\u00e3o seguiu as normas regimentais, em especial o direito de vistas. Damares Alves explica que, conforme o art. 54 do Regimento Interno do Conanda, qualquer conselheiro tem o direito de pedir vistas de mat\u00e9rias ainda n\u00e3o votadas, o que n\u00e3o ocorreu na ocasi\u00e3o. &#8220;O atropelo das regras regimentais compromete a validade do ato administrativo&#8221;, defende a senadora.<\/p>\n<p>Esta \u00e9 a segunda medida judicial da senadora que, no dia seguinte \u00e0 aprova\u00e7\u00e3o da medida na assembleia da Conanda, conseguiu que a Resolu\u00e7\u00e3o fosse suspensa. Com a subsequente autoriza\u00e7\u00e3o do desembargador federal Ney Bello, do Tribunal Regional Federal da 1\u00aa Regi\u00e3o (TRF-1), Damares volta a acionar a justi\u00e7a contra a resolu\u00e7\u00e3o.\n<\/p>\n<p>Na pe\u00e7a do agravo, a senadora tamb\u00e9m critica a atua\u00e7\u00e3o do Grupo de Apoio \u00e0 Juventude e Organiza\u00e7\u00e3o Popular (Gajop), que, segundo ela, apresentou argumentos incorretos que induziram o julgador a erro. O texto alega que o Gajop, ao atuar como terceiro interessado, n\u00e3o possui legitimidade, uma vez que sua atua\u00e7\u00e3o est\u00e1 atrelada \u00e0 legalidade e \u00e0 regularidade do mandato no Conanda. &#8220;A nulidade do escrut\u00ednio n\u00e3o pode ser ignorada para agradar ao \u00f3rg\u00e3o&#8221;, argumenta a senadora.\n<\/p>\n<p>Al\u00e9m de questionar a validade do procedimento, Damares Alves tamb\u00e9m critica o conte\u00fado da resolu\u00e7\u00e3o aprovada, que, segundo ela, abre brechas para a pr\u00e1tica de abortos sem a devida participa\u00e7\u00e3o dos pais ou respons\u00e1veis, al\u00e9m de dispensar o registro de boletins de ocorr\u00eancia. Para a senadora, tal resolu\u00e7\u00e3o infringe direitos fundamentais, como a prote\u00e7\u00e3o \u00e0 crian\u00e7a e ao nascituro. &#8220;A Resolu\u00e7\u00e3o do Conanda ignora os direitos b\u00e1sicos do nascituro&#8221;, conclui. O caso segue em an\u00e1lise no Tribunal Regional Federal, e o pedido de Damares Alves ainda ser\u00e1 apreciado.\n<\/p>\n<p>Fonte: Gazeta do Povo              <\/p>\n<\/div>\n<p><br \/>\n<br \/><a href=\"https:\/\/diariodobrasilnoticias.com.br\/noticia\/damares-alves-aciona-trf-contra-resolucao-que-facilita-o-aborto-em-adolescentes-677fc526d0078\">Source link <\/a><\/p>","protected":false},"excerpt":{"rendered":"<p>Nesta quarta-feira (8), a senadora Damares Alves (Republicanos-DF) apresentou ao Tribunal Regional Federal da 1\u00aa Regi\u00e3o um pedido de agravo interno, solicitando a anula\u00e7\u00e3o da decis\u00e3o que deferiu pedido de&hellip;<\/p>","protected":false},"author":1,"featured_media":89673,"comment_status":"closed","ping_status":"open","sticky":false,"template":"","format":"standard","meta":{"content-type":"","footnotes":""},"categories":[16],"tags":[123,2448,5313,1267],"class_list":["post-89672","post","type-post","status-publish","format-standard","has-post-thumbnail","hentry","category-noticias","tag-brasil","tag-diario","tag-noticia","tag-noticias"],"_links":{"self":[{"href":"https:\/\/tvbrazilusa.com\/pt\/wp-json\/wp\/v2\/posts\/89672","targetHints":{"allow":["GET"]}}],"collection":[{"href":"https:\/\/tvbrazilusa.com\/pt\/wp-json\/wp\/v2\/posts"}],"about":[{"href":"https:\/\/tvbrazilusa.com\/pt\/wp-json\/wp\/v2\/types\/post"}],"author":[{"embeddable":true,"href":"https:\/\/tvbrazilusa.com\/pt\/wp-json\/wp\/v2\/users\/1"}],"replies":[{"embeddable":true,"href":"https:\/\/tvbrazilusa.com\/pt\/wp-json\/wp\/v2\/comments?post=89672"}],"version-history":[{"count":1,"href":"https:\/\/tvbrazilusa.com\/pt\/wp-json\/wp\/v2\/posts\/89672\/revisions"}],"predecessor-version":[{"id":89674,"href":"https:\/\/tvbrazilusa.com\/pt\/wp-json\/wp\/v2\/posts\/89672\/revisions\/89674"}],"wp:featuredmedia":[{"embeddable":true,"href":"https:\/\/tvbrazilusa.com\/pt\/wp-json\/wp\/v2\/media\/89673"}],"wp:attachment":[{"href":"https:\/\/tvbrazilusa.com\/pt\/wp-json\/wp\/v2\/media?parent=89672"}],"wp:term":[{"taxonomy":"category","embeddable":true,"href":"https:\/\/tvbrazilusa.com\/pt\/wp-json\/wp\/v2\/categories?post=89672"},{"taxonomy":"post_tag","embeddable":true,"href":"https:\/\/tvbrazilusa.com\/pt\/wp-json\/wp\/v2\/tags?post=89672"}],"curies":[{"name":"wp","href":"https:\/\/api.w.org\/{rel}","templated":true}]}}