{"id":89680,"date":"2025-01-09T14:48:22","date_gmt":"2025-01-09T14:48:22","guid":{"rendered":"https:\/\/tvbrazilusa.com\/2025\/01\/09\/vortice-polar-esfria-temperaturas-em-todo-o-estado-jacksonville-hoje\/"},"modified":"2025-01-09T14:48:55","modified_gmt":"2025-01-09T14:48:55","slug":"vortice-polar-esfria-temperaturas-em-todo-o-estado-jacksonville-hoje","status":"publish","type":"post","link":"https:\/\/tvbrazilusa.com\/pt\/2025\/01\/09\/vortice-polar-esfria-temperaturas-em-todo-o-estado-jacksonville-hoje\/","title":{"rendered":"V\u00f3rtice polar esfria temperaturas em todo o estado | Jacksonville hoje"},"content":{"rendered":"<p> <script async src=\"https:\/\/pagead2.googlesyndication.com\/pagead\/js\/adsbygoogle.js?client=ca-pub-8864793242727901\"\r\n     crossorigin=\"anonymous\"><\/script><br \/>\n<\/p>\n<div>\n<p>Milh\u00f5es de moradores da Fl\u00f3rida est\u00e3o se sentindo <a href=\"https:\/\/jaxtoday.org\/2025\/01\/03\/cold-fronts-florida\/\">o grande frio<\/a> esta semana, depois que v\u00e1rias frentes frias geraram avisos de congelamento, avisos meteorol\u00f3gicos, avisos de sensa\u00e7\u00e3o t\u00e9rmica e muito mais em muitas partes do estado ensolarado.<\/p>\n<p>Grande parte do pa\u00eds est\u00e1 enfrentando <a href=\"https:\/\/www.weather.gov\/safety\/cold-polar-vortex\" rel=\"nofollow noopener\" target=\"_blank\">um v\u00f3rtice polar<\/a> esta semana, incluindo a Fl\u00f3rida. Um v\u00f3rtice polar \u00e9 uma corrente de ar frio que normalmente gira em torno dos p\u00f3los no alto da estratosfera. O fen\u00f4meno espalha o ar do \u00c1rtico em parte da Am\u00e9rica do Norte e pode perturbar os padr\u00f5es clim\u00e1ticos.<\/p>\n<\/p>\n<p>As m\u00ednimas da manh\u00e3 de quinta-feira para o Panhandle e partes do norte da Fl\u00f3rida s\u00e3o esperadas em meados dos anos 20, com avisos de congelamento e\/ou avisos de tempo frio em vigor tamb\u00e9m.<\/p>\n<p>A sensa\u00e7\u00e3o t\u00e9rmica nesta regi\u00e3o pode cair para n\u00edveis m\u00ednimos e m\u00ednimos de 20 anos, representando uma amea\u00e7a significativa para pessoas e propriedades. Espera-se que as condi\u00e7\u00f5es de geada e congelamento afetem as colheitas, as plantas ao ar livre e os sistemas de encanamento.<\/p>\n<p><img loading=\"lazy\" decoding=\"async\" src=\"https:\/\/npr.brightspotcdn.com\/a1\/78\/56d718fb41989e1c734a18da6d3f\/fl-wind-chill.png\" alt=\"\" width=\"725\" height=\"408\"\/><\/p>\n<p>Na regi\u00e3o central da Fl\u00f3rida, as temperaturas mais frias ser\u00e3o das 4h \u00e0s 9h de quinta-feira. V\u00e1rios condados do interior tamb\u00e9m experimentar\u00e3o v\u00e1rias horas de temperaturas congelantes.<\/p>\n<p>Os moradores da Fl\u00f3rida nas \u00e1reas afetadas devem continuar a tomar precau\u00e7\u00f5es contra o frio para proteger a si mesmos, a seus animais de estima\u00e7\u00e3o e a suas propriedades dos perigos potenciais do clima frio.<\/p>\n<p><img loading=\"lazy\" decoding=\"async\" src=\"https:\/\/npr.brightspotcdn.com\/f7\/a6\/5f716e62433cb9b77b873c8adb9f\/5ps.jpeg\" alt=\"\" width=\"1280\" height=\"720\"\/><\/p>\n<p>A FEMA lembra aos propriet\u00e1rios de animais de estima\u00e7\u00e3o que cubram ou tragam plantas tenras. Tamb\u00e9m \u00e9 importante garantir que os animais ao ar livre tenham abrigo adequado durante este tempo frio.<\/p>\n<p>Fam\u00edlias e vizinhos s\u00e3o encorajados a verificar como est\u00e3o os idosos ou indiv\u00edduos vulner\u00e1veis \u200b\u200bpara garantir a sua seguran\u00e7a durante esta onda de frio.<\/p>\n<p>Copyright 2025 Storm Center<\/p>\n<\/div>\n<p><br \/>\n<br \/><a href=\"https:\/\/jaxtoday.org\/2025\/01\/09\/polar-vortex-chill-florida\/\">Source link <\/a><\/p>","protected":false},"excerpt":{"rendered":"<p>Milh\u00f5es de moradores da Fl\u00f3rida est\u00e3o se sentindo o grande frio esta semana, depois que v\u00e1rias frentes frias geraram avisos de congelamento, avisos meteorol\u00f3gicos, avisos de sensa\u00e7\u00e3o t\u00e9rmica e muito&hellip;<\/p>","protected":false},"author":1,"featured_media":89681,"comment_status":"closed","ping_status":"open","sticky":false,"template":"","format":"standard","meta":{"content-type":"","footnotes":""},"categories":[1],"tags":[1360,1267,1268],"class_list":["post-89680","post","type-post","status-publish","format-standard","has-post-thumbnail","hentry","category-uncategorized","tag-clima","tag-noticias","tag-noticias-do-estado"],"_links":{"self":[{"href":"https:\/\/tvbrazilusa.com\/pt\/wp-json\/wp\/v2\/posts\/89680","targetHints":{"allow":["GET"]}}],"collection":[{"href":"https:\/\/tvbrazilusa.com\/pt\/wp-json\/wp\/v2\/posts"}],"about":[{"href":"https:\/\/tvbrazilusa.com\/pt\/wp-json\/wp\/v2\/types\/post"}],"author":[{"embeddable":true,"href":"https:\/\/tvbrazilusa.com\/pt\/wp-json\/wp\/v2\/users\/1"}],"replies":[{"embeddable":true,"href":"https:\/\/tvbrazilusa.com\/pt\/wp-json\/wp\/v2\/comments?post=89680"}],"version-history":[{"count":1,"href":"https:\/\/tvbrazilusa.com\/pt\/wp-json\/wp\/v2\/posts\/89680\/revisions"}],"predecessor-version":[{"id":89682,"href":"https:\/\/tvbrazilusa.com\/pt\/wp-json\/wp\/v2\/posts\/89680\/revisions\/89682"}],"wp:featuredmedia":[{"embeddable":true,"href":"https:\/\/tvbrazilusa.com\/pt\/wp-json\/wp\/v2\/media\/89681"}],"wp:attachment":[{"href":"https:\/\/tvbrazilusa.com\/pt\/wp-json\/wp\/v2\/media?parent=89680"}],"wp:term":[{"taxonomy":"category","embeddable":true,"href":"https:\/\/tvbrazilusa.com\/pt\/wp-json\/wp\/v2\/categories?post=89680"},{"taxonomy":"post_tag","embeddable":true,"href":"https:\/\/tvbrazilusa.com\/pt\/wp-json\/wp\/v2\/tags?post=89680"}],"curies":[{"name":"wp","href":"https:\/\/api.w.org\/{rel}","templated":true}]}}