{"id":89709,"date":"2025-01-09T15:52:50","date_gmt":"2025-01-09T15:52:50","guid":{"rendered":"https:\/\/tvbrazilusa.com\/2025\/01\/09\/prioridade-agu-de-lula-contratara-advogados-estrangeiros-para-extraditar-condenados-pelos-eventos-de-8-de-janeiro\/"},"modified":"2025-01-09T15:52:51","modified_gmt":"2025-01-09T15:52:51","slug":"prioridade-agu-de-lula-contratara-advogados-estrangeiros-para-extraditar-condenados-pelos-eventos-de-8-de-janeiro","status":"publish","type":"post","link":"https:\/\/tvbrazilusa.com\/pt\/2025\/01\/09\/prioridade-agu-de-lula-contratara-advogados-estrangeiros-para-extraditar-condenados-pelos-eventos-de-8-de-janeiro\/","title":{"rendered":"PRIORIDADE: AGU de Lula contratar\u00e1 advogados estrangeiros para extraditar condenados pelos eventos de 8 de janeiro"},"content":{"rendered":"<p> <script async src=\"https:\/\/pagead2.googlesyndication.com\/pagead\/js\/adsbygoogle.js?client=ca-pub-8864793242727901\"\r\n     crossorigin=\"anonymous\"><\/script><br \/>\n<\/p>\n<div id=\"taboola-read-more\" style=\"display:block; width:100%\">\n<p>A Advocacia-Geral da Uni\u00e3o (AGU) come\u00e7ou a contratar advogados no exterior para representar o Brasil nos processos de extradi\u00e7\u00e3o dos condenados pelos atos do 8 de Janeiro. O advogado-geral da Uni\u00e3o, Jorge Messias, assinou na \u00faltima quarta-feira, 8, o ato formal que autoriza as contrata\u00e7\u00f5es.\n<\/p>\n<p>A contrata\u00e7\u00e3o de advogados estrangeiros \u00e9 necess\u00e1ria para cumprir requisitos exigidos por outros pa\u00edses. Os advogados da Uni\u00e3o, via de regra, n\u00e3o est\u00e3o habilitados para atuar em jurisdi\u00e7\u00f5es estrangeiras.<\/p>\n<p>O pr\u00f3ximo passo \u00e9 solicitar ao Supremo Tribunal Federal (STF) informa\u00e7\u00f5es atualizadas sobre os processos. A AGU ainda n\u00e3o sabe exatamente quem s\u00e3o os brasileiros que foram ao exterior nem em quais pa\u00edses eles vivem \u2014 dados b\u00e1sicos necess\u00e1rios para apresentar os pedidos de extradi\u00e7\u00e3o.\n<\/p>\n<p>A iniciativa da AGU ocorre depois de o ministro Alexandre de Moraes, do STF, cobrar provid\u00eancias sobre a extradi\u00e7\u00e3o de foragidos do 8 de janeiro em 64 a\u00e7\u00f5es penais. Moraes \u00e9 o relator dos casos e imp\u00f4s penas superiores a 14 anos para os r\u00e9us presos dentro dos pr\u00e9dios da Pra\u00e7a dos Tr\u00eas Poderes. Por maioria, o STF validou as condena\u00e7\u00f5es.\n<\/p>\n<p>Minist\u00e9rio da Justi\u00e7a vai analisar pedidos da AGU de extradi\u00e7\u00e3o dos condenados do 8 de janeiro<br \/>A AGU informou que tamb\u00e9m mant\u00e9m contato com o Minist\u00e9rio da Justi\u00e7a e Seguran\u00e7a P\u00fablica, de Ricardo Lewandowski, para identificar os casos que \u201crecomendam a efetiva atua\u00e7\u00e3o judicial no exterior para garantir a efetiva\u00e7\u00e3o das extradi\u00e7\u00f5es\u201d.\n<\/p>\n<p>Cabe ao Minist\u00e9rio da Justi\u00e7a analisar a admissibilidade dos pedidos de extradi\u00e7\u00e3o e, se forem aprovados, encaminh\u00e1-los aos respectivos pa\u00edses por via diplom\u00e1tica ou por meio de autoridades centrais.\n<\/p>\n<p>A atua\u00e7\u00e3o da AGU para viabilizar extradi\u00e7\u00f5es \u00e9 complementar aos tr\u00e2mites conduzidos pelo Minist\u00e9rio da Justi\u00e7a. O Estado brasileiro pode intervir como parte nos processos para contribuir com o esclarecimento de quest\u00f5es factuais e jur\u00eddicas. A medida j\u00e1 foi adotada em outros casos de extradi\u00e7\u00e3o.\n<\/p>\n<p>Reda\u00e7\u00e3o Oeste, com informa\u00e7\u00f5es da Ag\u00eancia Estado              <\/p>\n<\/div>\n<p><br \/>\n<br \/><a href=\"https:\/\/diariodobrasilnoticias.com.br\/noticia\/prioridade-agu-de-lula-contratara-advogados-estrangeiros-para-extraditar-condenados-pelos-eventos-de-8-de-janeiro-677fcfb7c3187\">Source link <\/a><\/p>","protected":false},"excerpt":{"rendered":"<p>A Advocacia-Geral da Uni\u00e3o (AGU) come\u00e7ou a contratar advogados no exterior para representar o Brasil nos processos de extradi\u00e7\u00e3o dos condenados pelos atos do 8 de Janeiro. O advogado-geral da&hellip;<\/p>","protected":false},"author":1,"featured_media":89710,"comment_status":"closed","ping_status":"open","sticky":false,"template":"","format":"standard","meta":{"content-type":"","footnotes":""},"categories":[16],"tags":[123,2448,5313,1267],"class_list":["post-89709","post","type-post","status-publish","format-standard","has-post-thumbnail","hentry","category-noticias","tag-brasil","tag-diario","tag-noticia","tag-noticias"],"_links":{"self":[{"href":"https:\/\/tvbrazilusa.com\/pt\/wp-json\/wp\/v2\/posts\/89709","targetHints":{"allow":["GET"]}}],"collection":[{"href":"https:\/\/tvbrazilusa.com\/pt\/wp-json\/wp\/v2\/posts"}],"about":[{"href":"https:\/\/tvbrazilusa.com\/pt\/wp-json\/wp\/v2\/types\/post"}],"author":[{"embeddable":true,"href":"https:\/\/tvbrazilusa.com\/pt\/wp-json\/wp\/v2\/users\/1"}],"replies":[{"embeddable":true,"href":"https:\/\/tvbrazilusa.com\/pt\/wp-json\/wp\/v2\/comments?post=89709"}],"version-history":[{"count":1,"href":"https:\/\/tvbrazilusa.com\/pt\/wp-json\/wp\/v2\/posts\/89709\/revisions"}],"predecessor-version":[{"id":89711,"href":"https:\/\/tvbrazilusa.com\/pt\/wp-json\/wp\/v2\/posts\/89709\/revisions\/89711"}],"wp:featuredmedia":[{"embeddable":true,"href":"https:\/\/tvbrazilusa.com\/pt\/wp-json\/wp\/v2\/media\/89710"}],"wp:attachment":[{"href":"https:\/\/tvbrazilusa.com\/pt\/wp-json\/wp\/v2\/media?parent=89709"}],"wp:term":[{"taxonomy":"category","embeddable":true,"href":"https:\/\/tvbrazilusa.com\/pt\/wp-json\/wp\/v2\/categories?post=89709"},{"taxonomy":"post_tag","embeddable":true,"href":"https:\/\/tvbrazilusa.com\/pt\/wp-json\/wp\/v2\/tags?post=89709"}],"curies":[{"name":"wp","href":"https:\/\/api.w.org\/{rel}","templated":true}]}}