{"id":89715,"date":"2025-01-09T16:00:00","date_gmt":"2025-01-09T16:00:00","guid":{"rendered":"https:\/\/tvbrazilusa.com\/2025\/01\/09\/novo-pub-sera-inaugurado-no-local-do-bar-fechado-em-jersey-shore\/"},"modified":"2025-01-09T16:03:51","modified_gmt":"2025-01-09T16:03:51","slug":"novo-pub-sera-inaugurado-no-local-do-bar-fechado-em-jersey-shore","status":"publish","type":"post","link":"https:\/\/tvbrazilusa.com\/pt\/2025\/01\/09\/novo-pub-sera-inaugurado-no-local-do-bar-fechado-em-jersey-shore\/","title":{"rendered":"Novo pub ser\u00e1 inaugurado no local do bar fechado em Jersey Shore"},"content":{"rendered":"<p> <script async src=\"https:\/\/pagead2.googlesyndication.com\/pagead\/js\/adsbygoogle.js?client=ca-pub-8864793242727901\"\r\n     crossorigin=\"anonymous\"><\/script><br \/>\n<\/p>\n<div>\n<p class=\"article__paragraph article__paragraph--left\" id=\"RAKOAZ2JARA2NCWP45XP5LPXEI\">As reformas j\u00e1 est\u00e3o em andamento para um novo pub que dever\u00e1 ser transferido para o antigo Goodnight Irene&#8217;s em Wildwood nesta primavera.<\/p>\n<p class=\"article__paragraph article__paragraph--left\" id=\"FGYRU4GHV5ELZCN53LTTQSWXTU\">A Torre, um <a href=\"https:\/\/therookmanayunk.com\/\" target=\"_blank\" rel=\"\" title=\"https:\/\/therookmanayunk.com\/\">bar e restaurante<\/a> na se\u00e7\u00e3o Manayunk da Filad\u00e9lfia, anunciada em um <a href=\"https:\/\/www.instagram.com\/reel\/DEfFtRxR2eV\/?utm_source=ig_web_copy_link&#038;igsh=MzRlODBiNWFlZA==\" target=\"_blank\" rel=\"\" title=\"https:\/\/www.instagram.com\/reel\/DEfFtRxR2eV\/?utm_source=ig_web_copy_link&#038;igsh=MzRlODBiNWFlZA==\">Postagem no Instagram na segunda-feira<\/a> planeja abrir um segundo local em Wildwood nesta primavera. Rich Ennis, um dos propriet\u00e1rios do The Rooks, disse na quarta-feira que as reformas j\u00e1 come\u00e7aram. <\/p>\n<p class=\"article__paragraph article__paragraph--left\" id=\"PAX2G4JHRVGSJDYFD4X7THQEJU\">\u201cAp\u00f3s o sucesso de nosso primeiro lugar em Manayunk, estamos trazendo nosso menu inspirado na Filad\u00e9lfia com um toque de frutos do mar, coquet\u00e9is exclusivos e, claro, as boas vibra\u00e7\u00f5es que voc\u00ea conhece e ama para a comunidade de Wildwood\u201d, dizia o post. . <\/p>\n<p class=\"article__paragraph article__paragraph--left\" id=\"SLXXMHBS6REFLK3DV6APSP6Q5A\">A postagem inclu\u00eda uma apresenta\u00e7\u00e3o de slides do que pareciam ser imagens de renderiza\u00e7\u00f5es do pr\u00e9dio com pintura nova e t\u00e9rreo reformado. <\/p>\n<p class=\"article__paragraph article__paragraph--left\" id=\"P3Z52QVAFZH5TA6EQQLZHNNFD4\">Ennis disse na quarta-feira que os propriet\u00e1rios pretendem inaugurar em 1\u00ba de maio. <\/p>\n<p class=\"article__paragraph article__paragraph--left\" id=\"2V4QVGEEYNEJ7NPPDAXNUKIPXY\">\u201cFizemos um projeto muito semelhante em Manyunk com o bar, onde pegamos um local mais antigo e escuro e o transformamos em um espa\u00e7o com mais luz\u201d, disse Ennis por telefone. Estamos planejando fazer a mesma coisa em Wildwood; traga um pouco de luz e personalidade para o bar. <\/p>\n<p class=\"article__paragraph article__paragraph--left\" id=\"BXIXIGWNFZBULMBMYKNNDR6XI4\">O card\u00e1pio contar\u00e1 com pratos favoritos do pub, como cheesesteaks e hamb\u00fargueres, mas tamb\u00e9m incluir\u00e1 uma se\u00e7\u00e3o mais refinada, disse Ennis. Ele acrescentou que o pub tamb\u00e9m pretende oferecer caf\u00e9 da manh\u00e3 e brunch. <\/p>\n<figure class=\"article__image\">\n<div class=\"article__image-wrapper\"><picture><source media=\"(max-width: 500px)\" srcset=\"https:\/\/www.nj.com\/resizer\/v2\/HEHXUULICVAA3K2XXYT35AK6UU.png?auth=cf0f38ed433238b04ce94c5b77dfe4d2b165552e5d9657accd80220ce77080b5&#038;width=500&#038;quality=90 500w\"\/><source media=\"(max-width: 800px)\" srcset=\"https:\/\/www.nj.com\/resizer\/v2\/HEHXUULICVAA3K2XXYT35AK6UU.png?auth=cf0f38ed433238b04ce94c5b77dfe4d2b165552e5d9657accd80220ce77080b5&#038;width=800&#038;quality=90 800w\"\/><source srcset=\"https:\/\/www.nj.com\/resizer\/v2\/HEHXUULICVAA3K2XXYT35AK6UU.png?auth=cf0f38ed433238b04ce94c5b77dfe4d2b165552e5d9657accd80220ce77080b5&#038;width=1280&#038;quality=90 1280w\"\/><\/picture><figcaption class=\"article__image-caption\">\n<p class=\"article__mm-image-caption-text\">Goodnight Irene&#8217;s anunciou que fecharia neste fim de semana, ap\u00f3s 17 anos no mercado.<span class=\"article__mm-image-credit\">Google Mapas<\/span><\/p>\n<\/figcaption><\/div>\n<\/figure>\n<p class=\"article__paragraph article__paragraph--left\" id=\"LPUY3D5NN5HF5NOENHPLFQRBSQ\">Boa noite Irene <a href=\"https:\/\/www.nj.com\/cape-may-county\/2024\/11\/popular-jersey-shore-bar-closing-this-weekend-after-17-years.html\" target=\"_blank\" rel=\"\" title=\"https:\/\/www.nj.com\/cape-may-county\/2024\/11\/popular-jersey-shore-bar-closing-this-weekend-after-17-years.html\">fechado em 17 de novembro de 2024<\/a> ap\u00f3s 17 anos no mercado na esquina das avenidas Pacific e East Poplar. <\/p>\n<p class=\"article__paragraph article__paragraph--left\" id=\"N2VPWZI7UBAB5GKSXK23M6NIAY\">\u201cDepois de 17 anos incr\u00edveis, este fim de semana ser\u00e1 infelizmente o nosso \u00faltimo\u201d, anunciou o bar <a href=\"https:\/\/www.facebook.com\/share\/p\/1T4AJZxjXb\/\" target=\"_blank\">em uma postagem no Facebook<\/a> novembro passado. \u201cN\u00f3s apreciamos todos voc\u00eas mais do que voc\u00eas imaginam.\u201d<\/p>\n<p class=\"article__paragraph article__paragraph--left\" id=\"2ZGLBOG2IJD6NPYWQJOAFWVSIM\">Goodnight Irene&#8217;s serviu uma variedade de bebidas e ofereceu pizzas em forno de tijolos e outras comidas de bar. O local tamb\u00e9m j\u00e1 foi conhecido como Poplar Cafe.<\/p>\n<section class=\"Stories-By-Author-module_wrapper__ezbcK Stories-By-Author-module_nj__Ap1-Y\"\/>\n<p class=\"article__paragraph article__paragraph--left\" id=\"JW6C35TJ5ZD2BMZIV6PXEJH3CA\"><i>Nosso jornalismo precisa do seu apoio. Por favor, inscreva-se hoje para <\/i><a href=\"http:\/\/nj.com\/\"><i>NJ.com<\/i><\/a><i>.<\/i><\/p>\n<p class=\"article__paragraph article__paragraph--left\" id=\"ZONKXJCVDNDOZIWGQV6YHNTUMU\"><i>Matthew Enuco pode ser contatado em <\/i><a href=\"https:\/\/www.nj.com\/cape-may-county\/2025\/01\/mailto:Menuco@njadvancemedia.com\"><i>Menuco@njadvancemedia.com<\/i><\/a>. <i>Seguir <\/i><a href=\"https:\/\/twitter.com\/MediaManMatt\" title=\"https:\/\/twitter.com\/MediaManMatt\"><i>Matt no X<\/i><\/a><i>.<\/i><\/p>\n<\/div>\n<p><script async src=\"\/\/platform.twitter.com\/widgets.js\" charset=\"utf-8\"><\/script><script async src=\"\/\/www.instagram.com\/embed.js\"><\/script><br \/>\n<br \/><br \/>\n<br \/><a href=\"https:\/\/www.nj.com\/cape-may-county\/2025\/01\/new-pub-to-open-at-site-of-shuttered-jersey-shore-bar.html\">Source link <\/a><\/p>","protected":false},"excerpt":{"rendered":"<p>As reformas j\u00e1 est\u00e3o em andamento para um novo pub que dever\u00e1 ser transferido para o antigo Goodnight Irene&#8217;s em Wildwood nesta primavera. A Torre, um bar e restaurante na&hellip;<\/p>","protected":false},"author":1,"featured_media":89716,"comment_status":"closed","ping_status":"open","sticky":false,"template":"","format":"standard","meta":{"content-type":"","footnotes":""},"categories":[1],"tags":[],"class_list":["post-89715","post","type-post","status-publish","format-standard","has-post-thumbnail","hentry","category-uncategorized"],"_links":{"self":[{"href":"https:\/\/tvbrazilusa.com\/pt\/wp-json\/wp\/v2\/posts\/89715","targetHints":{"allow":["GET"]}}],"collection":[{"href":"https:\/\/tvbrazilusa.com\/pt\/wp-json\/wp\/v2\/posts"}],"about":[{"href":"https:\/\/tvbrazilusa.com\/pt\/wp-json\/wp\/v2\/types\/post"}],"author":[{"embeddable":true,"href":"https:\/\/tvbrazilusa.com\/pt\/wp-json\/wp\/v2\/users\/1"}],"replies":[{"embeddable":true,"href":"https:\/\/tvbrazilusa.com\/pt\/wp-json\/wp\/v2\/comments?post=89715"}],"version-history":[{"count":1,"href":"https:\/\/tvbrazilusa.com\/pt\/wp-json\/wp\/v2\/posts\/89715\/revisions"}],"predecessor-version":[{"id":89717,"href":"https:\/\/tvbrazilusa.com\/pt\/wp-json\/wp\/v2\/posts\/89715\/revisions\/89717"}],"wp:featuredmedia":[{"embeddable":true,"href":"https:\/\/tvbrazilusa.com\/pt\/wp-json\/wp\/v2\/media\/89716"}],"wp:attachment":[{"href":"https:\/\/tvbrazilusa.com\/pt\/wp-json\/wp\/v2\/media?parent=89715"}],"wp:term":[{"taxonomy":"category","embeddable":true,"href":"https:\/\/tvbrazilusa.com\/pt\/wp-json\/wp\/v2\/categories?post=89715"},{"taxonomy":"post_tag","embeddable":true,"href":"https:\/\/tvbrazilusa.com\/pt\/wp-json\/wp\/v2\/tags?post=89715"}],"curies":[{"name":"wp","href":"https:\/\/api.w.org\/{rel}","templated":true}]}}