{"id":89718,"date":"2025-01-09T16:10:45","date_gmt":"2025-01-09T16:10:45","guid":{"rendered":"https:\/\/tvbrazilusa.com\/2025\/01\/09\/pf-e-policia-do-df-investigam-ameacas-de-morte-a-lula-e-moraes-com-uso-de-granada\/"},"modified":"2025-01-09T16:10:46","modified_gmt":"2025-01-09T16:10:46","slug":"pf-e-policia-do-df-investigam-ameacas-de-morte-a-lula-e-moraes-com-uso-de-granada","status":"publish","type":"post","link":"https:\/\/tvbrazilusa.com\/pt\/2025\/01\/09\/pf-e-policia-do-df-investigam-ameacas-de-morte-a-lula-e-moraes-com-uso-de-granada\/","title":{"rendered":"PF e Pol\u00edcia do DF investigam amea\u00e7as de morte a Lula e Moraes com uso de granada"},"content":{"rendered":"<p> <script async src=\"https:\/\/pagead2.googlesyndication.com\/pagead\/js\/adsbygoogle.js?client=ca-pub-8864793242727901\"\r\n     crossorigin=\"anonymous\"><\/script><br \/>\n<\/p>\n<div id=\"taboola-read-more\" style=\"display:block; width:100%\">\n<p>A Pol\u00edcia Federal e a Pol\u00edcia Civil do Distrito Federal investigam novas amea\u00e7as de morte contra o presidente Luiz In\u00e1cio Lula da Silva (PT) e o ministro Alexandre de Moraes, do Supremo Tribunal Federal (STF).\n<\/p>\n<p>O suposto ataque, de acordo com a den\u00fancia apurada preliminarmente, estaria previsto para este m\u00eas e seria colocado em pr\u00e1tica com o uso de explosivos, granadas e um fuzil Barrett, utilizado por atiradores de elite e com poder b\u00e9lico para derrubar helic\u00f3pteros.<\/p>\n<p>Investigadores explicam que todas as amea\u00e7as desse g\u00eanero s\u00e3o tratadas como verdadeiras. A busca neste momento \u00e9 para identificar os autores, os participantes e os meios empregados nesse poss\u00edvel atentado.\n<\/p>\n<p>O caso come\u00e7ou a ser apurado h\u00e1 uma semana e est\u00e1 sob sigilo na rec\u00e9m-criada Divis\u00e3o de Prote\u00e7\u00e3o e Combate ao Extremismo Violento (Dpcev), da PCDF, e na Divis\u00e3o de Intelig\u00eancia Policial (DIP), da PF.\n<\/p>\n<p>Na \u00faltima semana de 2024, a Pol\u00edcia Civil do DF prendeu um homem, de 30 anos, suspeito de planejar ataques em Bras\u00edlia. O homem foi preso na Bahia ap\u00f3s o caminh\u00e3o em que estava de carona ter sido interceptado por um helic\u00f3ptero da Pol\u00edcia Civil.\n<\/p>\n<p>Play Vdeo<br \/>A investiga\u00e7\u00e3o come\u00e7ou ap\u00f3s den\u00fancias an\u00f4nimas. A corpora\u00e7\u00e3o informou que o suspeito foi monitorado e teve a pris\u00e3o tempor\u00e1ria e \u201coutras medidas judiciais\u201d solicitadas.\n<\/p>\n<p>Um outro caso, na mesma semana, teve in\u00edcio quando um suspeito estacionou um carro no quartel do Comando-Geral da Pol\u00edcia Militar do DF, no Setor Policial de Bras\u00edlia, e afirmou estar com dispositivos que detonariam as sedes dos comandos da Pol\u00edcia Militar e da Pol\u00edcia Federal (PF).\n<\/p>\n<p>Em novembro, um homem-bomba se explodiu em frente ao Supremo Tribunal Federal e que tinha, segundo depoimentos de testemunhas \u00e0 PF, plano para matar o ministro Moraes.\n<\/p>\n<p>A CNN procurou a Secretaria de Comunica\u00e7\u00e3o da Presid\u00eancia da Rep\u00fablica e a assessoria do STF, mas n\u00e3o teve retorno.<\/p>\n<p>Fonte: CNN Brasil              <\/p>\n<\/div>\n<p><br \/>\n<br \/><a href=\"https:\/\/diariodobrasilnoticias.com.br\/noticia\/pf-e-policia-do-df-investigam-ameacas-de-morte-a-lula-e-moraes-com-uso-de-granada-677fcd39a10dc\">Source link <\/a><\/p>","protected":false},"excerpt":{"rendered":"<p>A Pol\u00edcia Federal e a Pol\u00edcia Civil do Distrito Federal investigam novas amea\u00e7as de morte contra o presidente Luiz In\u00e1cio Lula da Silva (PT) e o ministro Alexandre de Moraes,&hellip;<\/p>","protected":false},"author":1,"featured_media":89719,"comment_status":"closed","ping_status":"open","sticky":false,"template":"","format":"standard","meta":{"content-type":"","footnotes":""},"categories":[16],"tags":[123,2448,5313,1267],"class_list":["post-89718","post","type-post","status-publish","format-standard","has-post-thumbnail","hentry","category-noticias","tag-brasil","tag-diario","tag-noticia","tag-noticias"],"_links":{"self":[{"href":"https:\/\/tvbrazilusa.com\/pt\/wp-json\/wp\/v2\/posts\/89718","targetHints":{"allow":["GET"]}}],"collection":[{"href":"https:\/\/tvbrazilusa.com\/pt\/wp-json\/wp\/v2\/posts"}],"about":[{"href":"https:\/\/tvbrazilusa.com\/pt\/wp-json\/wp\/v2\/types\/post"}],"author":[{"embeddable":true,"href":"https:\/\/tvbrazilusa.com\/pt\/wp-json\/wp\/v2\/users\/1"}],"replies":[{"embeddable":true,"href":"https:\/\/tvbrazilusa.com\/pt\/wp-json\/wp\/v2\/comments?post=89718"}],"version-history":[{"count":1,"href":"https:\/\/tvbrazilusa.com\/pt\/wp-json\/wp\/v2\/posts\/89718\/revisions"}],"predecessor-version":[{"id":89720,"href":"https:\/\/tvbrazilusa.com\/pt\/wp-json\/wp\/v2\/posts\/89718\/revisions\/89720"}],"wp:featuredmedia":[{"embeddable":true,"href":"https:\/\/tvbrazilusa.com\/pt\/wp-json\/wp\/v2\/media\/89719"}],"wp:attachment":[{"href":"https:\/\/tvbrazilusa.com\/pt\/wp-json\/wp\/v2\/media?parent=89718"}],"wp:term":[{"taxonomy":"category","embeddable":true,"href":"https:\/\/tvbrazilusa.com\/pt\/wp-json\/wp\/v2\/categories?post=89718"},{"taxonomy":"post_tag","embeddable":true,"href":"https:\/\/tvbrazilusa.com\/pt\/wp-json\/wp\/v2\/tags?post=89718"}],"curies":[{"name":"wp","href":"https:\/\/api.w.org\/{rel}","templated":true}]}}