{"id":89721,"date":"2025-01-09T15:57:41","date_gmt":"2025-01-09T15:57:41","guid":{"rendered":"https:\/\/tvbrazilusa.com\/2025\/01\/09\/comissarios-de-fernandina-beach-demitem-advogado-municipal-jacksonville-hoje\/"},"modified":"2025-01-09T16:14:21","modified_gmt":"2025-01-09T16:14:21","slug":"comissarios-de-fernandina-beach-demitem-advogado-municipal-jacksonville-hoje","status":"publish","type":"post","link":"https:\/\/tvbrazilusa.com\/pt\/2025\/01\/09\/comissarios-de-fernandina-beach-demitem-advogado-municipal-jacksonville-hoje\/","title":{"rendered":"Comiss\u00e1rios de Fernandina Beach demitem advogado municipal | Jacksonville hoje"},"content":{"rendered":"<p> <script async src=\"https:\/\/pagead2.googlesyndication.com\/pagead\/js\/adsbygoogle.js?client=ca-pub-8864793242727901\"\r\n     crossorigin=\"anonymous\"><\/script><br \/>\n<\/p>\n<div>\n<p>A cidade de <a href=\"https:\/\/jaxtoday.org\/2024\/11\/15\/fernandina-beach-recount\/\">Praia Fernandina<\/a> precisa de um novo procurador municipal.<\/p>\n<p>Os comiss\u00e1rios votaram na ter\u00e7a-feira pela demiss\u00e3o da procuradora municipal Tammi Bach.<\/p>\n<p>N\u00e3o foi a primeira vez que algo assim aconteceu. Quase dois anos atr\u00e1s, os comiss\u00e1rios votaram pela demiss\u00e3o do gerente municipal Dale Martin.<\/p>\n<p>Desta vez, o comiss\u00e1rio Tim Poynter fez uma mo\u00e7\u00e3o para demitir Bach, citando sua falta de confian\u00e7a nela.<\/p>\n<p>\u201cN\u00e3o \u00e9 uma coisa pessoal\u201d, disse Poynter. \u201c\u00c9 o que acredito ser do melhor interesse da comunidade. Acho que a comunidade e a cidade fariam bem em mudar e tirar a pol\u00edtica do departamento jur\u00eddico. \u00c9 por isso que estou fazendo esta mo\u00e7\u00e3o.\u201d<\/p>\n<p>Bach \u00e9 o oficial licenciado com mais tempo de servi\u00e7o e o funcion\u00e1rio municipal mais bem pago. Ela se tornou procuradora municipal em novembro de 2007. Bach n\u00e3o se dirigiu \u00e0 comiss\u00e3o antes da vota\u00e7\u00e3o.<\/p>\n<p>O vice-prefeito Darron Ayscue foi a \u00fanica pessoa a votar contra a medida. Ele disse que n\u00e3o concordava com a forma como o caso de Martin foi tratado em 2023 e que sente o mesmo em rela\u00e7\u00e3o \u00e0 situa\u00e7\u00e3o de Bach agora.<\/p>\n<p>\u201cFoi um erro a maneira como fizemos, e isso \u00e9 um erro absoluto agora\u201d, disse Ayscue. \u201cH\u00e1 menos de dois anos, nem aprendemos como lidar adequadamente com nossos oficiais licenciados e seu emprego.\u201d<\/p>\n<p>Martin foi demitido de forma semelhante em fevereiro de 2023, depois que o ex-comiss\u00e1rio David Sturges disse que tinha uma \u201clista de motivos\u201d pelos quais acreditava que Martin deveria ser demitido.<\/p>\n<p>A decis\u00e3o de demitir Bach deixa a cidade sem advogado em meio a diversas batalhas judiciais.<\/p>\n<p><a href=\"https:\/\/www.fernandinaobserver.org\/stories\/late-night-stunner-commission-fires-city-attorney,42105\" target=\"_blank\" rel=\"noreferrer noopener nofollow\">Segundo o Observador Fernandina<\/a>uma dessas quest\u00f5es envolve a negocia\u00e7\u00e3o de um acordo pela cidade com os arrendat\u00e1rios do Brett&#8217;s Waterway Cafe.<\/p>\n<p>O caso trata de danos, incluindo perda de receitas depois que a cidade declarou que uma parte do edif\u00edcio era insegura.<\/p>\n<p>O Observador Fernandina afirma que Bach disse \u00e0 comiss\u00e3o em agosto de 2024 que a cidade era parcialmente culpada pela situa\u00e7\u00e3o.<\/p>\n<p>Bach estar\u00e1 em licen\u00e7a administrativa por 30 dias antes de ser oficialmente demitida.<\/p>\n<p><em>Esta hist\u00f3ria foi produzida por <a href=\"https:\/\/www.news4jax.com\/\" rel=\"nofollow noopener\" target=\"_blank\">News4Jax<\/a>um <\/em>Jacksonville hoje<em> parceiro de not\u00edcias.<\/em><\/p>\n<\/div>\n<p><br \/>\n<br \/><a href=\"https:\/\/jaxtoday.org\/2025\/01\/09\/fernandina-beach-city-attorney-fired\/\">Source link <\/a><\/p>","protected":false},"excerpt":{"rendered":"<p>A cidade de Praia Fernandina precisa de um novo procurador municipal. Os comiss\u00e1rios votaram na ter\u00e7a-feira pela demiss\u00e3o da procuradora municipal Tammi Bach. N\u00e3o foi a primeira vez que algo&hellip;<\/p>","protected":false},"author":1,"featured_media":89722,"comment_status":"closed","ping_status":"open","sticky":false,"template":"","format":"standard","meta":{"content-type":"","footnotes":""},"categories":[1],"tags":[],"class_list":["post-89721","post","type-post","status-publish","format-standard","has-post-thumbnail","hentry","category-uncategorized"],"_links":{"self":[{"href":"https:\/\/tvbrazilusa.com\/pt\/wp-json\/wp\/v2\/posts\/89721","targetHints":{"allow":["GET"]}}],"collection":[{"href":"https:\/\/tvbrazilusa.com\/pt\/wp-json\/wp\/v2\/posts"}],"about":[{"href":"https:\/\/tvbrazilusa.com\/pt\/wp-json\/wp\/v2\/types\/post"}],"author":[{"embeddable":true,"href":"https:\/\/tvbrazilusa.com\/pt\/wp-json\/wp\/v2\/users\/1"}],"replies":[{"embeddable":true,"href":"https:\/\/tvbrazilusa.com\/pt\/wp-json\/wp\/v2\/comments?post=89721"}],"version-history":[{"count":1,"href":"https:\/\/tvbrazilusa.com\/pt\/wp-json\/wp\/v2\/posts\/89721\/revisions"}],"predecessor-version":[{"id":89723,"href":"https:\/\/tvbrazilusa.com\/pt\/wp-json\/wp\/v2\/posts\/89721\/revisions\/89723"}],"wp:featuredmedia":[{"embeddable":true,"href":"https:\/\/tvbrazilusa.com\/pt\/wp-json\/wp\/v2\/media\/89722"}],"wp:attachment":[{"href":"https:\/\/tvbrazilusa.com\/pt\/wp-json\/wp\/v2\/media?parent=89721"}],"wp:term":[{"taxonomy":"category","embeddable":true,"href":"https:\/\/tvbrazilusa.com\/pt\/wp-json\/wp\/v2\/categories?post=89721"},{"taxonomy":"post_tag","embeddable":true,"href":"https:\/\/tvbrazilusa.com\/pt\/wp-json\/wp\/v2\/tags?post=89721"}],"curies":[{"name":"wp","href":"https:\/\/api.w.org\/{rel}","templated":true}]}}