{"id":89727,"date":"2025-01-09T16:23:17","date_gmt":"2025-01-09T16:23:17","guid":{"rendered":"https:\/\/tvbrazilusa.com\/2025\/01\/09\/algodao-doce-e-por-do-sol-meta-altera-os-nomes-de-temas-lgbtqia-no-messenger\/"},"modified":"2025-01-09T16:23:18","modified_gmt":"2025-01-09T16:23:18","slug":"algodao-doce-e-por-do-sol-meta-altera-os-nomes-de-temas-lgbtqia-no-messenger","status":"publish","type":"post","link":"https:\/\/tvbrazilusa.com\/pt\/2025\/01\/09\/algodao-doce-e-por-do-sol-meta-altera-os-nomes-de-temas-lgbtqia-no-messenger\/","title":{"rendered":"&#8216;Algod\u00e3o doce&#8217; e &#8216;p\u00f4r do sol&#8217;: Meta altera os nomes de temas LGBTQIA+ no Messenger"},"content":{"rendered":"<p> <script async src=\"https:\/\/pagead2.googlesyndication.com\/pagead\/js\/adsbygoogle.js?client=ca-pub-8864793242727901\"\r\n     crossorigin=\"anonymous\"><\/script><br \/>\n<\/p>\n<div id=\"taboola-read-more\" style=\"display:block; width:100%\">\n<p>Al\u00e9m de derrubar parte das prote\u00e7\u00f5es contra discurso ofensivo a grupos minorit\u00e1rios, na ter\u00e7a-feira (7), a Meta alterou o nome de temas do aplicativo de mensagens Messenger com refer\u00eancias \u00e0 comunidade LGBTQIA+.\n<\/p>\n<p>Os temas s\u00e3o uma op\u00e7\u00e3o de mudar as cores dos elementos em um bate-papo com uma pessoa espec\u00edfica. O antigo tema orgulho, por exemplo, caracterizado pelas cores da bandeira LGBTQIA+, passou a receber o nome arco-\u00edris.<\/p>\n<p>O mesmo ocorreu com os temas da bandeira transg\u00eanero (com as cores azul, rosa e branco) e da n\u00e3o-bin\u00e1rio (amarelo, branco, roxo e preto), que passaram a se chamar respectivamente algod\u00e3o doce e p\u00f4r do sol dourado. A informa\u00e7\u00e3o foi revelada pelo site N\u00facleo Jornalismo e confirmada pela Folha\n<\/p>\n<p>Procurada, a Meta n\u00e3o respondeu ao questionamento da reportagem. A mudan\u00e7a ocorreu em parte dos dispositivos em que a reportagem fez testes, enquanto outros aparelhos continuam a exibir os nomes antigos.\n<\/p>\n<p>A imagem apresenta tr\u00eas paletas de cores verticais. A primeira paleta, intitulada &#8216;Arco-\u00edris&#8217;, exibe um gradiente de cores que vai do vermelho ao roxo. A segunda paleta, chamada &#8216;P\u00f4r do sol dou&#8230;&#8217;, apresenta um gradiente que transita do amarelo ao roxo. A terceira paleta, intitulada &#8216;Algod\u00e3o doce&#8217;, mostra um gradiente suave que vai do rosa ao azul claro.\n<\/p>\n<p>Os temas voltados ao p\u00fablico LGBTQIA+ fizeram parte de a\u00e7\u00e3o de marketing da Meta lan\u00e7ada em maio de 2022, durante as prepara\u00e7\u00f5es para o M\u00eas do Orgulho, celebrado em junho.\n<\/p>\n<p>A escolha da data faz refer\u00eancia \u00e0 revolta de Stonewall, quando homens e mulheres homossexuais protestaram resistiram a uma batida policial. O alvo da opera\u00e7\u00e3o eram locais frequentados por &#8220;doentes mentais&#8221; \u2014forma discriminat\u00f3ria como pessoas LGBTQIA+ eram descritas pela Associa\u00e7\u00e3o Americana de Psican\u00e1lise \u00e0 \u00e9poca.\n<\/p>\n<p>Na ter\u00e7a, a Meta alterou as diretrizes da comunidade para aceitar publica\u00e7\u00f5es de conte\u00fado discriminat\u00f3rio por g\u00eanero ou orienta\u00e7\u00e3o sexual, desde que justificadas por cren\u00e7as religiosas ou pol\u00edticas.\n<\/p>\n<p>O documento, que vale para Facebook, Instagram e Threads, afirma que a empresa permite &#8220;alega\u00e7\u00f5es de doen\u00e7a mental ou anormalidade com base em g\u00eanero ou orienta\u00e7\u00e3o sexual, considerando o discurso pol\u00edtico e religioso sobre transexualidade e homossexualidade&#8221;.\n<\/p>\n<p>Ainda abre espa\u00e7o para dizer que mulheres n\u00e3o devem ter permiss\u00e3o para atuar em empregos militares e policiais, ou que homens n\u00e3o podem ensinar matem\u00e1tica por serem homens ou gays.\n<\/p>\n<p>&#8220;A liberdade de express\u00e3o que eles defendem \u00e9, na verdade, liberdade de opress\u00e3o para invisibilizar tudo aquilo que n\u00e3o agrada a pol\u00edtica de Donald Trump e da extrema-direita&#8221;, escreveu no X (ex-Twitter) o professor de comunica\u00e7\u00e3o da Unisinos (Universidade do Vale do Rio dos Sinos) Chris Gonzatti.\n<\/p>\n<p>A empresa, por outro lado, ainda mant\u00e9m uma p\u00e1gina com instru\u00e7\u00f5es de seguran\u00e7a para mulheres e membros da comunidade LGBTQIA+. &#8220;Fazemos parcerias com organiza\u00e7\u00f5es de seguran\u00e7a e defesa dos direitos LGBTQ+ ao redor do mundo para desenvolver pol\u00edticas e criar ferramentas que promovam um ambiente online mais seguro.&#8221;<\/p>\n<p>Fonte: Folha de S. Paulo              <\/p>\n<\/div>\n<p><br \/>\n<br \/><a href=\"https:\/\/diariodobrasilnoticias.com.br\/noticia\/-algodao-doce-e-por-do-sol-meta-altera-os-nomes-de-temas-lgbtqia-no-messenger-677fd33454c22\">Source link <\/a><\/p>","protected":false},"excerpt":{"rendered":"<p>Al\u00e9m de derrubar parte das prote\u00e7\u00f5es contra discurso ofensivo a grupos minorit\u00e1rios, na ter\u00e7a-feira (7), a Meta alterou o nome de temas do aplicativo de mensagens Messenger com refer\u00eancias \u00e0&hellip;<\/p>","protected":false},"author":1,"featured_media":89728,"comment_status":"closed","ping_status":"open","sticky":false,"template":"","format":"standard","meta":{"content-type":"","footnotes":""},"categories":[16],"tags":[123,2448,5313,1267],"class_list":["post-89727","post","type-post","status-publish","format-standard","has-post-thumbnail","hentry","category-noticias","tag-brasil","tag-diario","tag-noticia","tag-noticias"],"_links":{"self":[{"href":"https:\/\/tvbrazilusa.com\/pt\/wp-json\/wp\/v2\/posts\/89727","targetHints":{"allow":["GET"]}}],"collection":[{"href":"https:\/\/tvbrazilusa.com\/pt\/wp-json\/wp\/v2\/posts"}],"about":[{"href":"https:\/\/tvbrazilusa.com\/pt\/wp-json\/wp\/v2\/types\/post"}],"author":[{"embeddable":true,"href":"https:\/\/tvbrazilusa.com\/pt\/wp-json\/wp\/v2\/users\/1"}],"replies":[{"embeddable":true,"href":"https:\/\/tvbrazilusa.com\/pt\/wp-json\/wp\/v2\/comments?post=89727"}],"version-history":[{"count":1,"href":"https:\/\/tvbrazilusa.com\/pt\/wp-json\/wp\/v2\/posts\/89727\/revisions"}],"predecessor-version":[{"id":89729,"href":"https:\/\/tvbrazilusa.com\/pt\/wp-json\/wp\/v2\/posts\/89727\/revisions\/89729"}],"wp:featuredmedia":[{"embeddable":true,"href":"https:\/\/tvbrazilusa.com\/pt\/wp-json\/wp\/v2\/media\/89728"}],"wp:attachment":[{"href":"https:\/\/tvbrazilusa.com\/pt\/wp-json\/wp\/v2\/media?parent=89727"}],"wp:term":[{"taxonomy":"category","embeddable":true,"href":"https:\/\/tvbrazilusa.com\/pt\/wp-json\/wp\/v2\/categories?post=89727"},{"taxonomy":"post_tag","embeddable":true,"href":"https:\/\/tvbrazilusa.com\/pt\/wp-json\/wp\/v2\/tags?post=89727"}],"curies":[{"name":"wp","href":"https:\/\/api.w.org\/{rel}","templated":true}]}}