{"id":89739,"date":"2025-01-09T16:48:41","date_gmt":"2025-01-09T16:48:41","guid":{"rendered":"https:\/\/tvbrazilusa.com\/2025\/01\/09\/estudo-revela-que-beber-cafe-neste-horario-pode-prolongar-sua-vida-e-proteger-o-coracao-saiba-qual\/"},"modified":"2025-01-09T16:48:43","modified_gmt":"2025-01-09T16:48:43","slug":"estudo-revela-que-beber-cafe-neste-horario-pode-prolongar-sua-vida-e-proteger-o-coracao-saiba-qual","status":"publish","type":"post","link":"https:\/\/tvbrazilusa.com\/pt\/2025\/01\/09\/estudo-revela-que-beber-cafe-neste-horario-pode-prolongar-sua-vida-e-proteger-o-coracao-saiba-qual\/","title":{"rendered":"Estudo revela que beber caf\u00e9 neste hor\u00e1rio pode prolongar sua vida e proteger o cora\u00e7\u00e3o; saiba qual"},"content":{"rendered":"<p> <script async src=\"https:\/\/pagead2.googlesyndication.com\/pagead\/js\/adsbygoogle.js?client=ca-pub-8864793242727901\"\r\n     crossorigin=\"anonymous\"><\/script><br \/>\n<\/p>\n<div>\n<figure class=\"post-image\">\n<\/figure>\n<p>            <span style=\"font-size: 12px\">Cr\u00e9ditos: depositphotos.com \/ ArturVerkhovetskiy<\/span><\/p>\n<p>            <!-- end metas --><br \/>\n            <!-- ADS --><\/p>\n<div id=\"taboola-read-more\" style=\"display:block; width:100%\">\n<p>Um estudo realizado nos Estados Unidos revelou que beber caf\u00e9 na parte da manh\u00e3 pode ter um efeito positivo na sa\u00fade. De acordo com a pesquisa, aqueles que consumiam caf\u00e9 matinalmente apresentaram uma redu\u00e7\u00e3o de 16% no risco de morte por qualquer causa e 31% menos chance de \u00f3bito por doen\u00e7as cardiovasculares em compara\u00e7\u00e3o aos que n\u00e3o consumiam caf\u00e9. Curiosamente, esses benef\u00edcios n\u00e3o foram observados em pessoas que bebiam ao longo do dia inteiro.\n<\/p>\n<p>O professor Lu Qi, da Escola de Sa\u00fade P\u00fablica de Harvard e um dos respons\u00e1veis pelo estudo, destacou que os resultados indicam que n\u00e3o apenas o consumo de caf\u00e9 \u00e9 importante, mas tamb\u00e9m o hor\u00e1rio em que ele \u00e9 ingerido. Este foi o primeiro estudo a avaliar o impacto do tempo de consumo da bebida na sa\u00fade humana.<\/p>\n<p>Como o Caf\u00e9 se Relaciona com a Sa\u00fade Cardiovascular?\n<\/p>\n<p>Embora o estudo n\u00e3o tenha identificado a raz\u00e3o exata pela qual o caf\u00e9 matinal reduz o risco de doen\u00e7as cardiovasculares, Lu Qi sugere uma poss\u00edvel explica\u00e7\u00e3o relacionada ao ciclo circadiano. O caf\u00e9 tomado \u00e0 tarde ou \u00e0 noite pode interromper ritmos circadianos e n\u00edveis hormonais, como a melatonina, influenciando assim a sa\u00fade cardiovascular.\n<\/p>\n<\/p><\/div>\n<p>                        <!-- Scripts para conteudo --><\/p>\n<p>            <!-- .\/Scripts para conteudo --><br \/>\n            <!-- .\/Mat\u00e9ria --><\/p>\n<div class=\"row mt-3\">\n<div class=\"col-sm-6\">\n                <!-- Whatsapp channel 3--><br \/>\n                <a href=\"https:\/\/chat.whatsapp.com\/B8Qy6Erx4kb6yTzj3kaDco\" target=\"_blank\"><br \/>\n                  <img decoding=\"async\" src=\"https:\/\/diariodobrasilnoticias.com.br\/assets-site\/images\/bot_whatsapp.png\"\/><\/a>\n              <\/div>\n<div class=\"col-sm-6\">\n                <a href=\"https:\/\/t.me\/+_4gTmi5LKo03OTM5\" target=\"_blank\"><br \/>\n                  <img decoding=\"async\" src=\"https:\/\/diariodobrasilnoticias.com.br\/assets-site\/images\/bot_telegram.png\"\/><\/a>\n              <\/div>\n<\/p><\/div>\n<p>            <!-- end post-navigation --><\/p>\n<p>              <!-- end row --><\/p>\n<p>              <!-- end col-12-->\n                      <\/div>\n<p><br \/>\n<br \/><a href=\"https:\/\/diariodobrasilnoticias.com.br\/noticia\/estudo-revela-que-beber-cafe-neste-horario-pode-prolongar-sua-vida-e-proteger-o-coracao-saiba-qual-677fd3a58d659\">Source link <\/a><\/p>","protected":false},"excerpt":{"rendered":"<p>Cr\u00e9ditos: depositphotos.com \/ ArturVerkhovetskiy Um estudo realizado nos Estados Unidos revelou que beber caf\u00e9 na parte da manh\u00e3 pode ter um efeito positivo na sa\u00fade. De acordo com a pesquisa,&hellip;<\/p>","protected":false},"author":1,"featured_media":89740,"comment_status":"closed","ping_status":"open","sticky":false,"template":"","format":"standard","meta":{"content-type":"","footnotes":""},"categories":[16],"tags":[123,2448,5313,1267],"class_list":["post-89739","post","type-post","status-publish","format-standard","has-post-thumbnail","hentry","category-noticias","tag-brasil","tag-diario","tag-noticia","tag-noticias"],"_links":{"self":[{"href":"https:\/\/tvbrazilusa.com\/pt\/wp-json\/wp\/v2\/posts\/89739","targetHints":{"allow":["GET"]}}],"collection":[{"href":"https:\/\/tvbrazilusa.com\/pt\/wp-json\/wp\/v2\/posts"}],"about":[{"href":"https:\/\/tvbrazilusa.com\/pt\/wp-json\/wp\/v2\/types\/post"}],"author":[{"embeddable":true,"href":"https:\/\/tvbrazilusa.com\/pt\/wp-json\/wp\/v2\/users\/1"}],"replies":[{"embeddable":true,"href":"https:\/\/tvbrazilusa.com\/pt\/wp-json\/wp\/v2\/comments?post=89739"}],"version-history":[{"count":1,"href":"https:\/\/tvbrazilusa.com\/pt\/wp-json\/wp\/v2\/posts\/89739\/revisions"}],"predecessor-version":[{"id":89741,"href":"https:\/\/tvbrazilusa.com\/pt\/wp-json\/wp\/v2\/posts\/89739\/revisions\/89741"}],"wp:featuredmedia":[{"embeddable":true,"href":"https:\/\/tvbrazilusa.com\/pt\/wp-json\/wp\/v2\/media\/89740"}],"wp:attachment":[{"href":"https:\/\/tvbrazilusa.com\/pt\/wp-json\/wp\/v2\/media?parent=89739"}],"wp:term":[{"taxonomy":"category","embeddable":true,"href":"https:\/\/tvbrazilusa.com\/pt\/wp-json\/wp\/v2\/categories?post=89739"},{"taxonomy":"post_tag","embeddable":true,"href":"https:\/\/tvbrazilusa.com\/pt\/wp-json\/wp\/v2\/tags?post=89739"}],"curies":[{"name":"wp","href":"https:\/\/api.w.org\/{rel}","templated":true}]}}