{"id":89745,"date":"2025-01-09T16:42:49","date_gmt":"2025-01-09T16:42:49","guid":{"rendered":"https:\/\/tvbrazilusa.com\/2025\/01\/09\/incendio-em-loja-de-hobby-provavelmente-causado-por-baterias-de-ion-de-litio-dizem-autoridades\/"},"modified":"2025-01-09T16:54:23","modified_gmt":"2025-01-09T16:54:23","slug":"incendio-em-loja-de-hobby-provavelmente-causado-por-baterias-de-ion-de-litio-dizem-autoridades","status":"publish","type":"post","link":"https:\/\/tvbrazilusa.com\/pt\/2025\/01\/09\/incendio-em-loja-de-hobby-provavelmente-causado-por-baterias-de-ion-de-litio-dizem-autoridades\/","title":{"rendered":"Inc\u00eandio em loja de hobby provavelmente causado por baterias de \u00edon de l\u00edtio, dizem autoridades"},"content":{"rendered":"<p> <script async src=\"https:\/\/pagead2.googlesyndication.com\/pagead\/js\/adsbygoogle.js?client=ca-pub-8864793242727901\"\r\n     crossorigin=\"anonymous\"><\/script><br \/>\n<\/p>\n<div id=\"\">\n<header class=\"m-article-header m-article-header--standard\">\n\t\t\t\t\t\t\t\t\t\t\t\t<span id=\"article-header-primary-term\"><br \/>\n\t\t\t\t\t\t\t\t<a class=\"a-term a-term--primary\" href=\"https:\/\/www.boston.com\/tag\/local-news\/\"><\/p>\n<p>\t\t\t\t\t\t\t\tNot\u00edcias locais\t\t\t\t\t\t\t\t<\/a><br \/>\n\t\t\t\t\t\t\t<\/span><\/p>\n<h2 class=\"m-article-header__sub-headline\">\u201cOs danos causados \u200b\u200bpelo fogo e a fuma\u00e7a pesada e t\u00f3xica deste incidente demonstram o qu\u00e3o s\u00e9rios todos n\u00f3s devemos levar a s\u00e9rio a seguran\u00e7a das baterias\u201d, disse o chefe dos bombeiros Jeffrey Osswald em um comunicado.<\/h2>\n<figure class=\"a-photo m-article-header__photo\"><figcaption class=\"a-photo__caption\">\n<p>\tImagens de c\u00e2meras de vigil\u00e2ncia capturam a igni\u00e7\u00e3o de um inc\u00eandio em uma loja de hobby Onset.<em> Departamento de Bombeiros<\/em>\t<\/figcaption><\/figure>\n<\/header>\n<p>Uma loja de hobby da Onset pegou fogo no domingo, provavelmente causada por uma falha nas baterias de \u00edons de l\u00edtio da loja, disseram o chefe dos bombeiros da Onset, Jeffrey Osswald, e o marechal dos bombeiros do estado, Jon Davine, em um comunicado.<\/p>\n<p>Os bombeiros de Onset \u2013 uma pequena vila costeira que faz parte de Wareham, sudeste de Boston \u2013 responderam a uma ativa\u00e7\u00e3o de alarme e uma chamada para o 911 relatando um inc\u00eandio perto da rodovia Cranberry 3086 por volta das 11h40 do dia 5 de janeiro, de acordo com o comunicado. Os bombeiros observaram uma forte fuma\u00e7a e come\u00e7aram a atacar as chamas em dois pr\u00e9dios.<\/p>\n<p>O inc\u00eandio disparou para quatro alarmes e atraiu bombeiros de toda a regi\u00e3o.<\/p>\n<div class=\"m-block t-amp__list-container m-article-list-container m-article-list-container--frame-border a-border-frame  a-list-header__headline--red m-article-list--alternative--default  m-article-list--floated\">\n<ul class=\"t-amp__list a-list--no-style m-article-list m-article-list--recirculation m-article-list--has-images\">\n<li class=\"m-article-list__item m-article-list__item--featured\">\n\t\t\t<a class=\"m-article-list__link-wrapper\" href=\"https:\/\/www.boston.com\/news\/local-news\/2024\/04\/18\/lithium-ion-batteries-caused-50-fires-in-6-months-how-can-you-protect-your-home\/?p1=article_recirc_inline_feature\" data-p1=\"article_recirc_inline_feature\"><br \/>\n\t\t\t\t<img fetchpriority=\"high\" decoding=\"async\" width=\"768\" height=\"432\" src=\"https:\/\/bdc2020.o0bc.com\/wp-content\/uploads\/2023\/03\/4a8d01cc-4aee-4357-ac87-fb99971b5e37-6406ab60ad9c5-768x432.jpg\" class=\"t-amp__list-image m-article-list__image m-article-list__image--full\" alt=\"Um homem usando capacete anda de bicicleta el\u00e9trica.\" aria-hidden=\"true\" srcset=\"https:\/\/bdc2020.o0bc.com\/wp-content\/uploads\/2023\/03\/4a8d01cc-4aee-4357-ac87-fb99971b5e37-6406ab60ad9c5-768x432.jpg?width=200 200w, https:\/\/bdc2020.o0bc.com\/wp-content\/uploads\/2023\/03\/4a8d01cc-4aee-4357-ac87-fb99971b5e37-6406ab60ad9c5-768x432.jpg?width=300 300w, https:\/\/bdc2020.o0bc.com\/wp-content\/uploads\/2023\/03\/4a8d01cc-4aee-4357-ac87-fb99971b5e37-6406ab60ad9c5-768x432.jpg?width=400 400w, https:\/\/bdc2020.o0bc.com\/wp-content\/uploads\/2023\/03\/4a8d01cc-4aee-4357-ac87-fb99971b5e37-6406ab60ad9c5-768x432.jpg?width=500 500w, https:\/\/bdc2020.o0bc.com\/wp-content\/uploads\/2023\/03\/4a8d01cc-4aee-4357-ac87-fb99971b5e37-6406ab60ad9c5-768x432.jpg?width=600 600w, https:\/\/bdc2020.o0bc.com\/wp-content\/uploads\/2023\/03\/4a8d01cc-4aee-4357-ac87-fb99971b5e37-6406ab60ad9c5-768x432.jpg?width=700 700w, https:\/\/bdc2020.o0bc.com\/wp-content\/uploads\/2023\/03\/4a8d01cc-4aee-4357-ac87-fb99971b5e37-6406ab60ad9c5-768x432.jpg?width=800 800w, https:\/\/bdc2020.o0bc.com\/wp-content\/uploads\/2023\/03\/4a8d01cc-4aee-4357-ac87-fb99971b5e37-6406ab60ad9c5-768x432.jpg?width=900 900w\" sizes=\"(max-width: 768px) 100vw, 768px\"\/>\t\t\t\t\t<\/p>\n<p><h4 class=\"m-article-list__headline t-amp__list-headline\">\n\t\t\t\t\t\t\t<span class=\"m-article-list__link a-link a-link--inline a-link--text-link a-link--text-link-dark\"><\/p>\n<p>\t\t\t\t\t\t\tAs baterias de \u00edon-l\u00edtio causaram 50 inc\u00eandios em 6 meses. Como voc\u00ea pode proteger sua casa?\t\t\t\t\t\t\t<\/span><br \/>\n\t\t\t\t\t\t<\/h4>\n<\/p>\n<p>\t\t\t\t<\/a>\n\t\t\t<\/li>\n<\/ul>\n<\/div>\n<p>\u201cOs danos causados \u200b\u200bpelo fogo e a fuma\u00e7a pesada e t\u00f3xica deste incidente demonstram o qu\u00e3o s\u00e9rios todos devemos levar em considera\u00e7\u00e3o a seguran\u00e7a das baterias\u201d, disse Osswald no comunicado.<\/p>\n<p>Osswald disse que as baterias de \u00edons de l\u00edtio est\u00e3o em dispositivos que as pessoas usam todos os dias. As baterias leves e recarreg\u00e1veis \u200b\u200balimentam telefones celulares, laptops, ve\u00edculos el\u00e9tricos, pain\u00e9is solares e outros itens de tecnologia.<\/p>\n<p>Uma investiga\u00e7\u00e3o feita pela Onset Fire Rescue e pela Pol\u00edcia Estadual determinou que a origem do inc\u00eandio estava no canto frontal esquerdo da loja, onde as baterias eram armazenadas e carregadas. Imagens de vigil\u00e2ncia, abaixo, mostram o in\u00edcio do inc\u00eandio.<\/p>\n<figure class=\"wp-block-video\"><video controls=\"\" src=\"https:\/\/www.boston.com\/wp-content\/uploads\/2025\/01\/Onset-480p-677ff5c6c5bd5.mp4\"\/><\/figure>\n<p>Cerca de 135 inc\u00eandios foram causados \u200b\u200bpor baterias de \u00edons de l\u00edtio em Massachusetts no ano passado, disse Davine no comunicado. Osswald e Davine fornecem orienta\u00e7\u00f5es sobre como armazenar, carregar, usar e descartar com seguran\u00e7a dispositivos alimentados por essas baterias:<\/p>\n<ul class=\"wp-block-list\">\n<li>Armazene dispositivos alimentados por bateria de \u00edon de l\u00edtio em temperatura ambiente. Scooters e e-bikes devem ser guardadas ao ar livre.<\/li>\n<li>Ao carregar um dispositivo, conecte o carregador diretamente na parede, guarde-o em uma superf\u00edcie dura e est\u00e1vel e desconecte quando o dispositivo estiver totalmente carregado. N\u00e3o deixe o dispositivo sem supervis\u00e3o.<\/li>\n<li>N\u00e3o use a bateria se houver \u201codor incomum, mudan\u00e7a de cor, mudan\u00e7a de formato, vazamento ou ru\u00eddos estranhos\u201d.<\/li>\n<li>As baterias devem ser recicladas e n\u00e3o jogadas no lixo.<\/li>\n<\/ul>\n<div class=\"m-block m-generic-cta\t m-generic-cta--post-content\t m-generic-cta--dark\t m-generic-cta--homepage\t m-generic-cta--email-signup\t\t m-generic-cta-block-style--default \tt-amp__generic-cta\"><\/p>\n<div class=\"m-generic-cta__wrap\">\n<div class=\"m-generic-cta__content\">\n<h3 class=\"m-generic-cta__title\">Boston.com hoje<\/h3>\n<p class=\"m-generic-cta__subtitle\">Inscreva-se para receber as \u00faltimas manchetes em sua caixa de entrada todas as manh\u00e3s.<\/p>\n<\/p><\/div>\n<\/p><\/div>\n<\/div><\/div>\n<p><script>\n\t\tvar consent=\"grant\";\n\t\t\/* The above code is parsing the JSON data from the local storage and storing it in a variable. *\/\n\t\t\t\t\tconst onetrustStorageConsent = JSON.parse(localStorage.getItem( 'consent_one_trust_bdc' ) );\n\t\t\tif ( ( onetrustStorageConsent !== null ) ) {\n\t\t\t\t\/* Checking to see if the user has consented to the use of cookies.\n\t\t\t\t* If they have not, it is deleting the cookie.\n\t\t\t\t* This will comment for now, until further notice.\n\t\t\t\t*\/\n\t\t\t\t\/\/if ( onetrustStorageConsent.C0002 === false ) {\n\t\t\t\t\/\/\tdocument.cookie=\"_fbp=;expires=Thu, 01 Jan 2010 00:00:00 UTC; path=\/; domain=.boston.com\";\n\t\t\t\t\/\/}\n\t\t\t\t\/* Checking if the user has given consent for the cookie C0002.\n\t\t\t\t* If the user has given consent, the variable consent will be set to 'grant'.\n\t\t\t\t* If the user has not given consent,the variable consent will be set to 'revoke'.\n\t\t\t\t* Documentation https:\/\/developers.facebook.com\/docs\/meta-pixel\/implementation\/gdpr\n\t\t\t\t*\/\n\t\t\t\tif ( onetrustStorageConsent.C0002 !== true ) {\n\t\t\t\t\tconsent=\"revoke\";\n\t\t\t\t}\n\t\t\t}\n\t\t\t\t!function(f,b,e,v,n,t,s)\n\t\t{if(f.fbq)return;n=f.fbq=function(){n.callMethod?\n\t\tn.callMethod.apply(n,arguments):n.queue.push(arguments)};\n\t\tif(!f._fbq)f._fbq=n;n.push=n;n.loaded=!0;n.version='2.0';\n\t\tn.queue=[];t=b.createElement(e);t.async=!0;\n\t\tt.src=v;s=b.getElementsByTagName(e)[0];\n\t\ts.parentNode.insertBefore(t,s)}(window, document,'script',\n\t\t'https:\/\/connect.facebook.net\/en_US\/fbevents.js');\n\t\tfbq('consent', consent);\n\t\tfbq('init', '989222871864976');\n\t\tfbq('track', 'PageView');\n\t<\/script><script type=\"module\">\n\t\tvar consent=\"grant\";\n\t\t\/* The above code is parsing the JSON data from the local storage and storing it in a variable. *\/\n\t\t\tconst onetrustStorageConsent = JSON.parse(localStorage.getItem( 'consent_one_trust_bdc' ) );\n\t\t\t\/* Checking to see if the user has consented to the use of cookies.\n\t\t\t* If they have not, it is deleting the cookie.\n\t\t\t* This will comment for now, until further notice.\n\t\t\t*\/\n\t\t\t\/\/if ( onetrustStorageConsent.C0002 === false ) {\n\t\t\t\/\/\tdocument.cookie=\"_fbp=;expires=Thu, 01 Jan 2010 00:00:00 UTC; path=\/; domain=.boston.com\";\n\t\t\t\/\/}\n\t\t\t\/* Checking if the user has given consent for the cookie C0002.\n\t\t\t* If the user has given consent, the variable consent will be set to 'grant'.\n\t\t\t* If the user has not given consent,the variable consent will be set to 'revoke'.\n\t\t\t* Documentation https:\/\/developers.facebook.com\/docs\/meta-pixel\/implementation\/gdpr\n\t\t\t*\/\n\t\t\tif ( ( onetrustStorageConsent !== null ) && (onetrustStorageConsent.C0002 !== true ) ) {\n\t\t\t\tconsent=\"revoke\";\n\t\t\t}\n\t\t\t\t!function(f,b,e,v,n,t,s){if(f.fbq)return;n=f.fbq=function()\n\t\t{n.callMethod? n.callMethod.apply(n,arguments):n.queue.push(arguments)}\n\t\t;if(!f._fbq)f._fbq=n;\n\t\tn.push=n;n.loaded=!0;n.version='2.0';n.queue=[];t=b.createElement(e);t.async=!0;\n\t\tt.src=v;s=b.getElementsByTagName(e)[0];s.parentNode.insertBefore(t,s)}(window,\n\t\tdocument,'script','https:\/\/connect.facebook.net\/en_US\/fbevents.js');\n\t\tfbq('consent', consent);\n\t\tfbq('init', '813236348753005');\n\t\tfbq('track', \"PageView\");\n\t<\/script><br \/>\n<br \/><br \/>\n<br \/><a href=\"https:\/\/www.boston.com\/news\/local-news\/2025\/01\/09\/onset-fire-lithium-ion-batteries\/\">Source link <\/a><\/p>","protected":false},"excerpt":{"rendered":"<p>Not\u00edcias locais \u201cOs danos causados \u200b\u200bpelo fogo e a fuma\u00e7a pesada e t\u00f3xica deste incidente demonstram o qu\u00e3o s\u00e9rios todos n\u00f3s devemos levar a s\u00e9rio a seguran\u00e7a das baterias\u201d, disse&hellip;<\/p>","protected":false},"author":1,"featured_media":89746,"comment_status":"closed","ping_status":"open","sticky":false,"template":"","format":"standard","meta":{"content-type":"","footnotes":""},"categories":[1],"tags":[],"class_list":["post-89745","post","type-post","status-publish","format-standard","has-post-thumbnail","hentry","category-uncategorized"],"_links":{"self":[{"href":"https:\/\/tvbrazilusa.com\/pt\/wp-json\/wp\/v2\/posts\/89745","targetHints":{"allow":["GET"]}}],"collection":[{"href":"https:\/\/tvbrazilusa.com\/pt\/wp-json\/wp\/v2\/posts"}],"about":[{"href":"https:\/\/tvbrazilusa.com\/pt\/wp-json\/wp\/v2\/types\/post"}],"author":[{"embeddable":true,"href":"https:\/\/tvbrazilusa.com\/pt\/wp-json\/wp\/v2\/users\/1"}],"replies":[{"embeddable":true,"href":"https:\/\/tvbrazilusa.com\/pt\/wp-json\/wp\/v2\/comments?post=89745"}],"version-history":[{"count":1,"href":"https:\/\/tvbrazilusa.com\/pt\/wp-json\/wp\/v2\/posts\/89745\/revisions"}],"predecessor-version":[{"id":89747,"href":"https:\/\/tvbrazilusa.com\/pt\/wp-json\/wp\/v2\/posts\/89745\/revisions\/89747"}],"wp:featuredmedia":[{"embeddable":true,"href":"https:\/\/tvbrazilusa.com\/pt\/wp-json\/wp\/v2\/media\/89746"}],"wp:attachment":[{"href":"https:\/\/tvbrazilusa.com\/pt\/wp-json\/wp\/v2\/media?parent=89745"}],"wp:term":[{"taxonomy":"category","embeddable":true,"href":"https:\/\/tvbrazilusa.com\/pt\/wp-json\/wp\/v2\/categories?post=89745"},{"taxonomy":"post_tag","embeddable":true,"href":"https:\/\/tvbrazilusa.com\/pt\/wp-json\/wp\/v2\/tags?post=89745"}],"curies":[{"name":"wp","href":"https:\/\/api.w.org\/{rel}","templated":true}]}}