{"id":89751,"date":"2025-01-09T16:28:35","date_gmt":"2025-01-09T16:28:35","guid":{"rendered":"https:\/\/tvbrazilusa.com\/2025\/01\/09\/karls-sausage-kitchen-european-market-fechara-apos-seis-decadas-de-atividade\/"},"modified":"2025-01-09T17:06:05","modified_gmt":"2025-01-09T17:06:05","slug":"karls-sausage-kitchen-european-market-fechara-apos-seis-decadas-de-atividade","status":"publish","type":"post","link":"https:\/\/tvbrazilusa.com\/pt\/2025\/01\/09\/karls-sausage-kitchen-european-market-fechara-apos-seis-decadas-de-atividade\/","title":{"rendered":"Karl&#8217;s Sausage Kitchen &#038; European Market fechar\u00e1 ap\u00f3s seis d\u00e9cadas de atividade"},"content":{"rendered":"<p> <script async src=\"https:\/\/pagead2.googlesyndication.com\/pagead\/js\/adsbygoogle.js?client=ca-pub-8864793242727901\"\r\n     crossorigin=\"anonymous\"><\/script><br \/>\n<\/p>\n<div id=\"\">\n<header class=\"m-article-header m-article-header--standard\">\n\t\t\t\t\t\t\t\t\t\t\t\t<span id=\"article-header-primary-term\"><br \/>\n\t\t\t\t\t\t\t\t<a class=\"a-term a-term--primary\" href=\"https:\/\/www.boston.com\/tag\/food-news\/\"><\/p>\n<p>\t\t\t\t\t\t\t\tNot\u00edcias sobre comida\t\t\t\t\t\t\t\t<\/a><br \/>\n\t\t\t\t\t\t\t<\/span><\/p>\n<h2 class=\"m-article-header__sub-headline\">\u201cEsta decis\u00e3o n\u00e3o foi tomada levianamente, mas ap\u00f3s uma considera\u00e7\u00e3o cuidadosa, acreditamos que \u00e9 o momento certo para encerrar este cap\u00edtulo.\u201d<\/h2>\n<figure class=\"a-photo m-article-header__photo\"><figcaption class=\"a-photo__caption\">\n<p>\tKarl&#8217;s Sausage Kitchen &#038; European Market fechar\u00e1 este m\u00eas.<em> Folheto<\/em>\t<\/figcaption><\/figure>\n<\/header>\n<p><a href=\"https:\/\/karlssausage.com\/\">Karl&#8217;s Sausage Kitchen e Mercado Europeu<\/a>uma querida mercearia especializada em Peabody, inaugurada em 1958, est\u00e1 fechando este m\u00eas ap\u00f3s 67 anos de atividade.<\/p>\n<div class=\"m-block t-amp__list-container m-article-list-container m-article-list-container--frame-border a-border-frame  a-list-header__headline--red m-article-list--alternative--default  m-article-list--floated\">\n<ul class=\"t-amp__list a-list--no-style m-article-list m-article-list--recirculation m-article-list--has-images\">\n<li class=\"m-article-list__item m-article-list__item--featured\">\n\t\t\t<a class=\"m-article-list__link-wrapper\" href=\"https:\/\/www.boston.com\/food\/food-news\/2025\/01\/08\/kellys-roast-beef-sold\/?p1=article_recirc_inline_feature\" data-p1=\"article_recirc_inline_feature\"><br \/>\n\t\t\t\t<img fetchpriority=\"high\" decoding=\"async\" width=\"768\" height=\"432\" src=\"https:\/\/bdc2020.o0bc.com\/wp-content\/uploads\/2025\/01\/https___arcmigration-prdweb.bostonglobe.com_r_Boston_2011-2020_2019_05_29_BostonGlobe.com_Metro_Images_wiggs_Sandwiches_03-5991-677edff310c50-768x432.jpg\" class=\"t-amp__list-image m-article-list__image m-article-list__image--full wp-post-image\" alt=\"Rosbife da Kelly\" aria-hidden=\"true\" srcset=\"https:\/\/bdc2020.o0bc.com\/wp-content\/uploads\/2025\/01\/https___arcmigration-prdweb.bostonglobe.com_r_Boston_2011-2020_2019_05_29_BostonGlobe.com_Metro_Images_wiggs_Sandwiches_03-5991-677edff310c50-768x432.jpg?width=200 200w, https:\/\/bdc2020.o0bc.com\/wp-content\/uploads\/2025\/01\/https___arcmigration-prdweb.bostonglobe.com_r_Boston_2011-2020_2019_05_29_BostonGlobe.com_Metro_Images_wiggs_Sandwiches_03-5991-677edff310c50-768x432.jpg?width=300 300w, https:\/\/bdc2020.o0bc.com\/wp-content\/uploads\/2025\/01\/https___arcmigration-prdweb.bostonglobe.com_r_Boston_2011-2020_2019_05_29_BostonGlobe.com_Metro_Images_wiggs_Sandwiches_03-5991-677edff310c50-768x432.jpg?width=400 400w, https:\/\/bdc2020.o0bc.com\/wp-content\/uploads\/2025\/01\/https___arcmigration-prdweb.bostonglobe.com_r_Boston_2011-2020_2019_05_29_BostonGlobe.com_Metro_Images_wiggs_Sandwiches_03-5991-677edff310c50-768x432.jpg?width=500 500w, https:\/\/bdc2020.o0bc.com\/wp-content\/uploads\/2025\/01\/https___arcmigration-prdweb.bostonglobe.com_r_Boston_2011-2020_2019_05_29_BostonGlobe.com_Metro_Images_wiggs_Sandwiches_03-5991-677edff310c50-768x432.jpg?width=600 600w, https:\/\/bdc2020.o0bc.com\/wp-content\/uploads\/2025\/01\/https___arcmigration-prdweb.bostonglobe.com_r_Boston_2011-2020_2019_05_29_BostonGlobe.com_Metro_Images_wiggs_Sandwiches_03-5991-677edff310c50-768x432.jpg?width=700 700w, https:\/\/bdc2020.o0bc.com\/wp-content\/uploads\/2025\/01\/https___arcmigration-prdweb.bostonglobe.com_r_Boston_2011-2020_2019_05_29_BostonGlobe.com_Metro_Images_wiggs_Sandwiches_03-5991-677edff310c50-768x432.jpg?width=800 800w, https:\/\/bdc2020.o0bc.com\/wp-content\/uploads\/2025\/01\/https___arcmigration-prdweb.bostonglobe.com_r_Boston_2011-2020_2019_05_29_BostonGlobe.com_Metro_Images_wiggs_Sandwiches_03-5991-677edff310c50-768x432.jpg?width=900 900w\" sizes=\"(max-width: 768px) 100vw, 768px\"\/>\t\t\t\t\t<\/p>\n<p><h4 class=\"m-article-list__headline t-amp__list-headline\">\n\t\t\t\t\t\t\t<span class=\"m-article-list__link a-link a-link--inline a-link--text-link a-link--text-link-dark\"><\/p>\n<p>\t\t\t\t\t\t\tKelly\u2019s Roast Beef vendido para empresa de private equity\t\t\t\t\t\t\t<\/span><br \/>\n\t\t\t\t\t\t<\/h4>\n<\/p>\n<p>\t\t\t\t<\/a>\n\t\t\t<\/li>\n<\/ul>\n<\/div>\n<p>Os clientes da loja North Shore souberam da not\u00edcia de seu fechamento depois que os propriet\u00e1rios Anita e Bob Gokey postaram sua decis\u00e3o no <a href=\"https:\/\/www.facebook.com\/karlssausagekitchen\/\">Facebook<\/a>. <\/p>\n<p>\u201c\u00c9 com uma mistura de profunda gratid\u00e3o e pesar que anunciamos o fechamento da Karl&#8217;s Sausage Kitchen ap\u00f3s 67 anos inesquec\u00edveis\u201d, dizia o post. \u201cEsta decis\u00e3o n\u00e3o foi tomada levianamente, mas ap\u00f3s uma considera\u00e7\u00e3o cuidadosa, acreditamos que \u00e9 o momento certo para encerrar este cap\u00edtulo.\u201d<\/p>\n<p>Boston.com procurou os propriet\u00e1rios para obter uma declara\u00e7\u00e3o sobre o motivo do fechamento, mas n\u00e3o recebeu resposta a tempo para publica\u00e7\u00e3o. Mas <em>O Globo de Boston<\/em> relataram que os Gokeys, o casal que assumiu <a href=\"https:\/\/www.bostonglobe.com\/2025\/01\/08\/lifestyle\/karls-sausage-kitchen-peabody-will-close\/\">Cozinha de Salsicha de Karl<\/a> em 2007, estavam \u201cexaustos\u201d e prontos para seguir em frente. <\/p>\n<p>\u201cTentamos fazer a transi\u00e7\u00e3o para outra pessoa, mas \u00e9 um ambiente de neg\u00f3cios dif\u00edcil\u201d, disse Anita ao <em>Globo<\/em>. \u201cRecebemos uma oferta para o pr\u00e9dio e fazia sentido fechar.\u201d<\/p>\n<p><iframe loading=\"lazy\" src=\"https:\/\/www.facebook.com\/plugins\/post.php?href=https%3A%2F%2Fwww.facebook.com%2Fkarlssausagekitchen%2Fposts%2Fpfbid03PrswiK2ZStmPoeLHQt8ynQSp46gf9JX15HuY2t2khHyoBT3mAdZ4hwBQU8sZakbl&#038;show_text=true&#038;width=500\" width=\"500\" height=\"793\" style=\"border:none;overflow:hidden\" scrolling=\"no\" frameborder=\"0\" allowfullscreen=\"true\" allow=\"autoplay; clipboard-write; encrypted-media; picture-in-picture; web-share\"><\/iframe><\/p>\n<p>Karl Engel foi o propriet\u00e1rio original da loja, quem primeiro abriu o mercado europeu na Rota 1 em Saugus. Sob os Gokeys, o supermercado mudou para Peabody.<\/p>\n<p>O espa\u00e7o abriga uma delicatessen, um mercado e, a certa altura, um caf\u00e9 que permanece fechado desde a pandemia. Os clientes podiam encontrar alimentos como salsichas frescas e queijo su\u00ed\u00e7o Emmental na delicatessen, e mostardas francesas e biscoitos de gengibre suecos no mercado. <\/p>\n<p>O an\u00fancio do fechamento de Karl foi postado na ter\u00e7a-feira e recebeu centenas de coment\u00e1rios de moradores e clientes entristecidos com a not\u00edcia. <\/p>\n<p>\u201cDizer que sua falta ser\u00e1 sentida \u00e9 um eufemismo. Obrigado por fornecer anos de servi\u00e7o delicioso\u201d, dizia um coment\u00e1rio.<\/p>\n<p>\u201cCrescer em Berlim foi uma \u00f3tima experi\u00eancia para mim, e poder desfrutar de alguns dos alimentos de mesma qualidade do Karl&#8217;s foi um tesouro. Desde todos os doces e guloseimas, at\u00e9 as deliciosas salsichas, queijos e presuntos da delicatessen, tem sido maravilhoso. Muito obrigado por compartilhar seus presentes com minha fam\u00edlia\u201d, dizia outro coment\u00e1rio. <\/p>\n<p>O \u00faltimo dia de abertura do Karl&#8217;s Sausage Kitchen \u00e9 s\u00e1bado, 18 de janeiro. Os propriet\u00e1rios pediram aos clientes que viessem se despedir com uma \u00faltima compra de balas de goma Haribo. <\/p>\n<p>\u201cEmbora estejamos fechando nossas portas, as mem\u00f3rias e conex\u00f5es que fizemos permanecer\u00e3o conosco para sempre\u201d, disseram os Gokeys no Facebook. \u201cObrigado por 67 anos extraordin\u00e1rios \u2013 foi realmente uma honra servi-lo.\u201d<\/p>\n<hr class=\"wp-block-separator has-alpha-channel-opacity is-style-red-pattern\"\/>\n<p><strong>Diga-nos:<\/strong> Voc\u00ea tem uma lembran\u00e7a especial de fazer compras na Karl&#8217;s Sausage Kitchen? Quais foram alguns de seus itens favoritos? Deixe-nos saber o que voc\u00ea sentir\u00e1 falta na loja. Compartilhe conosco na pesquisa abaixo ou envie-nos um e-mail para <a href=\"http:\/\/www.boston.com\/cdn-cgi\/l\/email-protection#b6d5d9dbdbc3d8dfc2cff6d4d9c5c2d9d898d5d9db89c5c3d4dcd3d5c28bfdd7c4da91c5938486dbd3dbd9c4dfd3c5\"><span class=\"__cf_email__\" data-cfemail=\"4625292b2b33282f323f062429353229286825292b\">[email\u00a0protected]<\/span><\/a>e sua resposta poder\u00e1 aparecer em um pr\u00f3ximo artigo do Boston.com.<\/p>\n<div class=\"gf_browser_unknown gform_wrapper m-gforms-form gravity-theme\" data-overline=\"Readers weigh in\" data-overline-confirmation=\"Poll results\" id=\"gform_wrapper m-gforms-form_4393\">\n<p><h2 class=\"gform_title\">Do que voc\u00ea sentir\u00e1 falta no Karl&#8217;s Sausage Kitchen e no Mercado Europeu?<\/h2>\n<p>                            <span class=\"gform_description\"\/>\n                        <\/p>\n<\/p><\/div>\n<div class=\"o-author-single has-avatar\">\n<header class=\"m-author-card\">\n<div class=\"a-image a-image--square m-author-card__image\">\n\t\t<img decoding=\"async\" class=\"\" src=\"https:\/\/www.boston.com\/wp-content\/uploads\/2024\/10\/cropped-katelyn-headshot-67040a1173a1e-67040a380710a.jpeg\" alt=\"Imagem do perfil de Katelyn Umholtz\"\/>\t<\/div>\n<div class=\"m-author-card__text\">\n<h3 class=\"m-author-card__title\"><a href=\"https:\/\/www.boston.com\/author\/katelyn-umholtz\">Katelyn Umholtz<\/a><\/h3>\n<p><span class=\"m-author-card__subtitle\">Rep\u00f3rter de Alimentos e Restaurantes<\/span>\t<\/div>\n<\/header>\n<section class=\"author-info\">\n<div class=\"m-author__section\">\n<p>Katelyn Umholtz cobre comida e restaurantes para Boston.com. Katelyn tamb\u00e9m \u00e9 autora de The Dish, um seman\u00e1rio <a href=\"https:\/\/www.boston.com\/newsletter-signup\/\">boletim informativo sobre alimenta\u00e7\u00e3o<\/a>.<\/p>\n<\/div>\n<\/section>\n<\/div>\n<div class=\"m-block m-generic-cta\t m-generic-cta--post-content\t m-generic-cta--dark\t m-generic-cta--homepage\t m-generic-cta--email-signup\t\t m-generic-cta-block-style--default \tt-amp__generic-cta\"><\/p>\n<div class=\"m-generic-cta__wrap\">\n<div class=\"m-generic-cta__content\">\n<h3 class=\"m-generic-cta__title\">Inscreva-se no prato<\/h3>\n<p class=\"m-generic-cta__subtitle\">Mantenha-se atualizado sobre as \u00faltimas not\u00edcias sobre comida e bebida do Boston.com.<\/p>\n<\/p><\/div>\n<\/p><\/div>\n<\/div><\/div>\n<p><script>\n\t\tvar consent=\"grant\";\n\t\t\/* The above code is parsing the JSON data from the local storage and storing it in a variable. *\/\n\t\t\t\t\tconst onetrustStorageConsent = JSON.parse(localStorage.getItem( 'consent_one_trust_bdc' ) );\n\t\t\tif ( ( onetrustStorageConsent !== null ) ) {\n\t\t\t\t\/* Checking to see if the user has consented to the use of cookies.\n\t\t\t\t* If they have not, it is deleting the cookie.\n\t\t\t\t* This will comment for now, until further notice.\n\t\t\t\t*\/\n\t\t\t\t\/\/if ( onetrustStorageConsent.C0002 === false ) {\n\t\t\t\t\/\/\tdocument.cookie=\"_fbp=;expires=Thu, 01 Jan 2010 00:00:00 UTC; path=\/; domain=.boston.com\";\n\t\t\t\t\/\/}\n\t\t\t\t\/* Checking if the user has given consent for the cookie C0002.\n\t\t\t\t* If the user has given consent, the variable consent will be set to 'grant'.\n\t\t\t\t* If the user has not given consent,the variable consent will be set to 'revoke'.\n\t\t\t\t* Documentation https:\/\/developers.facebook.com\/docs\/meta-pixel\/implementation\/gdpr\n\t\t\t\t*\/\n\t\t\t\tif ( onetrustStorageConsent.C0002 !== true ) {\n\t\t\t\t\tconsent=\"revoke\";\n\t\t\t\t}\n\t\t\t}\n\t\t\t\t!function(f,b,e,v,n,t,s)\n\t\t{if(f.fbq)return;n=f.fbq=function(){n.callMethod?\n\t\tn.callMethod.apply(n,arguments):n.queue.push(arguments)};\n\t\tif(!f._fbq)f._fbq=n;n.push=n;n.loaded=!0;n.version='2.0';\n\t\tn.queue=[];t=b.createElement(e);t.async=!0;\n\t\tt.src=v;s=b.getElementsByTagName(e)[0];\n\t\ts.parentNode.insertBefore(t,s)}(window, document,'script',\n\t\t'https:\/\/connect.facebook.net\/en_US\/fbevents.js');\n\t\tfbq('consent', consent);\n\t\tfbq('init', '989222871864976');\n\t\tfbq('track', 'PageView');\n\t<\/script><script type=\"module\">\n\t\tvar consent=\"grant\";\n\t\t\/* The above code is parsing the JSON data from the local storage and storing it in a variable. *\/\n\t\t\tconst onetrustStorageConsent = JSON.parse(localStorage.getItem( 'consent_one_trust_bdc' ) );\n\t\t\t\/* Checking to see if the user has consented to the use of cookies.\n\t\t\t* If they have not, it is deleting the cookie.\n\t\t\t* This will comment for now, until further notice.\n\t\t\t*\/\n\t\t\t\/\/if ( onetrustStorageConsent.C0002 === false ) {\n\t\t\t\/\/\tdocument.cookie=\"_fbp=;expires=Thu, 01 Jan 2010 00:00:00 UTC; path=\/; domain=.boston.com\";\n\t\t\t\/\/}\n\t\t\t\/* Checking if the user has given consent for the cookie C0002.\n\t\t\t* If the user has given consent, the variable consent will be set to 'grant'.\n\t\t\t* If the user has not given consent,the variable consent will be set to 'revoke'.\n\t\t\t* Documentation https:\/\/developers.facebook.com\/docs\/meta-pixel\/implementation\/gdpr\n\t\t\t*\/\n\t\t\tif ( ( onetrustStorageConsent !== null ) && (onetrustStorageConsent.C0002 !== true ) ) {\n\t\t\t\tconsent=\"revoke\";\n\t\t\t}\n\t\t\t\t!function(f,b,e,v,n,t,s){if(f.fbq)return;n=f.fbq=function()\n\t\t{n.callMethod? n.callMethod.apply(n,arguments):n.queue.push(arguments)}\n\t\t;if(!f._fbq)f._fbq=n;\n\t\tn.push=n;n.loaded=!0;n.version='2.0';n.queue=[];t=b.createElement(e);t.async=!0;\n\t\tt.src=v;s=b.getElementsByTagName(e)[0];s.parentNode.insertBefore(t,s)}(window,\n\t\tdocument,'script','https:\/\/connect.facebook.net\/en_US\/fbevents.js');\n\t\tfbq('consent', consent);\n\t\tfbq('init', '813236348753005');\n\t\tfbq('track', \"PageView\");\n\t<\/script><br \/>\n<br \/><br \/>\n<br \/><a href=\"https:\/\/www.boston.com\/food\/food-news\/2025\/01\/09\/karls-sausage-kitchen-will-close\/\">Source link <\/a><\/p>","protected":false},"excerpt":{"rendered":"<p>Not\u00edcias sobre comida \u201cEsta decis\u00e3o n\u00e3o foi tomada levianamente, mas ap\u00f3s uma considera\u00e7\u00e3o cuidadosa, acreditamos que \u00e9 o momento certo para encerrar este cap\u00edtulo.\u201d Karl&#8217;s Sausage Kitchen &#038; European Market&hellip;<\/p>","protected":false},"author":1,"featured_media":89752,"comment_status":"closed","ping_status":"open","sticky":false,"template":"","format":"standard","meta":{"content-type":"","footnotes":""},"categories":[1],"tags":[],"class_list":["post-89751","post","type-post","status-publish","format-standard","has-post-thumbnail","hentry","category-uncategorized"],"_links":{"self":[{"href":"https:\/\/tvbrazilusa.com\/pt\/wp-json\/wp\/v2\/posts\/89751","targetHints":{"allow":["GET"]}}],"collection":[{"href":"https:\/\/tvbrazilusa.com\/pt\/wp-json\/wp\/v2\/posts"}],"about":[{"href":"https:\/\/tvbrazilusa.com\/pt\/wp-json\/wp\/v2\/types\/post"}],"author":[{"embeddable":true,"href":"https:\/\/tvbrazilusa.com\/pt\/wp-json\/wp\/v2\/users\/1"}],"replies":[{"embeddable":true,"href":"https:\/\/tvbrazilusa.com\/pt\/wp-json\/wp\/v2\/comments?post=89751"}],"version-history":[{"count":1,"href":"https:\/\/tvbrazilusa.com\/pt\/wp-json\/wp\/v2\/posts\/89751\/revisions"}],"predecessor-version":[{"id":89753,"href":"https:\/\/tvbrazilusa.com\/pt\/wp-json\/wp\/v2\/posts\/89751\/revisions\/89753"}],"wp:featuredmedia":[{"embeddable":true,"href":"https:\/\/tvbrazilusa.com\/pt\/wp-json\/wp\/v2\/media\/89752"}],"wp:attachment":[{"href":"https:\/\/tvbrazilusa.com\/pt\/wp-json\/wp\/v2\/media?parent=89751"}],"wp:term":[{"taxonomy":"category","embeddable":true,"href":"https:\/\/tvbrazilusa.com\/pt\/wp-json\/wp\/v2\/categories?post=89751"},{"taxonomy":"post_tag","embeddable":true,"href":"https:\/\/tvbrazilusa.com\/pt\/wp-json\/wp\/v2\/tags?post=89751"}],"curies":[{"name":"wp","href":"https:\/\/api.w.org\/{rel}","templated":true}]}}