{"id":89757,"date":"2025-01-09T17:18:36","date_gmt":"2025-01-09T17:18:36","guid":{"rendered":"https:\/\/tvbrazilusa.com\/2025\/01\/09\/urgente-aviao-cai-em-praia-de-ubatuba-no-litoral-de-sao-paulo-veja-video\/"},"modified":"2025-01-09T17:18:37","modified_gmt":"2025-01-09T17:18:37","slug":"urgente-aviao-cai-em-praia-de-ubatuba-no-litoral-de-sao-paulo-veja-video","status":"publish","type":"post","link":"https:\/\/tvbrazilusa.com\/pt\/2025\/01\/09\/urgente-aviao-cai-em-praia-de-ubatuba-no-litoral-de-sao-paulo-veja-video\/","title":{"rendered":"URGENTE: Avi\u00e3o cai em praia de Ubatuba, no litoral de S\u00e3o Paulo; VEJA V\u00cdDEO"},"content":{"rendered":"<p> <script async src=\"https:\/\/pagead2.googlesyndication.com\/pagead\/js\/adsbygoogle.js?client=ca-pub-8864793242727901\"\r\n     crossorigin=\"anonymous\"><\/script><br \/>\n<\/p>\n<div id=\"taboola-read-more\" style=\"display:block; width:100%\">\n<p>Um avi\u00e3o de pequeno porte caiu em uma praia de Ubatuba, no litoral de\u00a0<a href=\"https:\/\/www.metropoles.com\/sao-paulo\">S\u00e3o Paulo<\/a>, na manh\u00e3 desta quinta-feira (9\/1). A Prefeitura da cidade confirmou que a aeronave saiu da pista e foi em dire\u00e7\u00e3o ao mar.\n<\/p>\n<p data-gtm-vis-recent-on-screen104869357_94=\"5877\" data-gtm-vis-first-on-screen104869357_94=\"5877\" data-gtm-vis-total-visible-time104869357_94=\"100\" data-gtm-vis-has-fired104869357_94=\"1\">\u201cSecretaria de Seguran\u00e7a, bombeiros e Pol\u00edcia Militar j\u00e1 est\u00e3o no local, isolando e fazendo a retirada das v\u00edtimas\u201d, disse, em nota.<\/p>\n<p>Nas redes sociais, internautas compartilham imagens do acidente. Pelos registros, \u00e9 poss\u00edvel ver muita fuma\u00e7a e a aeronave destru\u00edda. Ainda n\u00e3o h\u00e1 informa\u00e7\u00f5es sobre v\u00edtimas fatais.\n<\/p>\n<p>O acidente teria acontecido na praia de Itagu\u00e1, pr\u00f3xima ao aeroporto da cidade.\n<\/p>\n<p>ASSISTA:\n<\/p>\n<p>Fonte: Metr\u00f3poles              <\/p>\n<\/div>\n<p><br \/>\n<br \/><a href=\"https:\/\/diariodobrasilnoticias.com.br\/noticia\/urgente-aviao-cai-em-praia-de-ubatuba-no-litoral-de-sao-paulo-veja-video-677fd52872c7f\">Source link <\/a><\/p>","protected":false},"excerpt":{"rendered":"<p>Um avi\u00e3o de pequeno porte caiu em uma praia de Ubatuba, no litoral de\u00a0S\u00e3o Paulo, na manh\u00e3 desta quinta-feira (9\/1). A Prefeitura da cidade confirmou que a aeronave saiu da&hellip;<\/p>","protected":false},"author":1,"featured_media":89758,"comment_status":"closed","ping_status":"open","sticky":false,"template":"","format":"standard","meta":{"content-type":"","footnotes":""},"categories":[16],"tags":[123,2448,5313,1267],"class_list":["post-89757","post","type-post","status-publish","format-standard","has-post-thumbnail","hentry","category-noticias","tag-brasil","tag-diario","tag-noticia","tag-noticias"],"_links":{"self":[{"href":"https:\/\/tvbrazilusa.com\/pt\/wp-json\/wp\/v2\/posts\/89757","targetHints":{"allow":["GET"]}}],"collection":[{"href":"https:\/\/tvbrazilusa.com\/pt\/wp-json\/wp\/v2\/posts"}],"about":[{"href":"https:\/\/tvbrazilusa.com\/pt\/wp-json\/wp\/v2\/types\/post"}],"author":[{"embeddable":true,"href":"https:\/\/tvbrazilusa.com\/pt\/wp-json\/wp\/v2\/users\/1"}],"replies":[{"embeddable":true,"href":"https:\/\/tvbrazilusa.com\/pt\/wp-json\/wp\/v2\/comments?post=89757"}],"version-history":[{"count":1,"href":"https:\/\/tvbrazilusa.com\/pt\/wp-json\/wp\/v2\/posts\/89757\/revisions"}],"predecessor-version":[{"id":89759,"href":"https:\/\/tvbrazilusa.com\/pt\/wp-json\/wp\/v2\/posts\/89757\/revisions\/89759"}],"wp:featuredmedia":[{"embeddable":true,"href":"https:\/\/tvbrazilusa.com\/pt\/wp-json\/wp\/v2\/media\/89758"}],"wp:attachment":[{"href":"https:\/\/tvbrazilusa.com\/pt\/wp-json\/wp\/v2\/media?parent=89757"}],"wp:term":[{"taxonomy":"category","embeddable":true,"href":"https:\/\/tvbrazilusa.com\/pt\/wp-json\/wp\/v2\/categories?post=89757"},{"taxonomy":"post_tag","embeddable":true,"href":"https:\/\/tvbrazilusa.com\/pt\/wp-json\/wp\/v2\/tags?post=89757"}],"curies":[{"name":"wp","href":"https:\/\/api.w.org\/{rel}","templated":true}]}}