{"id":89763,"date":"2025-01-09T17:31:09","date_gmt":"2025-01-09T17:31:09","guid":{"rendered":"https:\/\/tvbrazilusa.com\/2025\/01\/09\/caros-robert-e-jonathan-kraft-veja-como-voce-reconquista-os-fas-do-patriots\/"},"modified":"2025-01-09T17:36:46","modified_gmt":"2025-01-09T17:36:46","slug":"caros-robert-e-jonathan-kraft-veja-como-voce-reconquista-os-fas-do-patriots","status":"publish","type":"post","link":"https:\/\/tvbrazilusa.com\/pt\/2025\/01\/09\/caros-robert-e-jonathan-kraft-veja-como-voce-reconquista-os-fas-do-patriots\/","title":{"rendered":"Caros Robert e Jonathan Kraft: Veja como voc\u00ea reconquista os f\u00e3s do Patriots"},"content":{"rendered":"<p> <script async src=\"https:\/\/pagead2.googlesyndication.com\/pagead\/js\/adsbygoogle.js?client=ca-pub-8864793242727901\"\r\n     crossorigin=\"anonymous\"><\/script><br \/>\n<\/p>\n<div id=\"\">\n<header class=\"m-article-header m-article-header--standard\">\n\t\t\t\t\t\t\t\t\t\t\t\t<span id=\"article-header-primary-term\"><br \/>\n\t\t\t\t\t\t\t\t<a class=\"a-term a-term--primary\" href=\"https:\/\/www.boston.com\/tag\/new-england-patriots\/\"><\/p>\n<p>\t\t\t\t\t\t\t\tPatriotas\t\t\t\t\t\t\t\t<\/a><br \/>\n\t\t\t\t\t\t\t<\/span><\/p>\n<h2 class=\"m-article-header__sub-headline\">Aqui estamos &#8211; um ano, um sucessor superado de Belichick, mais uma temporada de 4-13 depois &#8211; e voc\u00ea est\u00e1 de volta ao ponto de partida em janeiro passado.<\/h2>\n<figure class=\"a-photo m-article-header__photo\"><figcaption class=\"a-photo__caption\">\n<p>\tJonathan (\u00e0 esquerda) e Robert Kraft.<em> <\/em>\t<\/figcaption><\/figure>\n<div class=\"m-article-header__meta\">\n<div class=\"m-article-header__byline\">\n<p class=\"m-article-header__author\">\n<p>\t\t\t\t\t\t\t\tPor Chad Finn, The Boston Globe\t\t\t\t\t\t\t<\/p>\n<p>\t\t\t\t\t\t\t\t\t\t\t\t\t\t\t<time class=\"m-article-header__date\"><\/p>\n<p>\t\t\t\t\t\t\t\t\t9 de janeiro de 2025 | 12h31\t\t\t\t\t\t\t\t<\/time><\/p>\n<p><span>5 minutos para ler<\/span><\/p>\n<\/p><\/div>\n<\/p><\/div>\n<\/header>\n<p><strong>COMENT\u00c1RIO<\/strong><\/p>\n<p>Parab\u00e9ns extra-tardios, Robert e Jonathan.<\/p>\n<p>Voc\u00ea <a href=\"https:\/\/www.bostonglobe.com\/2024\/01\/11\/sports\/bill-belichick-patriots\/\" target=\"_blank\">recuperou seu time de futebol em janeiro passado<\/a> daquele certo ogro brilhante, misantr\u00f3pico e grunhido com capuz que acumulou an\u00e9is de campeonato at\u00e9 deixar de faz\u00ea-lo.<\/p>\n<p>Bill Belichick &#8211; disse o ogro &#8211; recebeu uma por\u00e7\u00e3o enorme do cr\u00e9dito de sustenta\u00e7\u00e3o da dinastia que voc\u00ea parecia acreditar que pertencia ao seu prato.<\/p>\n<p>Ent\u00e3o, depois de quatro temporadas p\u00f3s-Tom Brady adequadas a desastrosas, voc\u00ea o livrou e assumiu o controle.<\/p>\n<p>\u00c9 a sua equipe. \u00c9 o seu show. Mas, a menos que toda autoconsci\u00eancia escape de voc\u00eas dois como qualquer running back decente escapa de seus linebackers, voc\u00eas sabem disso em seus ossos: voc\u00eas n\u00e3o t\u00eam <i>tudo<\/i> voltar.<\/p>\n<p>Aqui estamos &#8211; um ano, um sucessor superado de Belichick, mais uma temporada de 4-13 depois &#8211; e voc\u00ea est\u00e1 de volta ao ponto de partida em janeiro passado.<\/p>\n<p>Voc\u00ea tem seu time de volta. Mas voc\u00ea tem muito trabalho a fazer para recuperar seus f\u00e3s.<\/p>\n<p>Para sua sorte, como algu\u00e9m que prefere, desesperadamente, escrever cerca de 3.000 palavras por semana de pr\u00e9vias e resenhas sobre um <i>interessante<\/i> time de futebol na pr\u00f3xima temporada sem redund\u00e2ncia (Drake Maye bom, descanse mal, filme aos 11), vou ajud\u00e1-lo a acertar.<\/p>\n<p>Esque\u00e7a os agradecimentos. Apenas conserte isso.<\/p>\n<p>A parte mais f\u00e1cil est\u00e1 bem na sua frente, agora mesmo. Mike Vrabel retornar\u00e1 a um territ\u00f3rio familiar na quinta-feira para uma entrevista para ser o sucessor do sucessor de Belichick.<\/p>\n<figure class=\"wp-block-image\"><img fetchpriority=\"high\" decoding=\"async\" width=\"2560\" height=\"1708\" src=\"https:\/\/bdc2020.o0bc.com\/wp-content\/uploads\/2025\/01\/FMMNUL4TPWUMYSDCTFBVKYTG6I-677bac1b27698-scaled.jpg\" alt=\"  \" class=\"wp-image-32590631\" srcset=\"https:\/\/bdc2020.o0bc.com\/wp-content\/uploads\/2025\/01\/FMMNUL4TPWUMYSDCTFBVKYTG6I-677bac1b27698-scaled.jpg?width=200 200w, https:\/\/bdc2020.o0bc.com\/wp-content\/uploads\/2025\/01\/FMMNUL4TPWUMYSDCTFBVKYTG6I-677bac1b27698-scaled.jpg?width=300 300w, https:\/\/bdc2020.o0bc.com\/wp-content\/uploads\/2025\/01\/FMMNUL4TPWUMYSDCTFBVKYTG6I-677bac1b27698-scaled.jpg?width=400 400w, https:\/\/bdc2020.o0bc.com\/wp-content\/uploads\/2025\/01\/FMMNUL4TPWUMYSDCTFBVKYTG6I-677bac1b27698-scaled.jpg?width=500 500w, https:\/\/bdc2020.o0bc.com\/wp-content\/uploads\/2025\/01\/FMMNUL4TPWUMYSDCTFBVKYTG6I-677bac1b27698-scaled.jpg?width=600 600w, https:\/\/bdc2020.o0bc.com\/wp-content\/uploads\/2025\/01\/FMMNUL4TPWUMYSDCTFBVKYTG6I-677bac1b27698-scaled.jpg?width=700 700w, https:\/\/bdc2020.o0bc.com\/wp-content\/uploads\/2025\/01\/FMMNUL4TPWUMYSDCTFBVKYTG6I-677bac1b27698-scaled.jpg?width=800 800w, https:\/\/bdc2020.o0bc.com\/wp-content\/uploads\/2025\/01\/FMMNUL4TPWUMYSDCTFBVKYTG6I-677bac1b27698-scaled.jpg?width=900 900w\" sizes=\"(max-width: 2560px) 100vw, 2560px\"\/><figcaption class=\"wp-element-caption\">Mike Vrabel entrou no Hall da Fama dos Patriots em 2023, enquanto ainda era o t\u00e9cnico principal dos Tit\u00e3s, e assistiu a um jogo de outubro de 2023 no camarote do propriet\u00e1rio com Jonathan e Robert Kraft (\u00e0 esquerda).<i> \u2013 Matthew J. Lee\/equipe da Globe<\/i><\/figcaption><\/figure>\n<p>Suspeito que voc\u00ea saiba o que precisa fazer aqui de qualquer maneira, mas, por precau\u00e7\u00e3o, diremos:<\/p>\n<p>N\u00e3o d\u00ea a ele um motivo para pensar em qualquer outra abertura. N\u00e3o o rebaixe, seja condescendente ou enfatize que ele responder\u00e1 a voc\u00ea. Fa\u00e7a a devida dilig\u00eancia e entreviste outros candidatos \u2014 especialmente os coordenadores do Lions Ben Johnson e Aaron Glenn, dois c\u00e9rebros da opera\u00e7\u00e3o excepcional de Detroit.<\/p>\n<p>Mas n\u00e3o estrague tudo. Contrate o treinador que voc\u00ea deveria ter contratado em primeiro lugar. Contrate Mike Vrabel.<\/p>\n<p>Ele \u00e9 a pessoa certa, assim como era h\u00e1 um ano, quando voc\u00ea decidiu cumprir uma promessa escrita a Jerod Mayo e elev\u00e1-lo a um cargo para o qual &#8211; sem culpa dele &#8211; <a href=\"https:\/\/www.bostonglobe.com\/2025\/01\/06\/sports\/patriots-robert-kraft-coach-jerod-mayo\/\" target=\"_blank\">ele n\u00e3o estava nem perto de pronto.<\/a><\/p>\n<p>Oportunidades para refazer n\u00e3o aparecem com frequ\u00eancia na NFL. Este \u00e9 dourado \u2013 ou talvez vermelho, visto que essa \u00e9 a cor da jaqueta do Patriots Hall of Fame que Vrabel usava em outubro de 2023 quando o ent\u00e3o treinador dos Titans <a href=\"https:\/\/www.bostonglobe.com\/2023\/10\/20\/sports\/with-dante-scarnecchia-mike-vrabel-being-honored-by-patriots-many-old-tales-are-told\/\" target=\"_blank\">voltou para sua introdu\u00e7\u00e3o na semana de despedida de sua equipe<\/a> e teve a aud\u00e1cia de elogiar sua organiza\u00e7\u00e3o enquanto trabalhava para outra.<\/p>\n<p>\u201cN\u00e3o quero que voc\u00eas considerem esta organiza\u00e7\u00e3o um dado adquirido\u201d, disse Vrabel naquele dia. \u201cJ\u00e1 estive em muitos lugares, este \u00e9 um lugar especial com grande lideran\u00e7a, grandes torcedores, \u00f3tima dire\u00e7\u00e3o, \u00f3timo treinador. Apreci\u00e1-lo. N\u00e3o \u00e9 assim em todo lugar. Muito obrigado.&#8221;<\/p>\n<p><i>N\u00e3o \u00e9 assim em todo lugar.<\/i> A propriedade dos Tit\u00e3s supostamente se ofendeu com esse coment\u00e1rio \u2013 compreensivelmente \u2013 que \u00e9 uma das raz\u00f5es, e talvez a principal raz\u00e3o, pela qual ele foi demitido no final da temporada de 2023. \u00c9 tamb\u00e9m um elogio extremamente elevado, mesmo que a quest\u00e3o deva ser levantada agora: <i>\u00c9 realmente assim aqui neste momento?<\/i><\/p>\n<p>Vrabel pode ajudar a fazer com que essa situa\u00e7\u00e3o descarrilada volte a ser como ele se lembra e como voc\u00ea deveria querer que fosse. <a href=\"https:\/\/www.theringer.com\/2023\/08\/31\/nfl\/mike-vrabel-tennessee-titans-head-coach-sixth-season\" target=\"_blank\">Eu recomendo um artigo que Kevin Clark escreveu para The Ringer em agosto de 2023 se voc\u00ea precisar de mais detalhes sobre o que o torna um treinador excelente e respeitado<\/a>.<\/p>\n<p>Mas voc\u00ea j\u00e1 deve saber por qu\u00ea. Voc\u00ea o conhece bem por suas oito temporadas aqui como um linebacker externo estelar e um Patriota por excel\u00eancia da primeira fase da dinastia.<\/p>\n<p>Voc\u00ea o conhece por sua personalidade sarc\u00e1stica, hil\u00e1ria e \u00e0s vezes condescendente, um dos raros jogadores que conseguia cantarolar Brady <i>e<\/i> Belichick na pr\u00e1tica, ou observe, como fez em 2008, que talvez parte do dinheiro investido no Patriot Place pudesse ter ido para jogadores do Patriots. Caramba, voc\u00ea n\u00e3o poderia ter adorado o fato de ele ter mencionado Bill Parcells em seu discurso de aceita\u00e7\u00e3o do Patriots Hall of Fame. Aposto que ele tamb\u00e9m sabia disso.<\/p>\n<p>Vrabel consegue se safar com esse tipo de ajuste porque \u00e9 carism\u00e1tico, imponente, extremamente capaz e muito, muito inteligente. Quantos outros treinadores poderiam ter enganado Belichick <a href=\"https:\/\/www.bostonglobe.com\/sports\/patriots\/2020\/01\/05\/mike-vrabel-took-page-from-belichick-playbook-and-patriots-coach-didn-like-bit\/oxXGVTunZGIAvzTIup8ZRO\/story.html\" target=\"_blank\">utilizando uma brecha no rel\u00f3gio de jogo em um jogo de playoff<\/a>uma brecha que Belichick descobriu e ficou quase comicamente furioso por ter usado contra ele. Foram os Tit\u00e3s de Vrabel que encerraram a era Brady naquela temporada, eliminando os vacilantes Patriots dos playoffs na rodada de wild card de 2019.<\/p>\n<p>Certo, voc\u00ea provavelmente se lembra disso.<\/p>\n<p>Vrabel \u2013 que tem todos os benef\u00edcios de jogar e aprender com Belichick, mas tem experi\u00eancia suficiente em outros lugares para ser uma \u00e1rvore independente em vez de um galho de \u00e1rvore de treinamento \u2013 est\u00e1 em uma posi\u00e7\u00e3o invej\u00e1vel e sabe como us\u00e1-la.<\/p>\n<p><a href=\"https:\/\/www.bostonglobe.com\/2025\/01\/05\/sports\/nfl-black-monday-live-updates-new-england-patriots\/\" target=\"_blank\">Ele entrevistou os Jets<\/a>e certamente parece que isso apressou sua decis\u00e3o de demitir Mayo. Seu velho amigo e inimigo do campo de treino, Brady <a href=\"https:\/\/www.bostonglobe.com\/2025\/01\/08\/sports\/bill-belichick-raiders\/\" target=\"_blank\">pode ser capaz de vend\u00ea-lo nos Raiders<\/a>mesmo que o melhor zagueiro da organiza\u00e7\u00e3o seja um propriet\u00e1rio minorit\u00e1rio. \u00c9 quase como se Vrabel n\u00e3o fosse um candidato a cargos de coaching, mas sim um recruta cobi\u00e7ado. Ele tem influ\u00eancia sobre voc\u00ea, e \u00e9 melhor voc\u00ea saber disso.<\/p>\n<p>Contrate-o. Ah, e quando voc\u00ea o apresentar na entrevista coletiva, n\u00e3o diga que ele estava \u201cpronto, disposto e Vrabel\u201d. Isso foi um fracasso na cerim\u00f4nia do Hall da Fama e ser\u00e1 um fracasso como uma sequ\u00eancia.<\/p>\n<p>Um \u00faltimo conselho, que certamente voc\u00ea respeitar\u00e1 vindo de um jornalista esportivo, como fazem todas as pessoas com grande riqueza e poder. \u00c9 hora de ser transparente \u2013 sobre tudo. Chega de tentar manipular os f\u00e3s (e os eleitores do Hall da Fama) com <a href=\"https:\/\/www.bostonglobe.com\/2024\/03\/22\/sports\/dynasty-patriots-bob-kraft-bill-belichick\/\" target=\"_blank\">projetos de auto-engrandecimento como \u201cA Dinastia\u201d.<\/a> Chega de fingir que Jonathan est\u00e1 preocupado em supervisionar o departamento de perfura\u00e7\u00e3o na f\u00e1brica de caixas. Se ele est\u00e1 fortemente envolvido com as opera\u00e7\u00f5es de futebol deste time \u2013 e \u00e9 claro que est\u00e1 \u2013 ent\u00e3o reconhe\u00e7a isso. E isso \u00e9 um tiro no escuro, mas talvez at\u00e9 assuma alguma responsabilidade pela sa\u00edda de Brady e como tudo deu errado. Voc\u00ea poderia ter enfrentado o ogro.<\/p>\n<p>Sim, voc\u00ea recuperou seu time. Parab\u00e9ns atrasados, novamente.<\/p>\n<p>Agora contrate Mike Vrabel e confie-o novamente a algu\u00e9m que tenha uma ideia do que fazer com ele.<\/p>\n<div class=\"m-block m-generic-cta\t m-generic-cta--post-content\t m-generic-cta--dark\t m-generic-cta--homepage\t m-generic-cta--email-signup\t\t m-generic-cta-block-style--default \tt-amp__generic-cta\"><\/p>\n<div class=\"m-generic-cta__wrap\">\n<div class=\"m-generic-cta__content\">\n<h3 class=\"m-generic-cta__title\">Receba as \u00faltimas not\u00edcias esportivas de Boston<\/h3>\n<p class=\"m-generic-cta__subtitle\">Receba atualiza\u00e7\u00f5es sobre seus times favoritos de Boston, direto da nossa reda\u00e7\u00e3o para sua caixa de entrada.<\/p>\n<\/p><\/div>\n<\/p><\/div>\n<\/div><\/div>\n<p><script>\n\t\tvar consent=\"grant\";\n\t\t\/* The above code is parsing the JSON data from the local storage and storing it in a variable. *\/\n\t\t\t\t\tconst onetrustStorageConsent = JSON.parse(localStorage.getItem( 'consent_one_trust_bdc' ) );\n\t\t\tif ( ( onetrustStorageConsent !== null ) ) {\n\t\t\t\t\/* Checking to see if the user has consented to the use of cookies.\n\t\t\t\t* If they have not, it is deleting the cookie.\n\t\t\t\t* This will comment for now, until further notice.\n\t\t\t\t*\/\n\t\t\t\t\/\/if ( onetrustStorageConsent.C0002 === false ) {\n\t\t\t\t\/\/\tdocument.cookie=\"_fbp=;expires=Thu, 01 Jan 2010 00:00:00 UTC; path=\/; domain=.boston.com\";\n\t\t\t\t\/\/}\n\t\t\t\t\/* Checking if the user has given consent for the cookie C0002.\n\t\t\t\t* If the user has given consent, the variable consent will be set to 'grant'.\n\t\t\t\t* If the user has not given consent,the variable consent will be set to 'revoke'.\n\t\t\t\t* Documentation https:\/\/developers.facebook.com\/docs\/meta-pixel\/implementation\/gdpr\n\t\t\t\t*\/\n\t\t\t\tif ( onetrustStorageConsent.C0002 !== true ) {\n\t\t\t\t\tconsent=\"revoke\";\n\t\t\t\t}\n\t\t\t}\n\t\t\t\t!function(f,b,e,v,n,t,s)\n\t\t{if(f.fbq)return;n=f.fbq=function(){n.callMethod?\n\t\tn.callMethod.apply(n,arguments):n.queue.push(arguments)};\n\t\tif(!f._fbq)f._fbq=n;n.push=n;n.loaded=!0;n.version='2.0';\n\t\tn.queue=[];t=b.createElement(e);t.async=!0;\n\t\tt.src=v;s=b.getElementsByTagName(e)[0];\n\t\ts.parentNode.insertBefore(t,s)}(window, document,'script',\n\t\t'https:\/\/connect.facebook.net\/en_US\/fbevents.js');\n\t\tfbq('consent', consent);\n\t\tfbq('init', '989222871864976');\n\t\tfbq('track', 'PageView');\n\t<\/script><script type=\"module\">\n\t\tvar consent=\"grant\";\n\t\t\/* The above code is parsing the JSON data from the local storage and storing it in a variable. *\/\n\t\t\tconst onetrustStorageConsent = JSON.parse(localStorage.getItem( 'consent_one_trust_bdc' ) );\n\t\t\t\/* Checking to see if the user has consented to the use of cookies.\n\t\t\t* If they have not, it is deleting the cookie.\n\t\t\t* This will comment for now, until further notice.\n\t\t\t*\/\n\t\t\t\/\/if ( onetrustStorageConsent.C0002 === false ) {\n\t\t\t\/\/\tdocument.cookie=\"_fbp=;expires=Thu, 01 Jan 2010 00:00:00 UTC; path=\/; domain=.boston.com\";\n\t\t\t\/\/}\n\t\t\t\/* Checking if the user has given consent for the cookie C0002.\n\t\t\t* If the user has given consent, the variable consent will be set to 'grant'.\n\t\t\t* If the user has not given consent,the variable consent will be set to 'revoke'.\n\t\t\t* Documentation https:\/\/developers.facebook.com\/docs\/meta-pixel\/implementation\/gdpr\n\t\t\t*\/\n\t\t\tif ( ( onetrustStorageConsent !== null ) && (onetrustStorageConsent.C0002 !== true ) ) {\n\t\t\t\tconsent=\"revoke\";\n\t\t\t}\n\t\t\t\t!function(f,b,e,v,n,t,s){if(f.fbq)return;n=f.fbq=function()\n\t\t{n.callMethod? n.callMethod.apply(n,arguments):n.queue.push(arguments)}\n\t\t;if(!f._fbq)f._fbq=n;\n\t\tn.push=n;n.loaded=!0;n.version='2.0';n.queue=[];t=b.createElement(e);t.async=!0;\n\t\tt.src=v;s=b.getElementsByTagName(e)[0];s.parentNode.insertBefore(t,s)}(window,\n\t\tdocument,'script','https:\/\/connect.facebook.net\/en_US\/fbevents.js');\n\t\tfbq('consent', consent);\n\t\tfbq('init', '813236348753005');\n\t\tfbq('track', \"PageView\");\n\t<\/script><br \/>\n<br \/><br \/>\n<br \/><a href=\"https:\/\/www.boston.com\/sports\/new-england-patriots\/2025\/01\/09\/kraft-how-to-win-patriots-fans-back\/\">Source link <\/a><\/p>","protected":false},"excerpt":{"rendered":"<p>Patriotas Aqui estamos &#8211; um ano, um sucessor superado de Belichick, mais uma temporada de 4-13 depois &#8211; e voc\u00ea est\u00e1 de volta ao ponto de partida em janeiro passado.&hellip;<\/p>","protected":false},"author":1,"featured_media":89764,"comment_status":"closed","ping_status":"open","sticky":false,"template":"","format":"standard","meta":{"content-type":"","footnotes":""},"categories":[1],"tags":[],"class_list":["post-89763","post","type-post","status-publish","format-standard","has-post-thumbnail","hentry","category-uncategorized"],"_links":{"self":[{"href":"https:\/\/tvbrazilusa.com\/pt\/wp-json\/wp\/v2\/posts\/89763","targetHints":{"allow":["GET"]}}],"collection":[{"href":"https:\/\/tvbrazilusa.com\/pt\/wp-json\/wp\/v2\/posts"}],"about":[{"href":"https:\/\/tvbrazilusa.com\/pt\/wp-json\/wp\/v2\/types\/post"}],"author":[{"embeddable":true,"href":"https:\/\/tvbrazilusa.com\/pt\/wp-json\/wp\/v2\/users\/1"}],"replies":[{"embeddable":true,"href":"https:\/\/tvbrazilusa.com\/pt\/wp-json\/wp\/v2\/comments?post=89763"}],"version-history":[{"count":1,"href":"https:\/\/tvbrazilusa.com\/pt\/wp-json\/wp\/v2\/posts\/89763\/revisions"}],"predecessor-version":[{"id":89765,"href":"https:\/\/tvbrazilusa.com\/pt\/wp-json\/wp\/v2\/posts\/89763\/revisions\/89765"}],"wp:featuredmedia":[{"embeddable":true,"href":"https:\/\/tvbrazilusa.com\/pt\/wp-json\/wp\/v2\/media\/89764"}],"wp:attachment":[{"href":"https:\/\/tvbrazilusa.com\/pt\/wp-json\/wp\/v2\/media?parent=89763"}],"wp:term":[{"taxonomy":"category","embeddable":true,"href":"https:\/\/tvbrazilusa.com\/pt\/wp-json\/wp\/v2\/categories?post=89763"},{"taxonomy":"post_tag","embeddable":true,"href":"https:\/\/tvbrazilusa.com\/pt\/wp-json\/wp\/v2\/tags?post=89763"}],"curies":[{"name":"wp","href":"https:\/\/api.w.org\/{rel}","templated":true}]}}