{"id":89807,"date":"2025-01-09T19:02:25","date_gmt":"2025-01-09T19:02:25","guid":{"rendered":"https:\/\/tvbrazilusa.com\/2025\/01\/09\/ato-de-lula-em-brasilia-contou-com-a-presenca-de-somente-12-mil-pessoas\/"},"modified":"2025-01-09T19:02:26","modified_gmt":"2025-01-09T19:02:26","slug":"ato-de-lula-em-brasilia-contou-com-a-presenca-de-somente-12-mil-pessoas","status":"publish","type":"post","link":"https:\/\/tvbrazilusa.com\/pt\/2025\/01\/09\/ato-de-lula-em-brasilia-contou-com-a-presenca-de-somente-12-mil-pessoas\/","title":{"rendered":"Ato de Lula em Bras\u00edlia contou com a presen\u00e7a de somente 1,2 mil pessoas"},"content":{"rendered":"<p> <script async src=\"https:\/\/pagead2.googlesyndication.com\/pagead\/js\/adsbygoogle.js?client=ca-pub-8864793242727901\"\r\n     crossorigin=\"anonymous\"><\/script><br \/>\n<\/p>\n<div id=\"taboola-read-more\" style=\"display:block; width:100%\">\n<p>O ato em mem\u00f3ria \u00e0s manifesta\u00e7\u00f5es de 8 de janeiro de 2023 n\u00e3o ganhou ades\u00e3o popular. Segundo estimativa do portal Poder360, apenas 1,2 mil pessoas compareceram \u00e0s atividades convocadas pelo presidente Luiz In\u00e1cio Lula da Silva nesta quarta-feira, 8.\n<\/p>\n<p>Durante a manh\u00e3, Lula participou de uma cerim\u00f4nia de reintegra\u00e7\u00e3o de obras de arte danificadas durante as manifesta\u00e7\u00f5es e o descerramento da obra As Mulatas, de Di Cavalcanti, no 3\u00b0 andar do Pal\u00e1cio, onde fica o gabinete presidencial.<\/p>\n<p>Na sequ\u00eancia, o petista discursou com autoridades, como o ministro Alexandre de Moraes, do Supremo Tribunal Federal (STF), e o vice-presidente Geraldo Alckmin. Em seguida, ocorreu o Abra\u00e7o da Democracia, quando o presidente desceu a rampa do Planalto para se juntar ao pouco p\u00fablico.\n<\/p>\n<p>Os manifestantes, em maioria, eram formados por idosos e por militantes com bon\u00e9s do Movimento dos Trabalhadores Rurais Sem Terra (MST). N\u00e3o havia \u00f4nibus fretados pr\u00f3ximos \u00e0 Pra\u00e7a dos Tr\u00eas Poderes, fechada para ve\u00edculos na altura do Planalto.\n<\/p>\n<p>Fonte: Revista Oeste              <\/p>\n<\/div>\n<p><br \/>\n<br \/><a href=\"https:\/\/diariodobrasilnoticias.com.br\/noticia\/ato-de-lula-em-brasilia-contou-com-a-presenca-de-somente-1-2-mil-pessoas-6780096e5cd57\">Source link <\/a><\/p>","protected":false},"excerpt":{"rendered":"<p>O ato em mem\u00f3ria \u00e0s manifesta\u00e7\u00f5es de 8 de janeiro de 2023 n\u00e3o ganhou ades\u00e3o popular. Segundo estimativa do portal Poder360, apenas 1,2 mil pessoas compareceram \u00e0s atividades convocadas pelo&hellip;<\/p>","protected":false},"author":1,"featured_media":89808,"comment_status":"closed","ping_status":"open","sticky":false,"template":"","format":"standard","meta":{"content-type":"","footnotes":""},"categories":[16],"tags":[123,2448,5313,1267],"class_list":["post-89807","post","type-post","status-publish","format-standard","has-post-thumbnail","hentry","category-noticias","tag-brasil","tag-diario","tag-noticia","tag-noticias"],"_links":{"self":[{"href":"https:\/\/tvbrazilusa.com\/pt\/wp-json\/wp\/v2\/posts\/89807","targetHints":{"allow":["GET"]}}],"collection":[{"href":"https:\/\/tvbrazilusa.com\/pt\/wp-json\/wp\/v2\/posts"}],"about":[{"href":"https:\/\/tvbrazilusa.com\/pt\/wp-json\/wp\/v2\/types\/post"}],"author":[{"embeddable":true,"href":"https:\/\/tvbrazilusa.com\/pt\/wp-json\/wp\/v2\/users\/1"}],"replies":[{"embeddable":true,"href":"https:\/\/tvbrazilusa.com\/pt\/wp-json\/wp\/v2\/comments?post=89807"}],"version-history":[{"count":1,"href":"https:\/\/tvbrazilusa.com\/pt\/wp-json\/wp\/v2\/posts\/89807\/revisions"}],"predecessor-version":[{"id":89809,"href":"https:\/\/tvbrazilusa.com\/pt\/wp-json\/wp\/v2\/posts\/89807\/revisions\/89809"}],"wp:featuredmedia":[{"embeddable":true,"href":"https:\/\/tvbrazilusa.com\/pt\/wp-json\/wp\/v2\/media\/89808"}],"wp:attachment":[{"href":"https:\/\/tvbrazilusa.com\/pt\/wp-json\/wp\/v2\/media?parent=89807"}],"wp:term":[{"taxonomy":"category","embeddable":true,"href":"https:\/\/tvbrazilusa.com\/pt\/wp-json\/wp\/v2\/categories?post=89807"},{"taxonomy":"post_tag","embeddable":true,"href":"https:\/\/tvbrazilusa.com\/pt\/wp-json\/wp\/v2\/tags?post=89807"}],"curies":[{"name":"wp","href":"https:\/\/api.w.org\/{rel}","templated":true}]}}