{"id":89815,"date":"2025-01-09T19:14:38","date_gmt":"2025-01-09T19:14:38","guid":{"rendered":"https:\/\/tvbrazilusa.com\/2025\/01\/09\/video-mostra-resgate-de-crianca-apos-aviao-explodir-em-ubatuba-assista\/"},"modified":"2025-01-09T19:14:40","modified_gmt":"2025-01-09T19:14:40","slug":"video-mostra-resgate-de-crianca-apos-aviao-explodir-em-ubatuba-assista","status":"publish","type":"post","link":"https:\/\/tvbrazilusa.com\/pt\/2025\/01\/09\/video-mostra-resgate-de-crianca-apos-aviao-explodir-em-ubatuba-assista\/","title":{"rendered":"V\u00eddeo mostra resgate de crian\u00e7a ap\u00f3s avi\u00e3o explodir em Ubatuba; ASSISTA"},"content":{"rendered":"<p> <script async src=\"https:\/\/pagead2.googlesyndication.com\/pagead\/js\/adsbygoogle.js?client=ca-pub-8864793242727901\"\r\n     crossorigin=\"anonymous\"><\/script><br \/>\n<\/p>\n<div id=\"taboola-read-more\" style=\"display:block; width:100%\">\n<p>Testemunhas registraram o resgate de uma das crian\u00e7as que estava a bordo do avi\u00e3o de pequeno porte que explodiu em Ubatuba, no litoral de S\u00e3o Paulo, nesta quinta-feira (9\/1). Al\u00e9m dela, tr\u00eas adultos e outra crian\u00e7a estavam na aeronave. O piloto morreu.\n<\/p>\n<p>Nas imagens, \u00e9 poss\u00edvel ver o avi\u00e3o destru\u00eddo na praia. Diversas pessoas cercam o local e acompanham o resgate das v\u00edtimas. Quando a crian\u00e7a \u00e9 resgatada, todos celebram (veja abaixo):<\/p>\n<ul>\n<li>Um avi\u00e3o de pequeno porte explodiu em uma praia de Ubatuba, no litoral de S\u00e3o Paulo, na manh\u00e3 desta quinta-feira (9\/1);<\/li>\n<li>A aeronave tentou pousar no aeroporto da cidade, mas ultrapassou a pista e explodiu nas areias da praia do Cruzeiro;<\/li>\n<li>Ubatuba enfrentava m\u00e1s condi\u00e7\u00f5es de tempo no momento da queda;<\/li>\n<li>Estavam dentro do avi\u00e3o: 3 adultos e 2 crian\u00e7as. O piloto morreu, segundo a prefeitura de Ubatuba;<\/li>\n<li>Ap\u00f3s a tentativa de pouso, o ve\u00edculo ultrapassou a pista e atingiu 3 pedestres;<\/li>\n<li>A aeronave saiu do Aeroporto Municipal de Mineiros, em Goi\u00e1s, e pertencia \u00e0 fam\u00edlia do produtor rural Nelvo Fries, conforme os dados do<\/li>\n<li>Registro Aeron\u00e1utico Brasileiro (RAB) da Ag\u00eancia Nacional de Avia\u00e7\u00e3o Civil (Anac).<\/li>\n<\/ul>\n<p><strong>Quem eram passageiros<\/strong><br \/>Passageiros do avi\u00e3o que ultrapassou a pista e explodiu no mar em Ubatuba, no litoral norte do estado, eram da fam\u00edlia do produtor rural Nelvo Fries, de acordo com informa\u00e7\u00f5es de integrantes da empresa dele, a Agr\u00edcola Fries.\n<\/p>\n<p>Entre os ocupantes da aeronave estavam a empres\u00e1ria Mireylle Fries, que \u00e9 s\u00f3cia da aeronave, seu marido e dois filhos. O piloto, identificado como Paulo Seguetto, morreu no acidente.\n<\/p>\n<p>Mireylle e sua fam\u00edlia foram levadas para a Santa Casa de Ubatuba. O estado de sa\u00fade das v\u00edtimas n\u00e3o foi divulgado.\n<\/p>\n<p>Fries \u00e9 dono de propriedades rurais em Goi\u00e1s. Os dados da aeronave, de modelo Cessna Citation 525 CJ1 e prefixo PR-GFS, atestam que ele det\u00e9m 33,3% da cota do avi\u00e3o, seguido por outros integrantes da fam\u00edlia, como Celso Fries (33,3%) e Maria Gertrudes Fries (16,6%).\n<\/p>\n<p>Fonte: Metr\u00f3poles              <\/p>\n<\/div>\n<p><br \/>\n<br \/><a href=\"https:\/\/diariodobrasilnoticias.com.br\/noticia\/video-mostra-resgate-de-crianca-apos-aviao-explodir-em-ubatuba-assista-677ffce44b94c\">Source link <\/a><\/p>","protected":false},"excerpt":{"rendered":"<p>Testemunhas registraram o resgate de uma das crian\u00e7as que estava a bordo do avi\u00e3o de pequeno porte que explodiu em Ubatuba, no litoral de S\u00e3o Paulo, nesta quinta-feira (9\/1). Al\u00e9m&hellip;<\/p>","protected":false},"author":1,"featured_media":89816,"comment_status":"closed","ping_status":"open","sticky":false,"template":"","format":"standard","meta":{"content-type":"","footnotes":""},"categories":[16],"tags":[123,2448,5313,1267],"class_list":["post-89815","post","type-post","status-publish","format-standard","has-post-thumbnail","hentry","category-noticias","tag-brasil","tag-diario","tag-noticia","tag-noticias"],"_links":{"self":[{"href":"https:\/\/tvbrazilusa.com\/pt\/wp-json\/wp\/v2\/posts\/89815","targetHints":{"allow":["GET"]}}],"collection":[{"href":"https:\/\/tvbrazilusa.com\/pt\/wp-json\/wp\/v2\/posts"}],"about":[{"href":"https:\/\/tvbrazilusa.com\/pt\/wp-json\/wp\/v2\/types\/post"}],"author":[{"embeddable":true,"href":"https:\/\/tvbrazilusa.com\/pt\/wp-json\/wp\/v2\/users\/1"}],"replies":[{"embeddable":true,"href":"https:\/\/tvbrazilusa.com\/pt\/wp-json\/wp\/v2\/comments?post=89815"}],"version-history":[{"count":1,"href":"https:\/\/tvbrazilusa.com\/pt\/wp-json\/wp\/v2\/posts\/89815\/revisions"}],"predecessor-version":[{"id":89817,"href":"https:\/\/tvbrazilusa.com\/pt\/wp-json\/wp\/v2\/posts\/89815\/revisions\/89817"}],"wp:featuredmedia":[{"embeddable":true,"href":"https:\/\/tvbrazilusa.com\/pt\/wp-json\/wp\/v2\/media\/89816"}],"wp:attachment":[{"href":"https:\/\/tvbrazilusa.com\/pt\/wp-json\/wp\/v2\/media?parent=89815"}],"wp:term":[{"taxonomy":"category","embeddable":true,"href":"https:\/\/tvbrazilusa.com\/pt\/wp-json\/wp\/v2\/categories?post=89815"},{"taxonomy":"post_tag","embeddable":true,"href":"https:\/\/tvbrazilusa.com\/pt\/wp-json\/wp\/v2\/tags?post=89815"}],"curies":[{"name":"wp","href":"https:\/\/api.w.org\/{rel}","templated":true}]}}