{"id":89824,"date":"2025-01-09T19:33:05","date_gmt":"2025-01-09T19:33:05","guid":{"rendered":"https:\/\/tvbrazilusa.com\/2025\/01\/09\/atriz-de-007-revela-que-sofreu-agressao-sexual-aos-15-anos\/"},"modified":"2025-01-09T19:33:06","modified_gmt":"2025-01-09T19:33:06","slug":"atriz-de-007-revela-que-sofreu-agressao-sexual-aos-15-anos","status":"publish","type":"post","link":"https:\/\/tvbrazilusa.com\/pt\/2025\/01\/09\/atriz-de-007-revela-que-sofreu-agressao-sexual-aos-15-anos\/","title":{"rendered":"Atriz de 007 revela que sofreu agress\u00e3o sexual aos 15 anos"},"content":{"rendered":"<p> <script async src=\"https:\/\/pagead2.googlesyndication.com\/pagead\/js\/adsbygoogle.js?client=ca-pub-8864793242727901\"\r\n     crossorigin=\"anonymous\"><\/script><br \/>\n<\/p>\n<div id=\"taboola-read-more\" style=\"display:block; width:100%\">\n<p>A atriz Denise Richards revelou que sofreu agress\u00e3o sexual quando tinha 15 anos. Agora com 53, ela relembrou a situa\u00e7\u00e3o e disse que ainda n\u00e3o superou o trauma.\n<\/p>\n<p>O que aconteceu<\/p>\n<p>Denise contou que tinha 15 anos quando foi perseguida e agredida sexualmente por um homem. \u201cEle veio por tr\u00e1s de mim, colocou a m\u00e3o em volta da minha boca, agarrou minha vagina e come\u00e7ou a me arrastar, e eu congelei. N\u00e3o consegui nem gritar por ajuda\u201d, contou durante um epis\u00f3dio do reality For\u00e7as Especiais: O Teste Mais Dif\u00edcil do Mundo, da Fox.\n<\/p>\n<p>Ela explicou que o trauma ainda a assusta e que s\u00f3 havia contado isso para o marido, Aaron Phypers. A atriz explicou tamb\u00e9m que \u00e9 assustador ainda ser \u201ct\u00e3o vulner\u00e1vel\u201d, mas que n\u00e3o sabe se conseguiria superar o passado.\n<\/p>\n<p>A atriz tamb\u00e9m falou sobre outra situa\u00e7\u00e3o ruim que passou, dessa vez com o marido. Segundo o relato, eles estavam a caminho de um set de grava\u00e7\u00e3o e a caminhonete que Phypers dirigia foi atingida por tiros. \u201cEu sentei no ch\u00e3o e, literalmente, fiz xixi. Eu estava com tanto medo\u2026 eu congelei.\u201d\n<\/p>\n<p>Os traumas da artista, que estrelou filmes como 007 \u2013 O Mundo N\u00e3o \u00e9 o Bastante e Lindas de Morrer, foram revelados ap\u00f3s ela congelar durante um desafio do For\u00e7as Especiais. Ela precisaria pular de um barco para um helic\u00f3ptero que pairava no ar e chegar \u00e0 cabine da aeronave.\n<\/p>\n<p>\u201cEu realmente quero aprender a n\u00e3o ser dominada pelo medo. Eu passei por situa\u00e7\u00f5es traum\u00e1ticas que foram muito aterrorizantes para mim. Eu quero aprender a lidar com essas quest\u00f5es e ser mais forte\u201d, afirmou.\n<\/p>\n<p>Fonte: Metr\u00f3poles              <\/p>\n<\/div>\n<p><br \/>\n<br \/><a href=\"https:\/\/diariodobrasilnoticias.com.br\/noticia\/atriz-de-007-revela-que-sofreu-agressao-sexual-aos-15-anos-678009c0cca05\">Source link <\/a><\/p>","protected":false},"excerpt":{"rendered":"<p>A atriz Denise Richards revelou que sofreu agress\u00e3o sexual quando tinha 15 anos. Agora com 53, ela relembrou a situa\u00e7\u00e3o e disse que ainda n\u00e3o superou o trauma. O que&hellip;<\/p>","protected":false},"author":1,"featured_media":89825,"comment_status":"closed","ping_status":"open","sticky":false,"template":"","format":"standard","meta":{"content-type":"","footnotes":""},"categories":[16],"tags":[123,2448,5313,1267],"class_list":["post-89824","post","type-post","status-publish","format-standard","has-post-thumbnail","hentry","category-noticias","tag-brasil","tag-diario","tag-noticia","tag-noticias"],"_links":{"self":[{"href":"https:\/\/tvbrazilusa.com\/pt\/wp-json\/wp\/v2\/posts\/89824","targetHints":{"allow":["GET"]}}],"collection":[{"href":"https:\/\/tvbrazilusa.com\/pt\/wp-json\/wp\/v2\/posts"}],"about":[{"href":"https:\/\/tvbrazilusa.com\/pt\/wp-json\/wp\/v2\/types\/post"}],"author":[{"embeddable":true,"href":"https:\/\/tvbrazilusa.com\/pt\/wp-json\/wp\/v2\/users\/1"}],"replies":[{"embeddable":true,"href":"https:\/\/tvbrazilusa.com\/pt\/wp-json\/wp\/v2\/comments?post=89824"}],"version-history":[{"count":1,"href":"https:\/\/tvbrazilusa.com\/pt\/wp-json\/wp\/v2\/posts\/89824\/revisions"}],"predecessor-version":[{"id":89826,"href":"https:\/\/tvbrazilusa.com\/pt\/wp-json\/wp\/v2\/posts\/89824\/revisions\/89826"}],"wp:featuredmedia":[{"embeddable":true,"href":"https:\/\/tvbrazilusa.com\/pt\/wp-json\/wp\/v2\/media\/89825"}],"wp:attachment":[{"href":"https:\/\/tvbrazilusa.com\/pt\/wp-json\/wp\/v2\/media?parent=89824"}],"wp:term":[{"taxonomy":"category","embeddable":true,"href":"https:\/\/tvbrazilusa.com\/pt\/wp-json\/wp\/v2\/categories?post=89824"},{"taxonomy":"post_tag","embeddable":true,"href":"https:\/\/tvbrazilusa.com\/pt\/wp-json\/wp\/v2\/tags?post=89824"}],"curies":[{"name":"wp","href":"https:\/\/api.w.org\/{rel}","templated":true}]}}