{"id":89842,"date":"2025-01-09T19:19:00","date_gmt":"2025-01-09T19:19:00","guid":{"rendered":"https:\/\/tvbrazilusa.com\/2025\/01\/09\/cinco-presidentes-se-despedem-de-jimmy-carter\/"},"modified":"2025-01-09T19:56:03","modified_gmt":"2025-01-09T19:56:03","slug":"cinco-presidentes-se-despedem-de-jimmy-carter","status":"publish","type":"post","link":"https:\/\/tvbrazilusa.com\/pt\/2025\/01\/09\/cinco-presidentes-se-despedem-de-jimmy-carter\/","title":{"rendered":"Cinco presidentes se despedem de Jimmy Carter"},"content":{"rendered":"<p> <script async src=\"https:\/\/pagead2.googlesyndication.com\/pagead\/js\/adsbygoogle.js?client=ca-pub-8864793242727901\"\r\n     crossorigin=\"anonymous\"><\/script><br \/>\n<br \/>O ex-presidente Jimmy Carter foi lembrado na quinta-feira como um homem \u00e0 frente de seu tempo que deixa seu pa\u00eds e o mundo em melhor situa\u00e7\u00e3o por seus servi\u00e7os.<br \/>\n<br \/><br \/>\n<br \/><a href=\"https:\/\/www.henryherald.com\/news\/five-presidents-say-goodbye-to-jimmy-carter\/article_afc635e4-8ecf-56ef-8e71-5f30506aeeb0.html\">Source link <\/a><\/p>","protected":false},"excerpt":{"rendered":"<p>O ex-presidente Jimmy Carter foi lembrado na quinta-feira como um homem \u00e0 frente de seu tempo que deixa seu pa\u00eds e o mundo em melhor situa\u00e7\u00e3o por seus servi\u00e7os. Source&hellip;<\/p>","protected":false},"author":1,"featured_media":7776,"comment_status":"closed","ping_status":"open","sticky":false,"template":"","format":"standard","meta":{"content-type":"","footnotes":""},"categories":[1],"tags":[1267],"class_list":["post-89842","post","type-post","status-publish","format-standard","has-post-thumbnail","hentry","category-uncategorized","tag-noticias"],"_links":{"self":[{"href":"https:\/\/tvbrazilusa.com\/pt\/wp-json\/wp\/v2\/posts\/89842","targetHints":{"allow":["GET"]}}],"collection":[{"href":"https:\/\/tvbrazilusa.com\/pt\/wp-json\/wp\/v2\/posts"}],"about":[{"href":"https:\/\/tvbrazilusa.com\/pt\/wp-json\/wp\/v2\/types\/post"}],"author":[{"embeddable":true,"href":"https:\/\/tvbrazilusa.com\/pt\/wp-json\/wp\/v2\/users\/1"}],"replies":[{"embeddable":true,"href":"https:\/\/tvbrazilusa.com\/pt\/wp-json\/wp\/v2\/comments?post=89842"}],"version-history":[{"count":1,"href":"https:\/\/tvbrazilusa.com\/pt\/wp-json\/wp\/v2\/posts\/89842\/revisions"}],"predecessor-version":[{"id":89843,"href":"https:\/\/tvbrazilusa.com\/pt\/wp-json\/wp\/v2\/posts\/89842\/revisions\/89843"}],"wp:featuredmedia":[{"embeddable":true,"href":"https:\/\/tvbrazilusa.com\/pt\/wp-json\/wp\/v2\/media\/7776"}],"wp:attachment":[{"href":"https:\/\/tvbrazilusa.com\/pt\/wp-json\/wp\/v2\/media?parent=89842"}],"wp:term":[{"taxonomy":"category","embeddable":true,"href":"https:\/\/tvbrazilusa.com\/pt\/wp-json\/wp\/v2\/categories?post=89842"},{"taxonomy":"post_tag","embeddable":true,"href":"https:\/\/tvbrazilusa.com\/pt\/wp-json\/wp\/v2\/tags?post=89842"}],"curies":[{"name":"wp","href":"https:\/\/api.w.org\/{rel}","templated":true}]}}