{"id":89850,"date":"2025-01-09T20:11:34","date_gmt":"2025-01-09T20:11:34","guid":{"rendered":"https:\/\/tvbrazilusa.com\/2025\/01\/09\/estado-do-brasil-confirma-1o-caso-de-raiva-humana-apos-8-anos\/"},"modified":"2025-01-09T20:11:36","modified_gmt":"2025-01-09T20:11:36","slug":"estado-do-brasil-confirma-1o-caso-de-raiva-humana-apos-8-anos","status":"publish","type":"post","link":"https:\/\/tvbrazilusa.com\/pt\/2025\/01\/09\/estado-do-brasil-confirma-1o-caso-de-raiva-humana-apos-8-anos\/","title":{"rendered":"Estado do Brasil confirma 1\u00ba caso de raiva humana ap\u00f3s 8 anos"},"content":{"rendered":"<p> <script async src=\"https:\/\/pagead2.googlesyndication.com\/pagead\/js\/adsbygoogle.js?client=ca-pub-8864793242727901\"\r\n     crossorigin=\"anonymous\"><\/script><br \/>\n<\/p>\n<div id=\"taboola-read-more\" style=\"display:block; width:100%\">\n<p>A SES-PE (Secretaria Estadual de Sa\u00fade de Pernambuco) confirmou nesta 5\u00aa feira (9.jan.2025) que identificou o 1\u00ba caso de raiva humana depois de 8 anos sem registro da doen\u00e7a. A paciente \u00e9 uma mulher de 56 anos, que foi atacada por um sagui e apresentou uma les\u00e3o na m\u00e3o esquerda. Ela est\u00e1 internada no Hospital Universit\u00e1rio Oswaldo Cruz da Universidade de Pernambuco.\n<\/p>\n<p>O laudo do exame que identificou a raiva mostrou que o v\u00edrus encontrado \u00e9 de origem silvestre. Segundo relatos da investiga\u00e7\u00e3o, nos dias anteriores ao contato da paciente com o animal, ocorreram queimadas na regi\u00e3o, o que resultou na fuga do animal da mata e contato com a mulher. Ela deu entrada no hospital em 31 de dezembro, com quadro de dorm\u00eancia, dores e fraqueza.<\/p>\n<p>A paciente foi atendida em 31 de dezembro e em 2 de janeiro teve uma piora, indo para a ventila\u00e7\u00e3o mec\u00e2nica e apresentando um quadro neurol\u00f3gico grave de agita\u00e7\u00e3o, al\u00e9m de insufici\u00eancia respirat\u00f3ria.\n<\/p>\n<p>\u201cDe l\u00e1 para c\u00e1 n\u00e3o precisou de suporte, urina bem, n\u00e3o tem sinais de infec\u00e7\u00e3o bacteriana secund\u00e1ria e est\u00e1 seguindo sob seda\u00e7\u00e3o profunda. Continua sendo monitorada pela equipe m\u00e9dica acerca de poss\u00edveis complica\u00e7\u00f5es da doen\u00e7a, seguindo com o tratamento e observando caso apare\u00e7a algum aumento significativo dessas dificuldades\u201d, afirmou a m\u00e9dica Ana Fl\u00e1via Campos.\n<\/p>\n<p>Em caso de agress\u00e3o de animais silvestres, a SES-PE disse que a 1\u00aa medida de preven\u00e7\u00e3o \u00e9 procurar assist\u00eancia m\u00e9dica para que seja realizada a profilaxia e depois da an\u00e1lise do profissional de sa\u00fade, ser\u00e1 indicada a aplica\u00e7\u00e3o de vacina e\/ou soro.\n<\/p>\n<p>A doen\u00e7a<br \/>A raiva \u00e9 uma doen\u00e7a infecciosa viral aguda causada pelo v\u00edrus do g\u00eanero Lyssavirus, com taxa de letalidade de 100%. De acordo com o Minist\u00e9rio da Sa\u00fade, de 2010 a 2024, foram registrados 48 casos de raiva humana no Brasil. A raiva pode ser transmitida ao ser humano atrav\u00e9s de mordedura, arranhadura ou lambedura de um animal infectado.\n<\/p>\n<p>Se o ser humano tiver contato com o animal infectado (atrav\u00e9s de mordedura, arranhadura ou lambedura), depois do per\u00edodo de incuba\u00e7\u00e3o, que varia de 2 a 10 dias, pode apresentar: mal-estar geral, pequeno aumento de temperatura, anorexia, cefaleia, n\u00e1useas, dor de garganta, entorpecimento, irritabilidade, inquietude e sensa\u00e7\u00e3o de ang\u00fastia.\n<\/p>\n<p>Fonte: Poder 360              <\/p>\n<\/div>\n<p><br \/>\n<br \/><a href=\"https:\/\/diariodobrasilnoticias.com.br\/noticia\/estado-do-brasil-confirma-1-caso-de-raiva-humana-apos-8-anos-67800fae62dca\">Source link <\/a><\/p>","protected":false},"excerpt":{"rendered":"<p>A SES-PE (Secretaria Estadual de Sa\u00fade de Pernambuco) confirmou nesta 5\u00aa feira (9.jan.2025) que identificou o 1\u00ba caso de raiva humana depois de 8 anos sem registro da doen\u00e7a. A&hellip;<\/p>","protected":false},"author":1,"featured_media":89851,"comment_status":"closed","ping_status":"open","sticky":false,"template":"","format":"standard","meta":{"content-type":"","footnotes":""},"categories":[16],"tags":[123,2448,5313,1267],"class_list":["post-89850","post","type-post","status-publish","format-standard","has-post-thumbnail","hentry","category-noticias","tag-brasil","tag-diario","tag-noticia","tag-noticias"],"_links":{"self":[{"href":"https:\/\/tvbrazilusa.com\/pt\/wp-json\/wp\/v2\/posts\/89850","targetHints":{"allow":["GET"]}}],"collection":[{"href":"https:\/\/tvbrazilusa.com\/pt\/wp-json\/wp\/v2\/posts"}],"about":[{"href":"https:\/\/tvbrazilusa.com\/pt\/wp-json\/wp\/v2\/types\/post"}],"author":[{"embeddable":true,"href":"https:\/\/tvbrazilusa.com\/pt\/wp-json\/wp\/v2\/users\/1"}],"replies":[{"embeddable":true,"href":"https:\/\/tvbrazilusa.com\/pt\/wp-json\/wp\/v2\/comments?post=89850"}],"version-history":[{"count":1,"href":"https:\/\/tvbrazilusa.com\/pt\/wp-json\/wp\/v2\/posts\/89850\/revisions"}],"predecessor-version":[{"id":89852,"href":"https:\/\/tvbrazilusa.com\/pt\/wp-json\/wp\/v2\/posts\/89850\/revisions\/89852"}],"wp:featuredmedia":[{"embeddable":true,"href":"https:\/\/tvbrazilusa.com\/pt\/wp-json\/wp\/v2\/media\/89851"}],"wp:attachment":[{"href":"https:\/\/tvbrazilusa.com\/pt\/wp-json\/wp\/v2\/media?parent=89850"}],"wp:term":[{"taxonomy":"category","embeddable":true,"href":"https:\/\/tvbrazilusa.com\/pt\/wp-json\/wp\/v2\/categories?post=89850"},{"taxonomy":"post_tag","embeddable":true,"href":"https:\/\/tvbrazilusa.com\/pt\/wp-json\/wp\/v2\/tags?post=89850"}],"curies":[{"name":"wp","href":"https:\/\/api.w.org\/{rel}","templated":true}]}}